{"id":1647,"date":"2017-07-04T07:47:20","date_gmt":"2017-07-04T06:47:20","guid":{"rendered":"https:\/\/diba.ccoo.cat\/?p=1647"},"modified":"2023-02-22T19:14:45","modified_gmt":"2023-02-22T18:14:45","slug":"borsa-extraordinaria-del-personal-auxiliar-geriatria-i-deducadors-2","status":"publish","type":"post","link":"https:\/\/ccoo.app\/diputacio-de-barcelona\/borsa-extraordinaria-del-personal-auxiliar-geriatria-i-deducadors-2\/","title":{"rendered":"BORSA EXTRAORDIN\u00c0RIA DEL PERSONAL AUXILIAR GERIATRIA I D\u2019EDUCADORS"},"content":{"rendered":"<div id=\"pl-1647\" class=\"panel-layout\">\n<div id=\"pg-1647-0\" class=\"panel-grid panel-no-style\">\n<div id=\"pgc-1647-0-0\" class=\"panel-grid-cell\">\n<div id=\"panel-1647-0-0-0\" class=\"so-panel widget widget_sow-editor panel-first-child panel-last-child\">\n<div class=\"so-widget-sow-editor so-widget-sow-editor-base\">\n<div class=\"siteorigin-widget-tinymce textwidget\">\n<p>\u00a0<\/p>\n<figure id=\"attachment_189\" aria-describedby=\"caption-attachment-189\" style=\"width: 459px\" class=\"wp-caption aligncenter\"><img loading=\"lazy\" decoding=\"async\" class=\"wp-image-189\" title=\"Secci\u00f3 Sindical de la Diutaci\u00f3 de Barcelona de la Federaci\u00f3 Sindical de Catalunya\" src=\"http:\/\/ccoo.app\/diputacio-de-barcelona\/wp-content\/blogs.dir\/6\/files\/sites\/186\/2015\/12\/ccoo-fsc-cat.png\" alt=\"Secci\u00f3 Sindical de la Diputaci\u00f3 de Barcelona de la Federaci\u00f3 Sindical de Catalunya\" width=\"469\" height=\"90\" \/><figcaption id=\"caption-attachment-189\" class=\"wp-caption-text\">Secci\u00f3 Sindical de la Diputaci\u00f3 de Barcelona<\/figcaption><\/figure>\n<h3 style=\"text-align: center\">\u00a0<\/h3>\n<\/div>\n<\/div>\n<\/div>\n<\/div>\n<\/div>\n<div id=\"pg-1647-1\" class=\"panel-grid panel-no-style\">\n<div id=\"pgc-1647-1-0\" class=\"panel-grid-cell\">\n<div id=\"panel-1647-1-0-0\" class=\"so-panel widget widget_sow-editor panel-first-child panel-last-child\">\n<div class=\"so-widget-sow-editor so-widget-sow-editor-base\">\n<div class=\"siteorigin-widget-tinymce textwidget\">\n<h1 style=\"text-align: center\"><span style=\"color: #ff0000\"><strong>BORSA EXTRAORDIN\u00c0RIA DEL PERSONAL AUXILIAR GERIATRIA I D\u2019EDUCADORS<\/strong><\/span><\/h1>\n<h3><strong>LA CONCENTRACI\u00d3 DEL PERSONAL DE RESPIR ACABA AMB UNA REUNI\u00d3 AMB LA GER\u00c8NCIA DE SERVEIS RESIDENCIALS D&#8217;ESTADES TEMPORALS I RESPIR<\/strong><\/h3>\n<p>En primer lloc, volem felicitar al personal de Mundet\u00a0per\u00a0l\u2019important suport donat a la convocat\u00f2ria.\u00a0\u00a0<\/p>\n<p>Reunits a la porta del pavell\u00f3 Nord hem expressat que:\u00a0<\/p>\n<ul>\n<li>No entenem perqu\u00e8 s\u2019ha de realitzar una nova convocat\u00f2ria quan la corporaci\u00f3 ja ha expressat la seva voluntat d\u2019obrir\u00a0un nou proc\u00e9s el pr\u00f2xim any 2018.<\/li>\n<li>Que en qualsevol cas, s\u2019obri un proc\u00e9s extraordinari per incloure als que no estiguin en l\u2019actual borsa i no han passat cap proc\u00e9s selectiu.<\/li>\n<li>El moment escollit \u00e9s del tot inoport\u00fa tenint en compte que ja estem en el per\u00edode\u00a0vacacional. Per qu\u00e8 la manca de planificaci\u00f3 i anticipaci\u00f3 ha de repercutir ara a tot el personal?<\/li>\n<\/ul>\n<p>Posteriorment a la concentraci\u00f3, els sindicats convocants ens hem reunit amb la ger\u00e8ncia.\u00a0Aquesta\u00a0ens ha confirmat que ja tenen planificades totes les substitucions de l\u2019estiu. Per tant, amb m\u00e9s ra\u00f3 encara, ens preguntem: quin sentit t\u00e9 convocar al mes de juliol unes noves borses?<\/p>\n<p>La\u00a0ger\u00e8ncia ens va\u00a0voler deixar clar\u00a0que no els hi correspon a ells decidir quan es convoca un nou proc\u00e9s sin\u00f3 a la\u00a0DSRH.\u00a0\u00a0<\/p>\n<p>En qualsevol cas, s\u2019hauria de donar m\u00e9s celeritat a altres processos com per exemple la borsa de metge\/essa o d\u2019infermer\/a, a que s\u2019est\u00e0 esperant per tirar-los endavant?\u00a0No estem parlant que es faci ara, per\u00f2 si volem deixar clar que per una banda es vol tirar endavant nous processos en ple estiu i per una altra banda es tenen paralitzades\u00a0des de fa mesos altres borses que tamb\u00e9 ens consta que s\u00f3n molt necess\u00e0ries. Alg\u00fa ent\u00e9n alguna cosa?\u00a0\u00a0<\/p>\n<p>Esperem que s\u2019escolti al personal i no s\u2019obri un proc\u00e9s extraordinari en aquests moments.\u00a0<\/p>\n<p>\u00a0<\/p>\n<p style=\"text-align: center\">* \u00a0* \u00a0* \u00a0* \u00a0*<\/p>\n<\/div>\n<\/div>\n<\/div>\n<\/div>\n<\/div>\n<div id=\"pg-1647-2\" class=\"panel-grid panel-no-style\">\n<div id=\"pgc-1647-2-0\" class=\"panel-grid-cell\">\n<div id=\"panel-1647-2-0-0\" class=\"so-panel widget widget_sow-editor panel-first-child panel-last-child\">\n<div class=\"so-widget-sow-editor so-widget-sow-editor-base\">\n<div class=\"siteorigin-widget-tinymce textwidget\">\n<p><img loading=\"lazy\" decoding=\"async\" class=\"alignleft wp-image-226\" src=\"http:\/\/ccoo.app\/diputacio-de-barcelona\/wp-content\/blogs.dir\/6\/files\/sites\/186\/2016\/04\/estem-decidits-acontinuar-lluitant.png\" alt=\"Estem decidits a continuar lluitant !\" width=\"213\" height=\"89\" \/><\/p>\n<p><img loading=\"lazy\" decoding=\"async\" class=\"wp-image-262 alignright\" src=\"http:\/\/ccoo.app\/diputacio-de-barcelona\/wp-content\/blogs.dir\/6\/files\/sites\/186\/2016\/04\/afiliat_ccoo_cat.gif\" alt=\"Tota la informaci\u00f3 de com afiliar-se a CCOO Catalunya i forlmulari d'alta o baxia.\" width=\"90\" height=\"80\" \/><\/p>\n<p><img loading=\"lazy\" decoding=\"async\" class=\"wp-image-227 aligncenter\" src=\"http:\/\/ccoo.app\/diputacio-de-barcelona\/wp-content\/blogs.dir\/6\/files\/sites\/186\/2016\/04\/logo-peu-300x69.png\" alt=\"logo-peu\" width=\"952\" height=\"219\" srcset=\"https:\/\/ccoo.app\/diputacio-de-barcelona\/wp-content\/blogs.dir\/6\/files\/sites\/186\/2016\/04\/logo-peu-300x69.png 300w, https:\/\/ccoo.app\/diputacio-de-barcelona\/wp-content\/blogs.dir\/6\/files\/sites\/186\/2016\/04\/logo-peu.png 557w\" sizes=\"auto, (max-width: 952px) 100vw, 952px\" \/><\/p>\n<p style=\"text-align: center\"><small><\/small><small>Formulari d&#8217;<a href=\"\/afiliat\/\">alta<\/a>, <a href=\"\/afiliat\/\">baixa <\/a>o <a href=\"\/afiliat\/\">modificaci\u00f3 <\/a>de les dades personals o<br \/> contacta&#8217;ns a trav\u00e9s del tel\u00e8fon<strong> 934 022 985<\/strong> o correu: <a href=\"mailto:ccoo@diba.cat\"><strong>ccoo@diba.cat<\/strong><\/a><\/small><\/p>\n<\/div>\n<\/div>\n<\/div>\n<\/div>\n<\/div>\n<\/div>\n","protected":false},"excerpt":{"rendered":"<p>\u00a0 \u00a0 BORSA EXTRAORDIN\u00c0RIA DEL PERSONAL AUXILIAR GERIATRIA I D\u2019EDUCADORS LA CONCENTRACI\u00d3 DEL PERSONAL DE RESPIR ACABA AMB UNA REUNI\u00d3 AMB LA GER\u00c8NCIA DE SERVEIS RESIDENCIALS D&#8217;ESTADES TEMPORALS I RESPIR &#8230; <\/p>\n<p class=\"read-more-container\"><a title=\"BORSA EXTRAORDIN\u00c0RIA DEL PERSONAL AUXILIAR GERIATRIA I D\u2019EDUCADORS\" class=\"read-more button\" href=\"https:\/\/ccoo.app\/diputacio-de-barcelona\/borsa-extraordinaria-del-personal-auxiliar-geriatria-i-deducadors-2\/#more-1647\" aria-label=\"Leer m\u00e1s sobre BORSA EXTRAORDIN\u00c0RIA DEL PERSONAL AUXILIAR GERIATRIA I D\u2019EDUCADORS\">Continuar llegint<\/a><\/p>\n","protected":false},"author":4519,"featured_media":255,"comment_status":"open","ping_status":"open","sticky":false,"template":"","format":"standard","meta":{"footnotes":""},"categories":[38,19,33,34,35],"tags":[180],"class_list":["post-1647","post","type-post","status-publish","format-standard","has-post-thumbnail","hentry","category-a-tot-el-personal","category-comunicats","category-propostes-sindicals","category-respir","category-salut-laboral","tag-personal-interi","generate-columns","tablet-grid-50","mobile-grid-100","grid-parent","grid-50"],"_links":{"self":[{"href":"https:\/\/ccoo.app\/diputacio-de-barcelona\/wp-json\/wp\/v2\/posts\/1647","targetHints":{"allow":["GET"]}}],"collection":[{"href":"https:\/\/ccoo.app\/diputacio-de-barcelona\/wp-json\/wp\/v2\/posts"}],"about":[{"href":"https:\/\/ccoo.app\/diputacio-de-barcelona\/wp-json\/wp\/v2\/types\/post"}],"author":[{"embeddable":true,"href":"https:\/\/ccoo.app\/diputacio-de-barcelona\/wp-json\/wp\/v2\/users\/4519"}],"replies":[{"embeddable":true,"href":"https:\/\/ccoo.app\/diputacio-de-barcelona\/wp-json\/wp\/v2\/comments?post=1647"}],"version-history":[{"count":1,"href":"https:\/\/ccoo.app\/diputacio-de-barcelona\/wp-json\/wp\/v2\/posts\/1647\/revisions"}],"predecessor-version":[{"id":52223,"href":"https:\/\/ccoo.app\/diputacio-de-barcelona\/wp-json\/wp\/v2\/posts\/1647\/revisions\/52223"}],"wp:featuredmedia":[{"embeddable":true,"href":"https:\/\/ccoo.app\/diputacio-de-barcelona\/wp-json\/wp\/v2\/media\/255"}],"wp:attachment":[{"href":"https:\/\/ccoo.app\/diputacio-de-barcelona\/wp-json\/wp\/v2\/media?parent=1647"}],"wp:term":[{"taxonomy":"category","embeddable":true,"href":"https:\/\/ccoo.app\/diputacio-de-barcelona\/wp-json\/wp\/v2\/categories?post=1647"},{"taxonomy":"post_tag","embeddable":true,"href":"https:\/\/ccoo.app\/diputacio-de-barcelona\/wp-json\/wp\/v2\/tags?post=1647"}],"curies":[{"name":"wp","href":"https:\/\/api.w.org\/{rel}","templated":true}]}}