{"id":1631,"date":"2017-06-28T13:10:45","date_gmt":"2017-06-28T12:10:45","guid":{"rendered":"https:\/\/diba.ccoo.cat\/?p=1631"},"modified":"2023-02-22T19:14:49","modified_gmt":"2023-02-22T18:14:49","slug":"porcs-senglars-a-mundet-i-bruticia","status":"publish","type":"post","link":"https:\/\/ccoo.app\/diputacio-de-barcelona\/porcs-senglars-a-mundet-i-bruticia\/","title":{"rendered":"PORCS SENGLARS A MUNDET I BRUT\u00cdCIA"},"content":{"rendered":"<div id=\"pl-1631\" class=\"panel-layout\">\n<div id=\"pg-1631-0\" class=\"panel-grid panel-no-style\">\n<div id=\"pgc-1631-0-0\" class=\"panel-grid-cell\">\n<div id=\"panel-1631-0-0-0\" class=\"so-panel widget widget_sow-editor panel-first-child panel-last-child\">\n<div class=\"so-widget-sow-editor so-widget-sow-editor-base\">\n<div class=\"siteorigin-widget-tinymce textwidget\">\n<p>\u00a0<\/p>\n<figure id=\"attachment_189\" aria-describedby=\"caption-attachment-189\" style=\"width: 459px\" class=\"wp-caption aligncenter\"><img loading=\"lazy\" decoding=\"async\" class=\"wp-image-189\" title=\"Secci\u00f3 Sindical de la Diutaci\u00f3 de Barcelona de la Federaci\u00f3 Sindical de Catalunya\" src=\"http:\/\/ccoo.app\/diputacio-de-barcelona\/wp-content\/blogs.dir\/6\/files\/sites\/186\/2015\/12\/ccoo-fsc-cat.png\" alt=\"Secci\u00f3 Sindical de la Diputaci\u00f3 de Barcelona de la Federaci\u00f3 Sindical de Catalunya\" width=\"469\" height=\"90\" \/><figcaption id=\"caption-attachment-189\" class=\"wp-caption-text\">Secci\u00f3 Sindical de la Diputaci\u00f3 de Barcelona<\/figcaption><\/figure>\n<h3 style=\"text-align: center\">\u00a0<\/h3>\n<\/div>\n<\/div>\n<\/div>\n<\/div>\n<\/div>\n<div id=\"pg-1631-1\" class=\"panel-grid panel-no-style\">\n<div id=\"pgc-1631-1-0\" class=\"panel-grid-cell\">\n<div id=\"panel-1631-1-0-0\" class=\"so-panel widget widget_sow-editor panel-first-child panel-last-child\">\n<div class=\"so-widget-sow-editor so-widget-sow-editor-base\">\n<div class=\"siteorigin-widget-tinymce textwidget\">\n<h3 style=\"text-align: center\"><strong><span style=\"color: #ff0000\"><span class=\"TextRun Highlight SCXW216235452\" lang=\"CA-ES\" xml:lang=\"CA-ES\"><span class=\"NormalTextRun SCXW216235452\">PORCS SENGLARS A MUNDET I BRUT\u00cdCIA<\/span><\/span><\/span><\/strong><\/h3>\n<p>Despr\u00e9s de reiterades peticions de CCOO, al mes de Maig, ens van informar que donarien solucions a la situaci\u00f3 dels porcs senglars que bolquen\u00a0els contenidors d\u2019escombraries del pavell\u00f3 Nord.\u00a0Es tractaria d\u2019una cerca de fusta que n\u2019evitaria l\u2019acc\u00e9s.\u00a0<\/p>\n<p>Tot i el comprom\u00eds\u00a0adquirit per la corporaci\u00f3, dos mesos despr\u00e9s encara no s\u2019ha realitzat amb l\u2019agreujant de les altes temperatures que converteixen la zona en un entorn insalubre.<\/p>\n<p><strong>CCOO hem demanat:<\/strong>\u00a0<\/p>\n<ul>\n<li>Mesures preventives provisionals eficaces fins els comen\u00e7ament de les obres.\u00a0<\/li>\n<li>Informaci\u00f3 adient al personal per minimitzar l\u2019acc\u00e9s dels porcs senglars a les bosses de brut\u00edcia.\u00a0\u00a0<\/li>\n<li>Volem con\u00e8ixer la planificaci\u00f3\u00a0i calendari exacte\u00a0de les obres.<\/li>\n<\/ul>\n<p><strong>UN ANY M\u00c9S TORNEM A TENIR PROBLEMES AMB LA CLIMATITZACI\u00d3\u00a0AL\u00a0PAVELL\u00d3 NORD<\/strong>\u00a0<\/p>\n<p>El personal del pavell\u00f3 Nord est\u00e0 patint les conseq\u00fc\u00e8ncies dels problemes de climatitzaci\u00f3\u00a0en\u00a0determinats unitats. En alguns moments del dia, les temperatures s\u2019han situat molt per d\u2019amunt del que la normativa estableix\u00a0(per sobre del 30\u00baC).\u00a0<\/p>\n<p>\u202fDes de fa diversos anys, CCOO hem exigit solucions a la manca d\u2019una\u00a0climatitzaci\u00f3\u00a0adequada\u00a0de determinades unitats del pavell\u00f3 Nord.\u00a0\u00a0Aquest any semblava que\u00a0finalment\u00a0ho\u00a0hav\u00edem\u00a0aconseguit. Ara sembla que la nova\u00a0instal\u00b7laci\u00f3\u00a0no acaba de funcionar correctament. A m\u00e9s, encara que es repari, tampoc tenim clar si ser\u00e0 suficient per a mantenir la temperatura a totes les unitats afectades\u00a0a la temperatura que marca la normativa (per sota dels 25\u00baC).\u00a0<\/p>\n<p>\u202fEn qualsevol cas, dir-vos que estem passant cada dia per\u00a0les unitats prenent nota de la situaci\u00f3. A m\u00e9s, hem exigit a l\u2019Oficina de Prevenci\u00f3 (l\u2019OPRL) i la presidenta del\u00a0Comit\u00e8\u00a0de Seguretat i Salut que prenguin de manera urgent les mesures adients per donar soluci\u00f3 a la situaci\u00f3.\u00a0<\/p>\n<p>\u202f<strong>CCOO hem demanat:<\/strong>\u00a0<\/p>\n<ul>\n<li>En cas de nova avaria o de manca de potencia dels nous equips exigim refor\u00e7ar amb equips port\u00e0tils de refrigeraci\u00f3 (lloguer o propis) i no amb ventiladors\u00a0(que no serveixen per a res).\u00a0<\/li>\n<li>La pres\u00e8ncia d\u2019algun t\u00e8cnic\/a \u201cin situ\u201d de l\u2019Oficina de Prevenci\u00f3 per fer un seguiment de la situaci\u00f3, i sobre tot, informar\/assessorar als treballadors\/es sobre les condicions de treball i mesures preventives adients.<\/li>\n<li>Cal informar de manera adequada als treballadors\/es del Pavell\u00f3 Nord:<\/li>\n<li>Sobre les mesures de prevenci\u00f3 que s\u2019han de realitzar front aquesta situaci\u00f3 (descans, hidrataci\u00f3, vestimenta, etc&#8230;..)<\/li>\n<li>Reorganitzar les tasques que suposen m\u00e9s esfor\u00e7os.<\/li>\n<li>Recomanar\u00a0a\u00a0tot el personal que\u00a0s\u2019adrecin\u00a0al dispensari\u00a0m\u00e8dic\u00a0laboral per\u00a0ser atesos en cas de qualsevol alteraci\u00f3\u00a0de tipus m\u00e8dic\u00a0recomanant indisposicions per problemes de salut\u00a0a\u00a0conseq\u00fc\u00e8ncia de treballar a una\u00a0temperatura elevada. Tenint en compte el personal\u00a0especialment sensible\u00a0per problemes de salut (problemes respiratoris, oculars, etc&#8230;.)\u00a0<\/li>\n<\/ul>\n<p>Recordem que aquesta situaci\u00f3 no nom\u00e9s la\u00a0pateix el personal\u00a0sin\u00f3\u00a0tamb\u00e9 els usuaris. No creiem que sigui acceptable si el que volem oferir a la ciutadania es un servei\u00a0p\u00fablic\u00a0de qualitat.\u00a0<\/p>\n<p><strong>BORSA EXTRAORDIN\u00c0RIA DEL PERSONAL AUXILIAR GERIATRIA I D\u2019EDUCADORS.<\/strong>\u00a0<\/p>\n<p>A la Mesa General de Negociaci\u00f3 de mat\u00e8ries comunes reunida el dia 25 de maig de 2017 ens van informar de la intenci\u00f3 corporativa de convocar de manera urgent aquesta borsa de treball.\u00a0Ens van explicar que es\u00a0tractaria d\u2019un proc\u00e9s de car\u00e0cter extraordinari per a\u00a0<strong>TOT<\/strong>\u00a0el personal que es present\u00e9s amb la\u00a0<strong>modalitat de concurs<\/strong>\u00a0i prova de coneixements de catal\u00e0.\u00a0<\/p>\n<p>CCOO vam respondre\u00a0que\u00a0no est\u00e0vem d\u2019acord que es convoqu\u00e9s a tot el personal. Pod\u00edem entendre que s\u2019obr\u00eds un nou proc\u00e9s o una ampliaci\u00f3 de borsa, per\u00f2 que nom\u00e9s obligu\u00e9s a presentar-se, als que no estiguessin en l\u2019actual borsa (Per tant, fent una segona borsa complement\u00e0ria amb nom\u00e9s les noves incorporacions).\u00a0<\/p>\n<p><strong>A la reuni\u00f3 de la Mesa del dia 22 de juny la corporaci\u00f3 va reiterar la seva intenci\u00f3 de tirar-ho endavant tot i la nostra oposici\u00f3.\u00a0<\/strong>\u00a0<\/p>\n<p>No enten\u00edem que al mes de juny es convoqu\u00e9s un nou proc\u00e9s de borsa, per\u00f2 el que menys entenem es que es faci en per\u00edode\u00a0vacacional.\u00a0\u00a0<\/p>\n<p><strong>Des de\u00a0CCOO \u00e9s del tot inadmissible!!!<\/strong>\u00a0<\/p>\n<p>Per\u00a0qu\u00e8 la\u00a0manca de planificaci\u00f3\u00a0i anticipaci\u00f3\u00a0ha de repercutir\u00a0ara\u00a0en el personal?\u00a0<\/p>\n<p>Per qu\u00e8\u00a0s\u2019ha de fer tenint en compte a m\u00e9s\u00a0que s\u2019ha previst una nova convocat\u00f2ria per l\u2019any 2018?\u00a0<\/p>\n<p>CCOO no acceptem la l\u00f2gica que alguns o algunes companyes es puguin quedar fora perqu\u00e8 estiguin de vacances.<strong>\u00a0<\/strong>Per tant,<strong>\u00a0de\u00a0nou reiterem p\u00fablicament la nostra petici\u00f3 de que no\u00a0\u00e9s tiri endavant aquest proc\u00e9s i menys ara que ja estem a l\u2019estiu.<\/strong><\/p>\n<p style=\"text-align: center\">* \u00a0* \u00a0* \u00a0* \u00a0*<\/p>\n<\/div>\n<\/div>\n<\/div>\n<\/div>\n<\/div>\n<div id=\"pg-1631-2\" class=\"panel-grid panel-no-style\">\n<div id=\"pgc-1631-2-0\" class=\"panel-grid-cell\">\n<div id=\"panel-1631-2-0-0\" class=\"so-panel widget widget_sow-editor panel-first-child panel-last-child\">\n<div class=\"so-widget-sow-editor so-widget-sow-editor-base\">\n<div class=\"siteorigin-widget-tinymce textwidget\">\n<p><img loading=\"lazy\" decoding=\"async\" class=\"alignleft wp-image-226\" src=\"http:\/\/ccoo.app\/diputacio-de-barcelona\/wp-content\/blogs.dir\/6\/files\/sites\/186\/2016\/04\/estem-decidits-acontinuar-lluitant.png\" alt=\"Estem decidits a continuar lluitant !\" width=\"213\" height=\"89\" \/><\/p>\n<p><img loading=\"lazy\" decoding=\"async\" class=\"wp-image-262 alignright\" src=\"http:\/\/ccoo.app\/diputacio-de-barcelona\/wp-content\/blogs.dir\/6\/files\/sites\/186\/2016\/04\/afiliat_ccoo_cat.gif\" alt=\"Tota la informaci\u00f3 de com afiliar-se a CCOO Catalunya i forlmulari d'alta o baxia.\" width=\"90\" height=\"80\" \/><\/p>\n<p><img loading=\"lazy\" decoding=\"async\" class=\"wp-image-227 aligncenter\" src=\"http:\/\/ccoo.app\/diputacio-de-barcelona\/wp-content\/blogs.dir\/6\/files\/sites\/186\/2016\/04\/logo-peu-300x69.png\" alt=\"logo-peu\" width=\"952\" height=\"219\" srcset=\"https:\/\/ccoo.app\/diputacio-de-barcelona\/wp-content\/blogs.dir\/6\/files\/sites\/186\/2016\/04\/logo-peu-300x69.png 300w, https:\/\/ccoo.app\/diputacio-de-barcelona\/wp-content\/blogs.dir\/6\/files\/sites\/186\/2016\/04\/logo-peu.png 557w\" sizes=\"auto, (max-width: 952px) 100vw, 952px\" \/><\/p>\n<p style=\"text-align: center\"><small><\/small><small>Formulari d&#8217;<a href=\"\/afiliat\/\">alta<\/a>, <a href=\"\/afiliat\/\">baixa <\/a>o <a href=\"\/afiliat\/\">modificaci\u00f3 <\/a>de les dades personals o<br \/> contacta&#8217;ns a trav\u00e9s del tel\u00e8fon<strong> 934 022 985<\/strong> o correu: <a href=\"mailto:ccoo@diba.cat\"><strong>ccoo@diba.cat<\/strong><\/a><\/small><\/p>\n<\/div>\n<\/div>\n<\/div>\n<\/div>\n<\/div>\n<\/div>\n","protected":false},"excerpt":{"rendered":"<p>\u00a0 \u00a0 PORCS SENGLARS A MUNDET I BRUT\u00cdCIA Despr\u00e9s de reiterades peticions de CCOO, al mes de Maig, ens van informar que donarien solucions a la situaci\u00f3 dels porcs senglars &#8230; <\/p>\n<p class=\"read-more-container\"><a title=\"PORCS SENGLARS A MUNDET I BRUT\u00cdCIA\" class=\"read-more button\" href=\"https:\/\/ccoo.app\/diputacio-de-barcelona\/porcs-senglars-a-mundet-i-bruticia\/#more-1631\" aria-label=\"Leer m\u00e1s sobre PORCS SENGLARS A MUNDET I BRUT\u00cdCIA\">Continuar llegint<\/a><\/p>\n","protected":false},"author":4519,"featured_media":255,"comment_status":"open","ping_status":"open","sticky":false,"template":"","format":"standard","meta":{"footnotes":""},"categories":[38,19,31,34,35],"tags":[180],"class_list":["post-1631","post","type-post","status-publish","format-standard","has-post-thumbnail","hentry","category-a-tot-el-personal","category-comunicats","category-personal-interi-comunicats","category-respir","category-salut-laboral","tag-personal-interi","generate-columns","tablet-grid-50","mobile-grid-100","grid-parent","grid-50"],"_links":{"self":[{"href":"https:\/\/ccoo.app\/diputacio-de-barcelona\/wp-json\/wp\/v2\/posts\/1631","targetHints":{"allow":["GET"]}}],"collection":[{"href":"https:\/\/ccoo.app\/diputacio-de-barcelona\/wp-json\/wp\/v2\/posts"}],"about":[{"href":"https:\/\/ccoo.app\/diputacio-de-barcelona\/wp-json\/wp\/v2\/types\/post"}],"author":[{"embeddable":true,"href":"https:\/\/ccoo.app\/diputacio-de-barcelona\/wp-json\/wp\/v2\/users\/4519"}],"replies":[{"embeddable":true,"href":"https:\/\/ccoo.app\/diputacio-de-barcelona\/wp-json\/wp\/v2\/comments?post=1631"}],"version-history":[{"count":1,"href":"https:\/\/ccoo.app\/diputacio-de-barcelona\/wp-json\/wp\/v2\/posts\/1631\/revisions"}],"predecessor-version":[{"id":52225,"href":"https:\/\/ccoo.app\/diputacio-de-barcelona\/wp-json\/wp\/v2\/posts\/1631\/revisions\/52225"}],"wp:featuredmedia":[{"embeddable":true,"href":"https:\/\/ccoo.app\/diputacio-de-barcelona\/wp-json\/wp\/v2\/media\/255"}],"wp:attachment":[{"href":"https:\/\/ccoo.app\/diputacio-de-barcelona\/wp-json\/wp\/v2\/media?parent=1631"}],"wp:term":[{"taxonomy":"category","embeddable":true,"href":"https:\/\/ccoo.app\/diputacio-de-barcelona\/wp-json\/wp\/v2\/categories?post=1631"},{"taxonomy":"post_tag","embeddable":true,"href":"https:\/\/ccoo.app\/diputacio-de-barcelona\/wp-json\/wp\/v2\/tags?post=1631"}],"curies":[{"name":"wp","href":"https:\/\/api.w.org\/{rel}","templated":true}]}}