{"id":1626,"date":"2017-06-28T12:34:14","date_gmt":"2017-06-28T11:34:14","guid":{"rendered":"https:\/\/diba.ccoo.cat\/?p=1626"},"modified":"2023-02-22T19:14:51","modified_gmt":"2023-02-22T18:14:51","slug":"pels-drets-lgtbi-a-tot-el-mon","status":"publish","type":"post","link":"https:\/\/ccoo.app\/diputacio-de-barcelona\/pels-drets-lgtbi-a-tot-el-mon\/","title":{"rendered":"PELS DRETS LGTBI A TOT EL M\u00d3N"},"content":{"rendered":"<div id=\"pl-1626\" class=\"panel-layout\">\n<div id=\"pg-1626-0\" class=\"panel-grid panel-no-style\">\n<div id=\"pgc-1626-0-0\" class=\"panel-grid-cell\">\n<div id=\"panel-1626-0-0-0\" class=\"so-panel widget widget_sow-editor panel-first-child panel-last-child\">\n<div class=\"so-widget-sow-editor so-widget-sow-editor-base\">\n<div class=\"siteorigin-widget-tinymce textwidget\">\n<p>\u00a0<\/p>\n<figure id=\"attachment_189\" aria-describedby=\"caption-attachment-189\" style=\"width: 459px\" class=\"wp-caption aligncenter\"><img loading=\"lazy\" decoding=\"async\" class=\"wp-image-189\" title=\"Secci\u00f3 Sindical de la Diutaci\u00f3 de Barcelona de la Federaci\u00f3 Sindical de Catalunya\" src=\"http:\/\/ccoo.app\/diputacio-de-barcelona\/wp-content\/blogs.dir\/6\/files\/sites\/186\/2015\/12\/ccoo-fsc-cat.png\" alt=\"Secci\u00f3 Sindical de la Diputaci\u00f3 de Barcelona de la Federaci\u00f3 Sindical de Catalunya\" width=\"469\" height=\"90\" \/><figcaption id=\"caption-attachment-189\" class=\"wp-caption-text\">Secci\u00f3 Sindical de la Diputaci\u00f3 de Barcelona<\/figcaption><\/figure>\n<h3 style=\"text-align: center\">\u00a0<\/h3>\n<\/div>\n<\/div>\n<\/div>\n<\/div>\n<\/div>\n<div id=\"pg-1626-1\" class=\"panel-grid panel-no-style\">\n<div id=\"pgc-1626-1-0\" class=\"panel-grid-cell\">\n<div id=\"panel-1626-1-0-0\" class=\"so-panel widget widget_sow-editor panel-first-child panel-last-child\">\n<div class=\"so-widget-sow-editor so-widget-sow-editor-base\">\n<div class=\"siteorigin-widget-tinymce textwidget\">\n<h3 style=\"text-align: center\"><strong><span style=\"color: #ff0000\">PELS DRETS LGTBI A TOT EL M\u00d3N<\/span><\/strong><\/h3>\n<p>\u00a0<\/p>\n<p style=\"text-align: justify\"><b>Un any m\u00e9s, des de CCOO ens sumem i unim al Dia de l\u2019Orgull\u00a0LGTBI,<\/b>\u00a0en un dels moments en qu\u00e8 \u00e9s m\u00e9s necessari aixecar la veu i fer-nos sentir davant l\u2019alerta que, a l\u2019Estat espanyol i a Catalunya, el nombre de casos\u00a0LGTBIf\u00f2bics\u00a0\u00e9s creixent. L\u2019Observatori contra la\u00a0LGTBIf\u00f2bia\u00a0recull dades esfere\u00efdores: cada 36 hores, una persona presenta una den\u00fancia per haver estat v\u00edctima d\u2019agressi\u00f3 per odi per raons d\u2019orientaci\u00f3 o identificaci\u00f3 sexual. No obstant aix\u00f2, s\u2019estima que aquesta quantitat de den\u00fancies no superen m\u00e9s del 20% dels episodis reals. Una societat que ven per a la resta del m\u00f3n una imatge \u201cacollidora\u201d i \u201cdiversa\u201d ha de donar una resposta immediata i, per fer-ho, s\u2019ha de desenvolupar una vegada per totes la Llei Catalana 11\/2014 per l\u2019eradicaci\u00f3 de la\u00a0LGTBIf\u00f2bia.\u00a0<\/p>\n<p style=\"text-align: justify\">\u202fLes administracions no poden esperar al fet que hi hagi den\u00fancies, perqu\u00e8 en els temes d\u2019identitat sexual i de g\u00e8nere existeixen moltes traves perqu\u00e8 les den\u00fancies siguin efectives. Conquistar drets i promoure\u2019ls, i superar les causes i els efectes de la discriminaci\u00f3 i la viol\u00e8ncia\u00a0homof\u00f2bica\u00a0\u00e9s tasca de tots i totes, i una demanda de la societat civil\u00a0LGTBI. No hi ha dubte que articular i implementar pol\u00edtiques p\u00fabliques d\u2019enfrontament a la discriminaci\u00f3 per la diversitat de g\u00e8nere \u00e9s un deure i un rotund exercici de ciutadania.\u00a0<\/p>\n<p style=\"text-align: justify\">Per aix\u00f2, avui, 28 de juny, un dia de reflexi\u00f3 i que reuneix multituds a tots els carrers del m\u00f3n, hem d\u2019aconseguir una societat m\u00e9s igualit\u00e0ria en la qual no es vulnerin els drets humans, en la qual les persones puguem estimar lliurement els qui desitgem i en la qual puguem tenir la identitat o l\u2019expressi\u00f3 de g\u00e8nere amb qu\u00e8 cada persona se senti identificada.\u00a0<\/p>\n<p style=\"text-align: justify\"><b>El paper de CCOO als centres de treball i com a sindicat de tots i de totes exerceix un model exemplar de conscienciaci\u00f3 i un punt de\u00a0suport per a la reivindicaci\u00f3.<\/b>\u00a0A trav\u00e9s del seu \u00c0mbit\u00a0LGTBI, CCOO de Catalunya contribueix molt positivament a la participaci\u00f3 en el di\u00e0leg social, amb la coher\u00e8ncia i l\u2019escolta activa, la formaci\u00f3 i l\u2019assessorament, elementals per fer visibles els drets d\u2019igualtat i de diversitat sexual.\u00a0<\/p>\n<p style=\"text-align: justify\">Finalment, doncs, des de CCOO volem expressar el nostre m\u00e9s profund repudi a qualsevol episodi de viol\u00e8ncia contra el col\u00b7lectiu\u00a0LGTBI. Seguirem lluitant contra totes aquelles persones que, en ple segle XXI, encara es creuen amb el dret de decidir com hem de ser o a qui he d\u2019estimar.\u00a0<\/p>\n<h2><span style=\"color: #0000ff\"><a href=\"https:\/\/twitter.com\/hashtag\/OrgullCCOO?src=hash\">#orgullCCOO<\/a><span style=\"color: #3366ff\">\u00a0 \u00a0 \u00a0 \u00a0 \u00a0 \u00a0 \u00a0 \u00a0 \u00a0 \u00a0<\/span><\/span><\/h2>\n<h2><span style=\"color: #0000ff\"><span style=\"color: #3366ff\"><a href=\"https:\/\/twitter.com\/hashtag\/OrgulloDeSerCCOO?src=hash\">#orgullodeserCCOO<\/a>\u202f<\/span><\/span><\/h2>\n<p>\u00a0<\/p>\n<p style=\"text-align: center\">* \u00a0* \u00a0* \u00a0* \u00a0*<\/p>\n<\/div>\n<\/div>\n<\/div>\n<\/div>\n<\/div>\n<div id=\"pg-1626-2\" class=\"panel-grid panel-no-style\">\n<div id=\"pgc-1626-2-0\" class=\"panel-grid-cell\">\n<div id=\"panel-1626-2-0-0\" class=\"so-panel widget widget_sow-editor panel-first-child panel-last-child\">\n<div class=\"so-widget-sow-editor so-widget-sow-editor-base\">\n<div class=\"siteorigin-widget-tinymce textwidget\">\n<p><img loading=\"lazy\" decoding=\"async\" class=\"alignleft wp-image-226\" src=\"http:\/\/ccoo.app\/diputacio-de-barcelona\/wp-content\/blogs.dir\/6\/files\/sites\/186\/2016\/04\/estem-decidits-acontinuar-lluitant.png\" alt=\"Estem decidits a continuar lluitant !\" width=\"213\" height=\"89\" \/><\/p>\n<p><img loading=\"lazy\" decoding=\"async\" class=\"wp-image-262 alignright\" src=\"http:\/\/ccoo.app\/diputacio-de-barcelona\/wp-content\/blogs.dir\/6\/files\/sites\/186\/2016\/04\/afiliat_ccoo_cat.gif\" alt=\"Tota la informaci\u00f3 de com afiliar-se a CCOO Catalunya i forlmulari d'alta o baxia.\" width=\"90\" height=\"80\" \/><\/p>\n<p><img loading=\"lazy\" decoding=\"async\" class=\"wp-image-227 aligncenter\" src=\"http:\/\/ccoo.app\/diputacio-de-barcelona\/wp-content\/blogs.dir\/6\/files\/sites\/186\/2016\/04\/logo-peu-300x69.png\" alt=\"logo-peu\" width=\"952\" height=\"219\" srcset=\"https:\/\/ccoo.app\/diputacio-de-barcelona\/wp-content\/blogs.dir\/6\/files\/sites\/186\/2016\/04\/logo-peu-300x69.png 300w, https:\/\/ccoo.app\/diputacio-de-barcelona\/wp-content\/blogs.dir\/6\/files\/sites\/186\/2016\/04\/logo-peu.png 557w\" sizes=\"auto, (max-width: 952px) 100vw, 952px\" \/><\/p>\n<p style=\"text-align: center\"><small><\/small><small>Formulari d&#8217;<a href=\"\/afiliat\/\">alta<\/a>, <a href=\"\/afiliat\/\">baixa <\/a>o <a href=\"\/afiliat\/\">modificaci\u00f3 <\/a>de les dades personals o<br \/> contacta&#8217;ns a trav\u00e9s del tel\u00e8fon<strong> 934 022 985<\/strong> o correu: <a href=\"mailto:ccoo@diba.cat\"><strong>ccoo@diba.cat<\/strong><\/a><\/small><\/p>\n<\/div>\n<\/div>\n<\/div>\n<\/div>\n<\/div>\n<\/div>\n","protected":false},"excerpt":{"rendered":"<p>\u00a0 \u00a0 PELS DRETS LGTBI A TOT EL M\u00d3N \u00a0 Un any m\u00e9s, des de CCOO ens sumem i unim al Dia de l\u2019Orgull\u00a0LGTBI,\u00a0en un dels moments en qu\u00e8 \u00e9s &#8230; <\/p>\n<p class=\"read-more-container\"><a title=\"PELS DRETS LGTBI A TOT EL M\u00d3N\" class=\"read-more button\" href=\"https:\/\/ccoo.app\/diputacio-de-barcelona\/pels-drets-lgtbi-a-tot-el-mon\/#more-1626\" aria-label=\"Leer m\u00e1s sobre PELS DRETS LGTBI A TOT EL M\u00d3N\">Continuar llegint<\/a><\/p>\n","protected":false},"author":4519,"featured_media":255,"comment_status":"open","ping_status":"open","sticky":false,"template":"","format":"standard","meta":{"footnotes":""},"categories":[38,19],"tags":[],"class_list":["post-1626","post","type-post","status-publish","format-standard","has-post-thumbnail","hentry","category-a-tot-el-personal","category-comunicats","generate-columns","tablet-grid-50","mobile-grid-100","grid-parent","grid-50"],"_links":{"self":[{"href":"https:\/\/ccoo.app\/diputacio-de-barcelona\/wp-json\/wp\/v2\/posts\/1626","targetHints":{"allow":["GET"]}}],"collection":[{"href":"https:\/\/ccoo.app\/diputacio-de-barcelona\/wp-json\/wp\/v2\/posts"}],"about":[{"href":"https:\/\/ccoo.app\/diputacio-de-barcelona\/wp-json\/wp\/v2\/types\/post"}],"author":[{"embeddable":true,"href":"https:\/\/ccoo.app\/diputacio-de-barcelona\/wp-json\/wp\/v2\/users\/4519"}],"replies":[{"embeddable":true,"href":"https:\/\/ccoo.app\/diputacio-de-barcelona\/wp-json\/wp\/v2\/comments?post=1626"}],"version-history":[{"count":1,"href":"https:\/\/ccoo.app\/diputacio-de-barcelona\/wp-json\/wp\/v2\/posts\/1626\/revisions"}],"predecessor-version":[{"id":52226,"href":"https:\/\/ccoo.app\/diputacio-de-barcelona\/wp-json\/wp\/v2\/posts\/1626\/revisions\/52226"}],"wp:featuredmedia":[{"embeddable":true,"href":"https:\/\/ccoo.app\/diputacio-de-barcelona\/wp-json\/wp\/v2\/media\/255"}],"wp:attachment":[{"href":"https:\/\/ccoo.app\/diputacio-de-barcelona\/wp-json\/wp\/v2\/media?parent=1626"}],"wp:term":[{"taxonomy":"category","embeddable":true,"href":"https:\/\/ccoo.app\/diputacio-de-barcelona\/wp-json\/wp\/v2\/categories?post=1626"},{"taxonomy":"post_tag","embeddable":true,"href":"https:\/\/ccoo.app\/diputacio-de-barcelona\/wp-json\/wp\/v2\/tags?post=1626"}],"curies":[{"name":"wp","href":"https:\/\/api.w.org\/{rel}","templated":true}]}}