{"id":1595,"date":"2017-06-30T12:26:36","date_gmt":"2017-06-30T11:26:36","guid":{"rendered":"https:\/\/diba.ccoo.cat\/?p=1595"},"modified":"2023-02-22T19:14:47","modified_gmt":"2023-02-22T18:14:47","slug":"borsa-extraordinaria-del-personal-auxiliar-geriatria-i-deducadors","status":"publish","type":"post","link":"https:\/\/ccoo.app\/diputacio-de-barcelona\/borsa-extraordinaria-del-personal-auxiliar-geriatria-i-deducadors\/","title":{"rendered":"BORSA EXTRAORDIN\u00c0RIA DEL PERSONAL AUXILIAR GERIATRIA I D\u2019EDUCADORS"},"content":{"rendered":"<div id=\"pl-1595\" class=\"panel-layout\">\n<div id=\"pg-1595-0\" class=\"panel-grid panel-no-style\">\n<div id=\"pgc-1595-0-0\" class=\"panel-grid-cell\">\n<div id=\"panel-1595-0-0-0\" class=\"so-panel widget widget_sow-editor panel-first-child panel-last-child\">\n<div class=\"so-widget-sow-editor so-widget-sow-editor-base\">\n<div class=\"siteorigin-widget-tinymce textwidget\">\n<p>\u00a0<\/p>\n<figure id=\"attachment_189\" aria-describedby=\"caption-attachment-189\" style=\"width: 459px\" class=\"wp-caption aligncenter\"><img loading=\"lazy\" decoding=\"async\" class=\"wp-image-189\" title=\"Secci\u00f3 Sindical de la Diutaci\u00f3 de Barcelona de la Federaci\u00f3 Sindical de Catalunya\" src=\"http:\/\/ccoo.app\/diputacio-de-barcelona\/wp-content\/blogs.dir\/6\/files\/sites\/186\/2015\/12\/ccoo-fsc-cat.png\" alt=\"Secci\u00f3 Sindical de la Diputaci\u00f3 de Barcelona de la Federaci\u00f3 Sindical de Catalunya\" width=\"469\" height=\"90\" \/><figcaption id=\"caption-attachment-189\" class=\"wp-caption-text\">Secci\u00f3 Sindical de la Diputaci\u00f3 de Barcelona<\/figcaption><\/figure>\n<h3 style=\"text-align: center\">\u00a0<\/h3>\n<\/div>\n<\/div>\n<\/div>\n<\/div>\n<\/div>\n<div id=\"pg-1595-1\" class=\"panel-grid panel-no-style\">\n<div id=\"pgc-1595-1-0\" class=\"panel-grid-cell\">\n<div id=\"panel-1595-1-0-0\" class=\"so-panel widget widget_sow-editor panel-first-child panel-last-child\">\n<div class=\"so-widget-sow-editor so-widget-sow-editor-base\">\n<div class=\"siteorigin-widget-tinymce textwidget\">\n<h1 style=\"text-align: center\"><span style=\"color: #ff0000\"><strong><span class=\"TextRun SCXW403613\" lang=\"CA-ES\" xml:lang=\"CA-ES\"><span class=\"NormalTextRun SCXW403613\">BORSA EXTRAORDIN\u00c0RIA DEL PERSONAL AUXILIAR GERIATRIA I D&#8217;EDUCADORS<\/span><\/span><\/strong><\/span><\/h1>\n<h3 style=\"text-align: center\"><span style=\"color: #000000\"><strong>DILLUNS 3 DE JULIOL<\/strong><\/span><\/h3>\n<p style=\"text-align: center\"><strong><span style=\"color: #000000\">CONCENTRACI\u00d3 DEL PERSONAL DEL RESPIR<\/span><\/strong><\/p>\n<p style=\"text-align: center\"><strong><span style=\"color: #000000\">PORTA PRINCIPAL DEL PAVELL\u00d3 NORD<\/span><\/strong><\/p>\n<p style=\"text-align: center\"><strong><span style=\"color: #000000\">ENTRE LES 10:00 &#8211; 11:00<\/span><\/strong><\/p>\n<p>Davant l\u2019actitud impositiva de la\u00a0DSRH\u00a0i la ger\u00e8ncia\u00a0respecte a la convocat\u00f2ria extraordin\u00e0ria\u00a0de borses de treball d\u2019Auxiliar de Geriatria i d\u2019Educadores, i la seva decisi\u00f3 de convocar-la tot i estar en per\u00edode vacacional,\u00a0volem expressar\u00a0la nostra\u00a0total\u00a0oposici\u00f3.<\/p>\n<p>Els sindicats ja hem expressat\u00a0REITERADAMENT\u00a0que:\u00a0<\/p>\n<ul>\n<li>No entenem perqu\u00e8 s\u2019ha de realitzar una nova convocat\u00f2ria quan la corporaci\u00f3 ja ha expressat la seva voluntat d\u2019obrir un nou proc\u00e9s al gener\u00a0de 2018.\u00a0<\/li>\n<li>Que en qualsevol cas, s\u2019obri\u00a0un proc\u00e9s extraordinari\u00a0per incloure als que no estiguin\u00a0en l\u2019actual borsa\u00a0i no han passat cap proc\u00e9s selectiu.\u00a0<\/li>\n<li>El moment escollit \u00e9s del\u00a0tot inoport\u00fa tenint en compte\u00a0que\u00a0ja estem en el\u00a0per\u00edode\u00a0vacacional.\u00a0Per qu\u00e8 la manca de planificaci\u00f3 i anticipaci\u00f3 ha de repercutir ara\u00a0a tot el\u00a0personal?\u00a0<\/li>\n<\/ul>\n<p>Per tant,\u00a0<b>CCOO\u00a0<\/b><b>i<\/b><b>\u00a0CGT<\/b><b>\u00a0<\/b>convoquem al personal de RESPIR a mobilitzar-se dilluns 3 de juliol a la\u00a0porta principal del Pavell\u00f3 Nord entre les 10:00 \u2013 11:00.<\/p>\n<p>Convidem, especialment al personal que treballa a Mundet, que tamb\u00e9\u00a0pot\u00a0donar suport a aquesta convocat\u00f2ria.\u00a0<\/p>\n<p>\u00a0<\/p>\n<p style=\"text-align: center\"><b>EXIGIM QUE LA CONVOCAT\u00d2RIA<\/b><\/p>\n<p style=\"text-align: center\"><b>TINGUI LLOC DESPR\u00c9S DE L&#8217;ESTIU<\/b><\/p>\n<p>\u00a0<\/p>\n<p style=\"text-align: center\"><b>INCLOGUI NOM\u00c9S AL PERSONAL<\/b><\/p>\n<p style=\"text-align: center\"><b>QUE NO ESTIGUI A CAP BORSA DE TREBALL<\/b><\/p>\n<p>\u00a0<\/p>\n<p style=\"text-align: center\">* \u00a0* \u00a0* \u00a0* \u00a0*<\/p>\n<\/div>\n<\/div>\n<\/div>\n<\/div>\n<\/div>\n<div id=\"pg-1595-2\" class=\"panel-grid panel-no-style\">\n<div id=\"pgc-1595-2-0\" class=\"panel-grid-cell\">\n<div id=\"panel-1595-2-0-0\" class=\"so-panel widget widget_sow-editor panel-first-child panel-last-child\">\n<div class=\"so-widget-sow-editor so-widget-sow-editor-base\">\n<div class=\"siteorigin-widget-tinymce textwidget\">\n<p><img loading=\"lazy\" decoding=\"async\" class=\"alignleft wp-image-226\" src=\"http:\/\/ccoo.app\/diputacio-de-barcelona\/wp-content\/blogs.dir\/6\/files\/sites\/186\/2016\/04\/estem-decidits-acontinuar-lluitant.png\" alt=\"Estem decidits a continuar lluitant !\" width=\"213\" height=\"89\" \/><\/p>\n<p><img loading=\"lazy\" decoding=\"async\" class=\"wp-image-262 alignright\" src=\"http:\/\/ccoo.app\/diputacio-de-barcelona\/wp-content\/blogs.dir\/6\/files\/sites\/186\/2016\/04\/afiliat_ccoo_cat.gif\" alt=\"Tota la informaci\u00f3 de com afiliar-se a CCOO Catalunya i forlmulari d'alta o baxia.\" width=\"90\" height=\"80\" \/><\/p>\n<p><img loading=\"lazy\" decoding=\"async\" class=\"wp-image-227 aligncenter\" src=\"http:\/\/ccoo.app\/diputacio-de-barcelona\/wp-content\/blogs.dir\/6\/files\/sites\/186\/2016\/04\/logo-peu-300x69.png\" alt=\"logo-peu\" width=\"952\" height=\"219\" srcset=\"https:\/\/ccoo.app\/diputacio-de-barcelona\/wp-content\/blogs.dir\/6\/files\/sites\/186\/2016\/04\/logo-peu-300x69.png 300w, https:\/\/ccoo.app\/diputacio-de-barcelona\/wp-content\/blogs.dir\/6\/files\/sites\/186\/2016\/04\/logo-peu.png 557w\" sizes=\"auto, (max-width: 952px) 100vw, 952px\" \/><\/p>\n<p style=\"text-align: center\"><small><\/small><small>Formulari d&#8217;<a href=\"\/afiliat\/\">alta<\/a>, <a href=\"\/afiliat\/\">baixa <\/a>o <a href=\"\/afiliat\/\">modificaci\u00f3 <\/a>de les dades personals o<br \/> contacta&#8217;ns a trav\u00e9s del tel\u00e8fon<strong> 934 022 985<\/strong> o correu: <a href=\"mailto:ccoo@diba.cat\"><strong>ccoo@diba.cat<\/strong><\/a><\/small><\/p>\n<\/div>\n<\/div>\n<\/div>\n<\/div>\n<\/div>\n<\/div>\n","protected":false},"excerpt":{"rendered":"<p>\u00a0 \u00a0 BORSA EXTRAORDIN\u00c0RIA DEL PERSONAL AUXILIAR GERIATRIA I D&#8217;EDUCADORS DILLUNS 3 DE JULIOL CONCENTRACI\u00d3 DEL PERSONAL DEL RESPIR PORTA PRINCIPAL DEL PAVELL\u00d3 NORD ENTRE LES 10:00 &#8211; 11:00 Davant &#8230; <\/p>\n<p class=\"read-more-container\"><a title=\"BORSA EXTRAORDIN\u00c0RIA DEL PERSONAL AUXILIAR GERIATRIA I D\u2019EDUCADORS\" class=\"read-more button\" href=\"https:\/\/ccoo.app\/diputacio-de-barcelona\/borsa-extraordinaria-del-personal-auxiliar-geriatria-i-deducadors\/#more-1595\" aria-label=\"Leer m\u00e1s sobre BORSA EXTRAORDIN\u00c0RIA DEL PERSONAL AUXILIAR GERIATRIA I D\u2019EDUCADORS\">Continuar llegint<\/a><\/p>\n","protected":false},"author":4519,"featured_media":255,"comment_status":"open","ping_status":"open","sticky":false,"template":"","format":"standard","meta":{"footnotes":""},"categories":[38,19,24,26,33,34],"tags":[],"class_list":["post-1595","post","type-post","status-publish","format-standard","has-post-thumbnail","hentry","category-a-tot-el-personal","category-comunicats","category-interins","category-mgn","category-propostes-sindicals","category-respir","generate-columns","tablet-grid-50","mobile-grid-100","grid-parent","grid-50"],"_links":{"self":[{"href":"https:\/\/ccoo.app\/diputacio-de-barcelona\/wp-json\/wp\/v2\/posts\/1595","targetHints":{"allow":["GET"]}}],"collection":[{"href":"https:\/\/ccoo.app\/diputacio-de-barcelona\/wp-json\/wp\/v2\/posts"}],"about":[{"href":"https:\/\/ccoo.app\/diputacio-de-barcelona\/wp-json\/wp\/v2\/types\/post"}],"author":[{"embeddable":true,"href":"https:\/\/ccoo.app\/diputacio-de-barcelona\/wp-json\/wp\/v2\/users\/4519"}],"replies":[{"embeddable":true,"href":"https:\/\/ccoo.app\/diputacio-de-barcelona\/wp-json\/wp\/v2\/comments?post=1595"}],"version-history":[{"count":1,"href":"https:\/\/ccoo.app\/diputacio-de-barcelona\/wp-json\/wp\/v2\/posts\/1595\/revisions"}],"predecessor-version":[{"id":52224,"href":"https:\/\/ccoo.app\/diputacio-de-barcelona\/wp-json\/wp\/v2\/posts\/1595\/revisions\/52224"}],"wp:featuredmedia":[{"embeddable":true,"href":"https:\/\/ccoo.app\/diputacio-de-barcelona\/wp-json\/wp\/v2\/media\/255"}],"wp:attachment":[{"href":"https:\/\/ccoo.app\/diputacio-de-barcelona\/wp-json\/wp\/v2\/media?parent=1595"}],"wp:term":[{"taxonomy":"category","embeddable":true,"href":"https:\/\/ccoo.app\/diputacio-de-barcelona\/wp-json\/wp\/v2\/categories?post=1595"},{"taxonomy":"post_tag","embeddable":true,"href":"https:\/\/ccoo.app\/diputacio-de-barcelona\/wp-json\/wp\/v2\/tags?post=1595"}],"curies":[{"name":"wp","href":"https:\/\/api.w.org\/{rel}","templated":true}]}}