{"id":1580,"date":"2017-06-16T11:58:00","date_gmt":"2017-06-16T10:58:00","guid":{"rendered":"https:\/\/diba.ccoo.cat\/?p=1580"},"modified":"2023-02-22T19:14:52","modified_gmt":"2023-02-22T18:14:52","slug":"la-calor-durant-la-jornada-de-treball-a-lestiu-2","status":"publish","type":"post","link":"https:\/\/ccoo.app\/diputacio-de-barcelona\/la-calor-durant-la-jornada-de-treball-a-lestiu-2\/","title":{"rendered":"LA CALOR DURANT LA JORNADA DE TREBALL A L&#8217;ESTIU"},"content":{"rendered":"<div id=\"pl-1580\" class=\"panel-layout\">\n<div id=\"pg-1580-0\" class=\"panel-grid panel-no-style\">\n<div id=\"pgc-1580-0-0\" class=\"panel-grid-cell\">\n<div id=\"panel-1580-0-0-0\" class=\"so-panel widget widget_sow-editor panel-first-child panel-last-child\">\n<div class=\"so-widget-sow-editor so-widget-sow-editor-base\">\n<div class=\"siteorigin-widget-tinymce textwidget\">\n<p>\u00a0<\/p>\n<figure id=\"attachment_189\" aria-describedby=\"caption-attachment-189\" style=\"width: 459px\" class=\"wp-caption aligncenter\"><img loading=\"lazy\" decoding=\"async\" class=\"wp-image-189\" title=\"Secci\u00f3 Sindical de la Diutaci\u00f3 de Barcelona de la Federaci\u00f3 Sindical de Catalunya\" src=\"http:\/\/ccoo.app\/diputacio-de-barcelona\/wp-content\/blogs.dir\/6\/files\/sites\/186\/2015\/12\/ccoo-fsc-cat.png\" alt=\"Secci\u00f3 Sindical de la Diputaci\u00f3 de Barcelona de la Federaci\u00f3 Sindical de Catalunya\" width=\"469\" height=\"90\" \/><figcaption id=\"caption-attachment-189\" class=\"wp-caption-text\">Secci\u00f3 Sindical de la Diputaci\u00f3 de Barcelona<\/figcaption><\/figure>\n<h3 style=\"text-align: center\">\u00a0<\/h3>\n<\/div>\n<\/div>\n<\/div>\n<\/div>\n<\/div>\n<div id=\"pg-1580-1\" class=\"panel-grid panel-no-style\">\n<div id=\"pgc-1580-1-0\" class=\"panel-grid-cell\">\n<div id=\"panel-1580-1-0-0\" class=\"so-panel widget widget_sow-editor panel-first-child panel-last-child\">\n<div class=\"so-widget-sow-editor so-widget-sow-editor-base\">\n<div class=\"siteorigin-widget-tinymce textwidget\">\n<h3 style=\"text-align: center\"><strong><span style=\"color: #ff0000\">LA CALOR DURANT LA JORNADA DE TREBALL A L&#8217;ESTIU<\/span><\/strong><\/h3>\n<p><b>A l\u2019edifici 14 del Recinte de l\u2019Escola Industrial<\/b>\u00a0(com b\u00e9 sabeu qui hi treballeu) s\u2019ha produ\u00eft una avaria\u00a0al\u00a0sistema de climatitzaci\u00f3. S\u2019iniciar\u00e0 la reparaci\u00f3 el dilluns de la propera setmana i caldr\u00e0 reiniciar el sistema i esperar entre 24 i 48 hores perqu\u00e8 el sistema de refrigeraci\u00f3 torni a funcionar.\u00a0<\/p>\n<p>Ahir dijous,\u00a0el delegat de prevenci\u00f3 de CCOO es va posar en contacte amb l\u2019Oficina de Prevenci\u00f3 de Riscos Laborals exigint mesures preventives immediates.\u00a0<\/p>\n<p>Fins que no es doni per solucionada definitivament l\u2019avaria, aquestes s\u00f3n les recomanacions\u00a0que des de l\u2019oficina es fa al personal que treballa a l\u2019edifici:<\/p>\n<ul>\n<li>Davant de situacions de mareig o altres alteracions de tipus m\u00e8dic,\u00a0adreceu-vos\u00a0al dispensari m\u00e8dic laboral per ser atesos (el personal del dispensari coneix el problema).\u00a0<\/li>\n<li>Aix\u00ed mateix\u00a0es demana a la Ger\u00e8ncia\u00a0adaptar l\u2019horari de treball\u00a0del personal\u00a0per tal de garantir-los un major confort.<\/li>\n<\/ul>\n<p><b>RECORDATORIS GENERALS\u00a0<\/b><b>RESPECTE A LA CALOR DURANT LA JORNADA DE TREBALL.<\/b>\u00a0<\/p>\n<p><b>DISPOSICIONS DEL REIAL DECRET 486\/1997<\/b>\u00a0<\/p>\n<p>El reglament sobre disposicions m\u00ednimes de seguretat i salut en els llocs de treball (RD\u00a0486\/1997) estableix els\u00a0seg\u00fcents valors:\u00a0<\/p>\n<p><b>Temperatures:<\/b>\u00a0<\/p>\n<p>De 17\u00baC a 27\u00baC\u00a0per a treballs sedentaris\u00a0<\/p>\n<p>De 14\u00baC a 25\u00baC per a treballs lleugers\u00a0<\/p>\n<p><b>Humitat:<\/b><\/p>\n<p>Del 30% al 70%\u00a0<\/p>\n<p>Del 50% al 70% si hi ha riscos d\u2019electricitat est\u00e0tica\u00a0<\/p>\n<p><a href=\"http:\/\/treball.gencat.cat\/ca\/ambits\/seguretat_i_salut_laboral\/riscos_i_condicions_treball\/mesures_per_risc\/calor\/\"><span style=\"color: #0000ff\">http:\/\/treball.gencat.cat\/ca\/ambits\/seguretatisalutLaboral\/riscosicondicionstreball\/mesuresperrisc\/calor\/<\/span><\/a><\/p>\n<p><strong>El treball i la calor: m\u00e9s prevenci\u00f3 a l\u2019estiu:\u00a0<\/strong><\/p>\n<p><a href=\"http:\/\/treball.gencat.cat\/web\/.content\/09_-_seguretat_i_salut_laboral\/publicacions\/imatges\/treball_calor_cat.pdf\"><span style=\"color: #0000ff\">http:\/\/treball.gencat.cat\/web\/.content\/09seguretatisalutlaboral\/publicacions\/imatges\/treballcalorcat.pdf\u00a0<\/span><\/a><\/p>\n<p><strong>El treball en ambients calorosos:\u00a0<\/strong><\/p>\n<p><a href=\"http:\/\/treball.gencat.cat\/web\/.content\/09_-_seguretat_i_salut_laboral\/publicacions\/imatges\/ambients_calorosos.pdf\"><span style=\"color: #0000ff\">http:\/\/treball.gencat.cat\/web\/.content\/09seguretatisalutlaboral\/publicacions\/imatges\/ambientscalorosos.pdf\u00a0<\/span><\/a><\/p>\n<h3><b>DELEGATS\/DES DE PREVENCI\u00d3\u00a0<\/b>\u00a0<\/h3>\n<p><b>CARLOS ARIAS\u00a0<\/b><b>(Mundet)\u00a0<\/b><b>35284<\/b>\u00a0<\/p>\n<p><b>LEONARDO CHACON\u00a0<\/b><b>(Can Serra i Minerva i Maternitat)<\/b><b>\u00a0<\/b><b>\u00a0<\/b><b>659 40 40 56<\/b>\u00a0<\/p>\n<p><b>PEDRO MONTIEL\u00a0<\/b><b>(Escola Industrial, Londres, Patronat\u00a0<\/b><b>d\u2019Apostes i M<\/b><b>undet)<\/b><b>\u00a0<\/b><b>648 68 53 75<\/b>\u00a0<\/p>\n<p><b>XAVIER VILLACAMPA <\/b><b>(Maternitat)<\/b><b>\u00a0<\/b><b>648 68 53 74<\/b>\u00a0<\/p>\n<p><b>RICARD ALCOJOR \u00a0<\/b><b>La resta de centres de treball<\/b><b>\u00a0\u00a0<\/b><b>699 44 06 73<\/b>\u00a0<\/p>\n<p><b>LIDIA RODRIGUEZ \u00a0<\/b><b>Personal<\/b><b>\u00a0<\/b><b>XBM<\/b><b>\u00a0i la resta de centres<\/b><b>\u00a0648 68 53 72<\/b>\u00a0<\/p>\n<p><b>ANTONIO ZARCO<\/b><b>\u00a0(<\/b><b>Institut<\/b><b>\u00a0del\u00a0<\/b><b>Teatre<\/b><b>)\u00a0<\/b><b>Ext. 288<\/b><b>\u00a0\/\u00a0<\/b><b>JOSEP COLOMER<\/b><b>\u00a0(<\/b><b>Institut<\/b><b>\u00a0del\u00a0<\/b><b>Teatre<\/b><b>)\u00a0<\/b><b>Ext. 948<\/b>\u00a0<\/p>\n<p><b>CCOO<\/b><b>\u00a0\u00a0\u00a0 93 402 29 85<\/b><b>\u00a0\u00a0\u00a0\u00a0\u00a0\u00a0<\/b><b>ccoo@diba.cat<\/b>\u00a0<\/p>\n<p style=\"text-align: center\">* \u00a0* \u00a0* \u00a0* \u00a0*<\/p>\n<\/div>\n<\/div>\n<\/div>\n<\/div>\n<\/div>\n<div id=\"pg-1580-2\" class=\"panel-grid panel-no-style\">\n<div id=\"pgc-1580-2-0\" class=\"panel-grid-cell\">\n<div id=\"panel-1580-2-0-0\" class=\"so-panel widget widget_sow-editor panel-first-child panel-last-child\">\n<div class=\"so-widget-sow-editor so-widget-sow-editor-base\">\n<div class=\"siteorigin-widget-tinymce textwidget\">\n<p><img loading=\"lazy\" decoding=\"async\" class=\"alignleft wp-image-226\" src=\"http:\/\/ccoo.app\/diputacio-de-barcelona\/wp-content\/blogs.dir\/6\/files\/sites\/186\/2016\/04\/estem-decidits-acontinuar-lluitant.png\" alt=\"Estem decidits a continuar lluitant !\" width=\"213\" height=\"89\" \/><\/p>\n<p><img loading=\"lazy\" decoding=\"async\" class=\"wp-image-262 alignright\" src=\"http:\/\/ccoo.app\/diputacio-de-barcelona\/wp-content\/blogs.dir\/6\/files\/sites\/186\/2016\/04\/afiliat_ccoo_cat.gif\" alt=\"Tota la informaci\u00f3 de com afiliar-se a CCOO Catalunya i forlmulari d'alta o baxia.\" width=\"90\" height=\"80\" \/><\/p>\n<p><img loading=\"lazy\" decoding=\"async\" class=\"wp-image-227 aligncenter\" src=\"http:\/\/ccoo.app\/diputacio-de-barcelona\/wp-content\/blogs.dir\/6\/files\/sites\/186\/2016\/04\/logo-peu-300x69.png\" alt=\"logo-peu\" width=\"952\" height=\"219\" srcset=\"https:\/\/ccoo.app\/diputacio-de-barcelona\/wp-content\/blogs.dir\/6\/files\/sites\/186\/2016\/04\/logo-peu-300x69.png 300w, https:\/\/ccoo.app\/diputacio-de-barcelona\/wp-content\/blogs.dir\/6\/files\/sites\/186\/2016\/04\/logo-peu.png 557w\" sizes=\"auto, (max-width: 952px) 100vw, 952px\" \/><\/p>\n<p style=\"text-align: center\"><small><\/small><small>Formulari d&#8217;<a href=\"\/afiliat\/\">alta<\/a>, <a href=\"\/afiliat\/\">baixa <\/a>o <a href=\"\/afiliat\/\">modificaci\u00f3 <\/a>de les dades personals o<br \/> contacta&#8217;ns a trav\u00e9s del tel\u00e8fon<strong> 934 022 985<\/strong> o correu: <a href=\"mailto:ccoo@diba.cat\"><strong>ccoo@diba.cat<\/strong><\/a><\/small><\/p>\n<\/div>\n<\/div>\n<\/div>\n<\/div>\n<\/div>\n<\/div>\n","protected":false},"excerpt":{"rendered":"<p>\u00a0 \u00a0 LA CALOR DURANT LA JORNADA DE TREBALL A L&#8217;ESTIU A l\u2019edifici 14 del Recinte de l\u2019Escola Industrial\u00a0(com b\u00e9 sabeu qui hi treballeu) s\u2019ha produ\u00eft una avaria\u00a0al\u00a0sistema de climatitzaci\u00f3. &#8230; <\/p>\n<p class=\"read-more-container\"><a title=\"LA CALOR DURANT LA JORNADA DE TREBALL A L&#8217;ESTIU\" class=\"read-more button\" href=\"https:\/\/ccoo.app\/diputacio-de-barcelona\/la-calor-durant-la-jornada-de-treball-a-lestiu-2\/#more-1580\" aria-label=\"Leer m\u00e1s sobre LA CALOR DURANT LA JORNADA DE TREBALL A L&#8217;ESTIU\">Continuar llegint<\/a><\/p>\n","protected":false},"author":4519,"featured_media":255,"comment_status":"open","ping_status":"open","sticky":false,"template":"","format":"standard","meta":{"footnotes":""},"categories":[19,26,33,34,35],"tags":[148],"class_list":["post-1580","post","type-post","status-publish","format-standard","has-post-thumbnail","hentry","category-comunicats","category-mgn","category-propostes-sindicals","category-respir","category-salut-laboral","tag-mesa-general-negociacio","generate-columns","tablet-grid-50","mobile-grid-100","grid-parent","grid-50"],"_links":{"self":[{"href":"https:\/\/ccoo.app\/diputacio-de-barcelona\/wp-json\/wp\/v2\/posts\/1580","targetHints":{"allow":["GET"]}}],"collection":[{"href":"https:\/\/ccoo.app\/diputacio-de-barcelona\/wp-json\/wp\/v2\/posts"}],"about":[{"href":"https:\/\/ccoo.app\/diputacio-de-barcelona\/wp-json\/wp\/v2\/types\/post"}],"author":[{"embeddable":true,"href":"https:\/\/ccoo.app\/diputacio-de-barcelona\/wp-json\/wp\/v2\/users\/4519"}],"replies":[{"embeddable":true,"href":"https:\/\/ccoo.app\/diputacio-de-barcelona\/wp-json\/wp\/v2\/comments?post=1580"}],"version-history":[{"count":1,"href":"https:\/\/ccoo.app\/diputacio-de-barcelona\/wp-json\/wp\/v2\/posts\/1580\/revisions"}],"predecessor-version":[{"id":52227,"href":"https:\/\/ccoo.app\/diputacio-de-barcelona\/wp-json\/wp\/v2\/posts\/1580\/revisions\/52227"}],"wp:featuredmedia":[{"embeddable":true,"href":"https:\/\/ccoo.app\/diputacio-de-barcelona\/wp-json\/wp\/v2\/media\/255"}],"wp:attachment":[{"href":"https:\/\/ccoo.app\/diputacio-de-barcelona\/wp-json\/wp\/v2\/media?parent=1580"}],"wp:term":[{"taxonomy":"category","embeddable":true,"href":"https:\/\/ccoo.app\/diputacio-de-barcelona\/wp-json\/wp\/v2\/categories?post=1580"},{"taxonomy":"post_tag","embeddable":true,"href":"https:\/\/ccoo.app\/diputacio-de-barcelona\/wp-json\/wp\/v2\/tags?post=1580"}],"curies":[{"name":"wp","href":"https:\/\/api.w.org\/{rel}","templated":true}]}}