{"id":1546,"date":"2017-06-09T13:27:35","date_gmt":"2017-06-09T12:27:35","guid":{"rendered":"https:\/\/diba.ccoo.cat\/?p=1546"},"modified":"2023-02-22T19:14:56","modified_gmt":"2023-02-22T18:14:56","slug":"19-de-juny-concentracions-contra-les-violencies-masclistes","status":"publish","type":"post","link":"https:\/\/ccoo.app\/diputacio-de-barcelona\/19-de-juny-concentracions-contra-les-violencies-masclistes\/","title":{"rendered":"19 DE JUNY CONCENTRACIONS CONTRA LES VIOL\u00c8NCIES MASCLISTES"},"content":{"rendered":"<div id=\"pl-1546\" class=\"panel-layout\">\n<div id=\"pg-1546-0\" class=\"panel-grid panel-no-style\">\n<div id=\"pgc-1546-0-0\" class=\"panel-grid-cell\">\n<div id=\"panel-1546-0-0-0\" class=\"so-panel widget widget_sow-editor panel-first-child panel-last-child\">\n<div class=\"so-widget-sow-editor so-widget-sow-editor-base\">\n<div class=\"siteorigin-widget-tinymce textwidget\">\n<p>\u00a0<\/p>\n<figure id=\"attachment_189\" aria-describedby=\"caption-attachment-189\" style=\"width: 459px\" class=\"wp-caption aligncenter\"><img loading=\"lazy\" decoding=\"async\" class=\"wp-image-189\" title=\"Secci\u00f3 Sindical de la Diutaci\u00f3 de Barcelona de la Federaci\u00f3 Sindical de Catalunya\" src=\"http:\/\/ccoo.app\/diputacio-de-barcelona\/wp-content\/blogs.dir\/6\/files\/sites\/186\/2015\/12\/ccoo-fsc-cat.png\" alt=\"Secci\u00f3 Sindical de la Diputaci\u00f3 de Barcelona de la Federaci\u00f3 Sindical de Catalunya\" width=\"469\" height=\"90\" \/><figcaption id=\"caption-attachment-189\" class=\"wp-caption-text\">Secci\u00f3 Sindical de la Diputaci\u00f3 de Barcelona<\/figcaption><\/figure>\n<h3 style=\"text-align: center\">\u00a0<\/h3>\n<\/div>\n<\/div>\n<\/div>\n<\/div>\n<\/div>\n<div id=\"pg-1546-1\" class=\"panel-grid panel-no-style\">\n<div id=\"pgc-1546-1-0\" class=\"panel-grid-cell\">\n<div id=\"panel-1546-1-0-0\" class=\"so-panel widget widget_sow-editor panel-first-child panel-last-child\">\n<div class=\"so-widget-sow-editor so-widget-sow-editor-base\">\n<div class=\"siteorigin-widget-tinymce textwidget\">\n<h3 style=\"text-align: center\"><strong><span style=\"color: #ff0000\">19 DE JUNY CONCENTRACIONS CONTRA LES VIOL\u00c8NCIES MASCLISTES<\/span><\/strong><\/h3>\n<p>CCOO\u00a0de Catalunya donem suport a la Ca<span style=\"color: #000000\">mpanya \u00ab<span style=\"color: #0000ff\"><a href=\"https:\/\/twitter.com\/hashtag\/19Jalertafeminista\">#19JAlertaFeminista<\/a>\u00ab<\/span>\u202fper\u202f<\/span><b><span style=\"color: #000000\">denunciar<\/span> les viol\u00e8ncies masclistes<\/b>\u202fi per uns pressupostos generals de l\u2019Estat que facin front a la igualtat de g\u00e8nere i a la lluita contra les viol\u00e8ncies masclistes. La campanya ha estat proposada en l&#8217;\u00e0mbit de l\u2019Estat pel moviment feminista del Pa\u00eds Valenci\u00e0. A Catalunya ha estat impulsada pel<span style=\"color: #000000\">\u202f<\/span><a href=\"https:\/\/novembrefeminista.wordpress.com\/\"><span style=\"color: #000000\">Novembre Feminista<\/span><\/a>, una de les xarxes del moviment feminista contra les viol\u00e8ncies masclistes de la qual CCOO forma part.<\/p>\n<p>\u202fA\u202f<b>Barcelona<\/b>\u202fs\u2019ha convocat la ciutadania el proper\u202f<b>dilluns 19 de juny a les 12 del mat\u00ed i les 8 del vespre a la pla\u00e7a de Sant Jaume<\/b>. A la\u202f<b>resta de Catalunya<\/b>, la convocat\u00f2ria ser\u00e0 el mateix\u202f<b>dilluns 19 de juny a les 12 del migdia davant dels diversos ajuntaments<\/b><b>.<\/b><\/p>\n<p>Des de la secci\u00f3 sindical de CCOO a la Diputaci\u00f3 de Barcelona, proposem\u00a0al personal\u00a0corporatiu\u00a0que no es pugui despla\u00e7ar\u00a0a la pla\u00e7a de Sant Jaume, es\u00a0<b>CONCENTRI A LES PORTES DELS CENTRES DE TREBALL AQUEST\u00a0<\/b><b>DILLUNS 19 A LES 12<\/b><b>\u00a0DEL MIGDIA.<\/b><\/p>\n<p>S\u2019est\u00e0 treballant\u00a0perqu\u00e8 el m\u00e0xim nombre possible de municipis s\u2019adhereixin a la campanya i perqu\u00e8 els ajuntaments aprovin mocions de suport per denunciar les viol\u00e8ncies masclistes.\u00a0<b>CCOO\u00a0<\/b><b>DiBa<\/b><b>\u00a0demanem als grups pol\u00edtics a la Diputaci\u00f3 que recolzin tamb\u00e9 aquesta iniciativa i aprovin la moci\u00f3.<\/b><\/p>\n<p><a href=\"http:\/\/www.ccoo.cat\/noticia\/209864\/el-19-de-juny-concentracions-contra-les-violencies-masclistes#.WUKFPPnyjcs\"><span style=\"color: #3366ff\">http:\/\/www.ccoo.cat\/noticia\/209864\/el-19-de-juny-concentracions-contra-les-violencies-masclistes#.WUKFPPnyjcs<\/span><\/a><\/p>\n<p style=\"text-align: center\">* \u00a0* \u00a0* \u00a0* \u00a0*<\/p>\n<\/div>\n<\/div>\n<\/div>\n<\/div>\n<\/div>\n<div id=\"pg-1546-2\" class=\"panel-grid panel-no-style\">\n<div id=\"pgc-1546-2-0\" class=\"panel-grid-cell\">\n<div id=\"panel-1546-2-0-0\" class=\"so-panel widget widget_sow-editor panel-first-child panel-last-child\">\n<div class=\"so-widget-sow-editor so-widget-sow-editor-base\">\n<div class=\"siteorigin-widget-tinymce textwidget\">\n<p><img loading=\"lazy\" decoding=\"async\" class=\"alignleft wp-image-226\" src=\"http:\/\/ccoo.app\/diputacio-de-barcelona\/wp-content\/blogs.dir\/6\/files\/sites\/186\/2016\/04\/estem-decidits-acontinuar-lluitant.png\" alt=\"Estem decidits a continuar lluitant !\" width=\"213\" height=\"89\" \/><\/p>\n<p><img loading=\"lazy\" decoding=\"async\" class=\"wp-image-262 alignright\" src=\"http:\/\/ccoo.app\/diputacio-de-barcelona\/wp-content\/blogs.dir\/6\/files\/sites\/186\/2016\/04\/afiliat_ccoo_cat.gif\" alt=\"Tota la informaci\u00f3 de com afiliar-se a CCOO Catalunya i forlmulari d'alta o baxia.\" width=\"90\" height=\"80\" \/><\/p>\n<p><img loading=\"lazy\" decoding=\"async\" class=\"wp-image-227 aligncenter\" src=\"http:\/\/ccoo.app\/diputacio-de-barcelona\/wp-content\/blogs.dir\/6\/files\/sites\/186\/2016\/04\/logo-peu-300x69.png\" alt=\"logo-peu\" width=\"952\" height=\"219\" srcset=\"https:\/\/ccoo.app\/diputacio-de-barcelona\/wp-content\/blogs.dir\/6\/files\/sites\/186\/2016\/04\/logo-peu-300x69.png 300w, https:\/\/ccoo.app\/diputacio-de-barcelona\/wp-content\/blogs.dir\/6\/files\/sites\/186\/2016\/04\/logo-peu.png 557w\" sizes=\"auto, (max-width: 952px) 100vw, 952px\" \/><\/p>\n<p style=\"text-align: center\"><small><\/small><small>Formulari d&#8217;<a href=\"\/afiliat\/\">alta<\/a>, <a href=\"\/afiliat\/\">baixa <\/a>o <a href=\"\/afiliat\/\">modificaci\u00f3 <\/a>de les dades personals o<br \/> contacta&#8217;ns a trav\u00e9s del tel\u00e8fon<strong> 934 022 985<\/strong> o correu: <a href=\"mailto:ccoo@diba.cat\"><strong>ccoo@diba.cat<\/strong><\/a><\/small><\/p>\n<\/div>\n<\/div>\n<\/div>\n<\/div>\n<\/div>\n<\/div>\n","protected":false},"excerpt":{"rendered":"<p>\u00a0 \u00a0 19 DE JUNY CONCENTRACIONS CONTRA LES VIOL\u00c8NCIES MASCLISTES CCOO\u00a0de Catalunya donem suport a la Campanya \u00ab#19JAlertaFeminista\u00ab\u202fper\u202fdenunciar les viol\u00e8ncies masclistes\u202fi per uns pressupostos generals de l\u2019Estat que facin front &#8230; <\/p>\n<p class=\"read-more-container\"><a title=\"19 DE JUNY CONCENTRACIONS CONTRA LES VIOL\u00c8NCIES MASCLISTES\" class=\"read-more button\" href=\"https:\/\/ccoo.app\/diputacio-de-barcelona\/19-de-juny-concentracions-contra-les-violencies-masclistes\/#more-1546\" aria-label=\"Leer m\u00e1s sobre 19 DE JUNY CONCENTRACIONS CONTRA LES VIOL\u00c8NCIES MASCLISTES\">Continuar llegint<\/a><\/p>\n","protected":false},"author":4519,"featured_media":255,"comment_status":"open","ping_status":"open","sticky":false,"template":"","format":"standard","meta":{"footnotes":""},"categories":[38,19],"tags":[],"class_list":["post-1546","post","type-post","status-publish","format-standard","has-post-thumbnail","hentry","category-a-tot-el-personal","category-comunicats","generate-columns","tablet-grid-50","mobile-grid-100","grid-parent","grid-50"],"_links":{"self":[{"href":"https:\/\/ccoo.app\/diputacio-de-barcelona\/wp-json\/wp\/v2\/posts\/1546","targetHints":{"allow":["GET"]}}],"collection":[{"href":"https:\/\/ccoo.app\/diputacio-de-barcelona\/wp-json\/wp\/v2\/posts"}],"about":[{"href":"https:\/\/ccoo.app\/diputacio-de-barcelona\/wp-json\/wp\/v2\/types\/post"}],"author":[{"embeddable":true,"href":"https:\/\/ccoo.app\/diputacio-de-barcelona\/wp-json\/wp\/v2\/users\/4519"}],"replies":[{"embeddable":true,"href":"https:\/\/ccoo.app\/diputacio-de-barcelona\/wp-json\/wp\/v2\/comments?post=1546"}],"version-history":[{"count":1,"href":"https:\/\/ccoo.app\/diputacio-de-barcelona\/wp-json\/wp\/v2\/posts\/1546\/revisions"}],"predecessor-version":[{"id":52229,"href":"https:\/\/ccoo.app\/diputacio-de-barcelona\/wp-json\/wp\/v2\/posts\/1546\/revisions\/52229"}],"wp:featuredmedia":[{"embeddable":true,"href":"https:\/\/ccoo.app\/diputacio-de-barcelona\/wp-json\/wp\/v2\/media\/255"}],"wp:attachment":[{"href":"https:\/\/ccoo.app\/diputacio-de-barcelona\/wp-json\/wp\/v2\/media?parent=1546"}],"wp:term":[{"taxonomy":"category","embeddable":true,"href":"https:\/\/ccoo.app\/diputacio-de-barcelona\/wp-json\/wp\/v2\/categories?post=1546"},{"taxonomy":"post_tag","embeddable":true,"href":"https:\/\/ccoo.app\/diputacio-de-barcelona\/wp-json\/wp\/v2\/tags?post=1546"}],"curies":[{"name":"wp","href":"https:\/\/api.w.org\/{rel}","templated":true}]}}