{"id":1538,"date":"2017-04-20T12:57:04","date_gmt":"2017-04-20T11:57:04","guid":{"rendered":"https:\/\/diba.ccoo.cat\/?p=1538"},"modified":"2023-02-22T19:15:03","modified_gmt":"2023-02-22T18:15:03","slug":"gaip-dona-la-rao-a-ccoo","status":"publish","type":"post","link":"https:\/\/ccoo.app\/diputacio-de-barcelona\/gaip-dona-la-rao-a-ccoo\/","title":{"rendered":"GAIP DONA LA RA\u00d3 A CCOO"},"content":{"rendered":"<div id=\"pl-1538\" class=\"panel-layout\">\n<div id=\"pg-1538-0\" class=\"panel-grid panel-no-style\">\n<div id=\"pgc-1538-0-0\" class=\"panel-grid-cell\">\n<div id=\"panel-1538-0-0-0\" class=\"so-panel widget widget_sow-editor panel-first-child panel-last-child\">\n<div class=\"so-widget-sow-editor so-widget-sow-editor-base\">\n<div class=\"siteorigin-widget-tinymce textwidget\">\n<p>\u00a0<\/p>\n<figure id=\"attachment_189\" aria-describedby=\"caption-attachment-189\" style=\"width: 459px\" class=\"wp-caption aligncenter\"><img loading=\"lazy\" decoding=\"async\" class=\"wp-image-189\" title=\"Secci\u00f3 Sindical de la Diutaci\u00f3 de Barcelona de la Federaci\u00f3 Sindical de Catalunya\" src=\"http:\/\/ccoo.app\/diputacio-de-barcelona\/wp-content\/blogs.dir\/6\/files\/sites\/186\/2015\/12\/ccoo-fsc-cat.png\" alt=\"Secci\u00f3 Sindical de la Diputaci\u00f3 de Barcelona de la Federaci\u00f3 Sindical de Catalunya\" width=\"469\" height=\"90\" \/><figcaption id=\"caption-attachment-189\" class=\"wp-caption-text\">Secci\u00f3 Sindical de la Diputaci\u00f3 de Barcelona<\/figcaption><\/figure>\n<h3 style=\"text-align: center\">\u00a0<\/h3>\n<\/div>\n<\/div>\n<\/div>\n<\/div>\n<\/div>\n<div id=\"pg-1538-1\" class=\"panel-grid panel-no-style\">\n<div id=\"pgc-1538-1-0\" class=\"panel-grid-cell\">\n<div id=\"panel-1538-1-0-0\" class=\"so-panel widget widget_sow-editor panel-first-child panel-last-child\">\n<div class=\"so-widget-sow-editor so-widget-sow-editor-base\">\n<div class=\"siteorigin-widget-tinymce textwidget\">\n<h3 style=\"text-align: center\"><strong>LA COMISSI\u00d3 DE GARANTIA DEL DRET D&#8217;ACC\u00c9S A LA INFORMACI\u00d3 P\u00daBLICA<\/strong><\/h3>\n<h3 style=\"text-align: center\"><span style=\"color: #ff0000\">DONA LA RA\u00d3 A CCOO<\/span><\/h3>\n<h3 style=\"text-align: center\">TENIM DRET A LA INFORMACI\u00d3<\/h3>\n<p style=\"text-align: left\">DE LES BORSES DE TREBALL I DELS NOMENAMENTS EFECTUATS (RESOLUCI\u00d3 95\/2017)\u00a0<\/p>\n<p><b>Qu\u00e8<\/b><b> \u00e9s la Comissi\u00f3 de Garantia del Dret d\u2019Acc\u00e9s a la Informaci\u00f3 P\u00fablica (<\/b><b>GAIP<\/b><b>)?<\/b>\u00a0<\/p>\n<p>\u00c9s l\u2019\u00f2rgan independent de tutela del dret d\u2019acc\u00e9s a la informaci\u00f3 de la ciutadania a Catalunya davant del qual es pot reclamar si una administraci\u00f3 li s\u2019ha denegat, totalment o parcialment, l\u2019acc\u00e9s a la informaci\u00f3 que havia sol\u00b7licitat.\u00a0<\/p>\n<p><b>Podeu trobar la <\/b><b>resoluci\u00f3 <\/b><span style=\"color: #0000ff\"><a style=\"color: #0000ff\" href=\"http:\/\/www.gaip.cat\/ca\/detall\/normativa\/2017-0095\"><b>95\/2017<\/b><b>, <\/b><b>de 28 de mar\u00e7<\/b><\/a>,<\/span> <b>publicada al seg\u00fcent enlla\u00e7:<\/b>\u00a0<\/p>\n<p><span style=\"color: #0000ff\"><a style=\"color: #0000ff\" href=\"http:\/\/www.gaip.cat\/ca\/detall\/normativa\/2017-0095\">http:\/\/www.gaip.cat\/ca\/detall\/normativa\/2017-0095<\/a>\u00a0<\/span><\/p>\n<p><b>Resum de la resoluci\u00f3 del <\/b><b>GAIP<\/b><b>:<\/b>\u00a0<\/p>\n<ul>\n<li>Es reconeix de manera expl\u00edcita el nostre dret com a sindicat de controlar la correcta aplicaci\u00f3 i gesti\u00f3 de les borses de treball. A comprovar que les persones que han estat nomenades i que treballen o han treballat a la Diputaci\u00f3 provenen de les diverses borses de treball, i que s\u2019ha seguit l\u2019ordre de prelaci\u00f3 establert.\u00a0<\/li>\n<\/ul>\n<ul>\n<li>Accedir a la identitat de les persones que han estat nomenades per ocupar un lloc de treball a la Diputaci\u00f3 de Barcelona, encara que sigui per un o diversos lapses breus de temps.\u00a0<\/li>\n<li>Accedir a la informaci\u00f3 demanada sobre la durada dels nomenaments respectius i sobre el fet que la persona en q\u00fcesti\u00f3 formi part o no d\u2019alguna de les borses de treball.\u00a0<\/li>\n<li>La informaci\u00f3 relativa a les borses de treball s\u2019ha de facilitar al sindicat de manera pseudonimitzada. F\u00f3rmula que equilibra el dret de control efectiu del sindicat i la protecci\u00f3 de dades. \u00a0<\/li>\n<li>S\u2019ha de lliurar la informaci\u00f3 en un format electr\u00f2nic reutilitzable per facilitar les\u00a0 cerques, creuar i tractar les dades per tal de satisfer la finalitat que motiva l\u2019acc\u00e9s.\u00a0<\/li>\n<\/ul>\n<p><b>Antecedents<\/b><b> abans de fer la reclamaci\u00f3 al <\/b><b>GAIP<\/b><b>:<\/b>\u00a0<\/p>\n<p><b>18 juny de 2014<\/b> Dirigim escrit amb n\u00famero de registre 1400039143 demanem el llistat nominal de les borses i de les persones nomenades.<\/p>\n<p><b>14 de juliol de 2014<\/b> La corporaci\u00f3 en un escrit amb n\u00famero de registre 1400029425 ens respon:\u00a0<\/p>\n<p><b>24 d\u2019octubre de 2014<\/b> Dirigim un nou escrit amb n\u00famero de registre 1400057337 i reiterem la nostra petici\u00f3 de informaci\u00f3.\u00a0<\/p>\n<p><b>2014-2016<\/b> Durant aquest per\u00edode, hem exigit en diferents reunions i via electr\u00f2nica (ho tenim registrat) el nostre dret al control efectiu de les borses. Sense informaci\u00f3 i transpar\u00e8ncia era impossible exercir el nostre dret.\u00a0<\/p>\n<p><b>11 de febrer de 2016<\/b> Mesa General de Negociaci\u00f3: reiterem la nostra petici\u00f3 a tenir els llistats de totes les borses en un termini d\u2019entre 7 i 10 dies. En cas contrari, entendr\u00edem que hem de buscar altres m\u00e8todes per fer valdre els nostres drets a la informaci\u00f3. Aquest va ser el nostre discurs a la Mesa:\u00a0<\/p>\n<p><b>18 d\u2019abril de 2016<\/b> Dirigim un nou escrit amb numero de registre 1600022432 fent refer\u00e8ncia a les nostres paraules a la Mesa de Negociaci\u00f3 de l&#8217;11 de febrer de 2016 (punt 5) i fent evident que nom\u00e9s disposem de la relaci\u00f3 nominal de 21 borses de treball. Insistim que se\u2019ns doni informaci\u00f3 de totes.\u00a0<\/p>\n<p><b>17 d\u2019octubre de 2016<\/b> Demanen informaci\u00f3 respecte a la borsa de treball S-11\/11, d\u2019Auxiliar de geriatria respecte a nomenaments efectuats i persones que no en formen part.\u00a0<\/p>\n<p><b>10 de novembre de 2016<\/b> Rebem en format paper una relaci\u00f3 de 145 p\u00e0gines amb la relaci\u00f3 de nomenaments d\u2019auxiliars de geriatria produ\u00efts entre l\u20191 de novembre de 2012 fins el 31 d\u2019octubre de 2016. El format fa impossible la seva utilitzaci\u00f3 efectiva.\u00a0<\/p>\n<p><b>15 de novembre de 2016<\/b> Dirigim un nou escrit amb numero de registre 1600060586 informant que nom\u00e9s disposem d&#8217;informaci\u00f3 de 52 borses de treball de les m\u00e9s de 100 que t\u00e9 la Diputaci\u00f3 de Barcelona. Reiterem que, a m\u00e9s, volem saber quines persones han treballat o han treballat i la duraci\u00f3 dels seus nomenaments per poder realitzar un control de la correcta gesti\u00f3 de les borses.\u00a0<\/p>\n<p>De fet, aprofitem aquest escrit per denunciar el fet que tenim coneixement que treballen moltes persones en aquesta instituci\u00f3 sense haver passat cap proc\u00e9s selectiu (per tant que no formen part de cap borsa). Volem con\u00e8ixer el nombre d\u2019aquestes persones a la vegada que li fem saber a la DSRH la nostra posici\u00f3 contr\u00e0ria a aquesta pr\u00e0ctica.\u00a0<\/p>\n<p>L\u2019escrit conclou que (tal com disposa la llei 19\/2014) esperem que ens donin tota la informaci\u00f3 en el termini d\u2019un mes.\u00a0<\/p>\n<p><b>15 de desembre de 2016<\/b> La secci\u00f3 no rep cap resposta a la nostra petici\u00f3\u00a0<\/p>\n<p><b>15-21 de desembre de 2016<\/b> Ens posem en contacte presencialment amb la DSRH. Ens confirmen que no ens donaran la informaci\u00f3 que sol\u00b7licitem.\u00a0<\/p>\n<p><b>22 de desembre de 2016<\/b> Presentem reclamaci\u00f3 al GAIP.\u00a0\u00a0<\/p>\n<p>El que va passar des d\u2019aquell moment fins ara, ho podeu trobar detallat a la resoluci\u00f3 en la part expositiva <i>ANTECEDENTS<\/i>.\u00a0<\/p>\n<p><b>Informe de l\u2019autoritat catalana de protecci\u00f3 de dades<\/b><b> (<\/b><b>l\u2019APDCAT<\/b><b>)<\/b>\u00a0<\/p>\n<p>En dos informes diferents, l\u2019APDCAT conclou que la secci\u00f3 sindical t\u00e9 dret a con\u00e8ixer la identitat de les persones que ocupen o han ocupat un lloc de treball a la Diputaci\u00f3 durant un per\u00edode de temps concret, i a la duraci\u00f3 dels nomenaments.\u00a0<\/p>\n<p>\u00c9s interessant ressaltar el que la resoluci\u00f3 diu respecte a l&#8217;actitud de la Diputaci\u00f3:\u00a0\u00a0<\/p>\n<p>\u00bb La Diputaci\u00f3 de Barcelojna, tot i afirmar en l&#8217;informe de 13 de desembre de 2016 (antecedent 7) que subministraria la inforamci\u00f3 sol\u00b7licitada d&#8217;acord amb aquest criteri de l&#8217;APDCAT que aquesta havia manifestat en dict\u00e0mens precents com el que cita l&#8217;informe), en realitat fa tot el contrari : \u00a0lliura al sindicat reclamant la relaci\u00f3 nominal de totes les borses de treball &#8230; i en canvi, ofereix la informaci\u00f3 sobre els nomenaments de manera pseudoanonimitzada! &#8230;<\/p>\n<p>\u00a0Aix\u00ed ens fa arribar la seg\u00fcent informaci\u00f3:\u00a0<\/p>\n<ul>\n<li>Llistat nominal de les Borses de treball&#8230;&#8230;&#8230;&#8230;&#8230;&#8230;&#8230;&#8230;.( Nom i cognoms )\u00a0<\/li>\n<li>Llistat dels nomenaments&#8230;&#8230;&#8230;&#8230;&#8230;&#8230;&#8230;&#8230;&#8230;&#8230;&#8230;&#8230;&#8230;&#8230;&#8230;.( N\u00ba d\u2019empleat )\u00a0<\/li>\n<li>Llistat dels nomenaments de persones fora borsa&#8230;&#8230;..( N\u00ba org\u00e0nic )\u00a0<\/li>\n<\/ul>\n<p>Aquesta manera de donar-nos les dades, com reconeix el GAIP impedeix:\u00a0<\/p>\n<p>\u00abque el sindicat pugui creuar ambd\u00f3s tipus de llistes i comprovar que les borses de treball s&#8217;apliquin coorrectament i se segueix l&#8217;ordre de prelaci\u00f3 de candidats establert en elles. Es frustra, aix\u00ed, en gran part, la finalitat de sol\u00b7licitud d&#8217;acc\u00e9s que d\u00f3na lloc a la Reclamaci\u00f3\u00bb.<\/p>\n<p>\u00a0A la vista de tot l\u2019anterior, la Diputaci\u00f3 de Barcelona haur\u00e0 de tornar a lliurar la informaci\u00f3 que permeti creuar les dades i realitzar un control efectiu i amb un format electr\u00f2nic reutilitzable al sindicat gratu\u00eftament i per correu electr\u00f2nic.\u00a0\u00a0<\/p>\n<p><b>La Diputaci\u00f3 demana l\u2019ampliaci\u00f3 de termini de compliment de la resoluci\u00f3.<\/b><b>\u00a0<\/b>\u00a0<\/p>\n<p>GAIP accepta ampliar el termini d\u2019execuci\u00f3 i indica que la informaci\u00f3 haur\u00e0 de ser lliurada el <b>28 d\u2019abril de 2017<\/b> com a molt tard.<\/p>\n<h3 style=\"text-align: center\"><span style=\"color: #ff0000\">IMPORTANT REFLEXI\u00d3 TENINT EN COMPTE<\/span><\/h3>\n<h3 style=\"text-align: center\"><span style=\"color: #ff0000\">EL PROC\u00c9S NEGOCIADOR DE LES BORSES<\/span><\/h3>\n<p>\u00a0<\/p>\n<p>La manca de transpar\u00e8ncia i d\u2019informaci\u00f3 ha dificultat el nostre paper com a sindicat per a controlar la correcta utilitzaci\u00f3 de les borses i el respecte a l\u2019ordre de prelaci\u00f3. Hem lluitat durant molts anys fins a aconseguir-ho!\u00a0<\/p>\n<p>Dit aix\u00f2, ara la nostra reflexi\u00f3 \u00e9s la seg\u00fcent:\u00a0\u00a0<\/p>\n<ul>\n<li>\u00c9s possible que aquesta resoluci\u00f3 (que reconeix el nostre dret a la informaci\u00f3) hagi influ\u00eft en que el proc\u00e9s negociador s\u2019acabi amb la <b>imposici\u00f3 unilateral<\/b> de la Diputaci\u00f3?\u00a0<\/li>\n<li>\u00c9s possible que, ara m\u00e9s que mai, era vital <b>imposar (en un reglament) <\/b>all\u00f2 del<b> \u201cperfil\u201d<\/b> professional FORA del proc\u00e9s selectiu?\u00a0<\/li>\n<\/ul>\n<p>A m\u00e9s, encara ens preguntem el perqu\u00e8 ens hem de veure for\u00e7ats a anar a reclamar el nostres drets fora de la Diputaci\u00f3. Potser no es t\u00e9 clar quin \u00e9s el paper dels sindicats? Si no hi ha res a amagar, perqu\u00e8 tanta retic\u00e8ncies?\u00a0\u00a0<\/p>\n<p>Des de CCOO apostem per una <i>Diba Oberta<\/i> de veritat! La transpar\u00e8ncia no ha de ser nom\u00e9s un lema o una paraula buida sin\u00f3 ha de ser una realitat on cadasc\u00fa podem exercir les nostres funcions sense entrebancs.\u00a0\u00a0<\/p>\n<p style=\"text-align: center\">* \u00a0* \u00a0* \u00a0* \u00a0*<\/p>\n<\/div>\n<\/div>\n<\/div>\n<\/div>\n<\/div>\n<div id=\"pg-1538-2\" class=\"panel-grid panel-no-style\">\n<div id=\"pgc-1538-2-0\" class=\"panel-grid-cell\">\n<div id=\"panel-1538-2-0-0\" class=\"so-panel widget widget_sow-editor panel-first-child panel-last-child\">\n<div class=\"so-widget-sow-editor so-widget-sow-editor-base\">\n<div class=\"siteorigin-widget-tinymce textwidget\">\n<p><img loading=\"lazy\" decoding=\"async\" class=\"alignleft wp-image-226\" src=\"http:\/\/ccoo.app\/diputacio-de-barcelona\/wp-content\/blogs.dir\/6\/files\/sites\/186\/2016\/04\/estem-decidits-acontinuar-lluitant.png\" alt=\"Estem decidits a continuar lluitant !\" width=\"213\" height=\"89\" \/><\/p>\n<p><img loading=\"lazy\" decoding=\"async\" class=\"wp-image-262 alignright\" src=\"http:\/\/ccoo.app\/diputacio-de-barcelona\/wp-content\/blogs.dir\/6\/files\/sites\/186\/2016\/04\/afiliat_ccoo_cat.gif\" alt=\"Tota la informaci\u00f3 de com afiliar-se a CCOO Catalunya i forlmulari d'alta o baxia.\" width=\"90\" height=\"80\" \/><\/p>\n<p><img loading=\"lazy\" decoding=\"async\" class=\"wp-image-227 aligncenter\" src=\"http:\/\/ccoo.app\/diputacio-de-barcelona\/wp-content\/blogs.dir\/6\/files\/sites\/186\/2016\/04\/logo-peu-300x69.png\" alt=\"logo-peu\" width=\"952\" height=\"219\" srcset=\"https:\/\/ccoo.app\/diputacio-de-barcelona\/wp-content\/blogs.dir\/6\/files\/sites\/186\/2016\/04\/logo-peu-300x69.png 300w, https:\/\/ccoo.app\/diputacio-de-barcelona\/wp-content\/blogs.dir\/6\/files\/sites\/186\/2016\/04\/logo-peu.png 557w\" sizes=\"auto, (max-width: 952px) 100vw, 952px\" \/><\/p>\n<p style=\"text-align: center\"><small><\/small><small>Formulari d&#8217;<a href=\"\/afiliat\/\">alta<\/a>, <a href=\"\/afiliat\/\">baixa <\/a>o <a href=\"\/afiliat\/\">modificaci\u00f3 <\/a>de les dades personals o<br \/>\n contacta&#8217;ns a trav\u00e9s del tel\u00e8fon<strong> 934 022 985<\/strong> o correu: <a href=\"mailto:ccoo@diba.cat\"><strong>ccoo@diba.cat<\/strong><\/a><\/small><\/p>\n<\/div>\n<\/div>\n<\/div>\n<\/div>\n<\/div>\n<\/div>\n","protected":false},"excerpt":{"rendered":"<p>\u00a0 \u00a0 LA COMISSI\u00d3 DE GARANTIA DEL DRET D&#8217;ACC\u00c9S A LA INFORMACI\u00d3 P\u00daBLICA DONA LA RA\u00d3 A CCOO TENIM DRET A LA INFORMACI\u00d3 DE LES BORSES DE TREBALL I DELS &#8230; <\/p>\n<p class=\"read-more-container\"><a title=\"GAIP DONA LA RA\u00d3 A CCOO\" class=\"read-more button\" href=\"https:\/\/ccoo.app\/diputacio-de-barcelona\/gaip-dona-la-rao-a-ccoo\/#more-1538\" aria-label=\"Leer m\u00e1s sobre GAIP DONA LA RA\u00d3 A CCOO\">Continuar llegint<\/a><\/p>\n","protected":false},"author":4519,"featured_media":255,"comment_status":"open","ping_status":"open","sticky":false,"template":"","format":"standard","meta":{"footnotes":""},"categories":[19,24],"tags":[180],"class_list":["post-1538","post","type-post","status-publish","format-standard","has-post-thumbnail","hentry","category-comunicats","category-interins","tag-personal-interi","generate-columns","tablet-grid-50","mobile-grid-100","grid-parent","grid-50"],"_links":{"self":[{"href":"https:\/\/ccoo.app\/diputacio-de-barcelona\/wp-json\/wp\/v2\/posts\/1538","targetHints":{"allow":["GET"]}}],"collection":[{"href":"https:\/\/ccoo.app\/diputacio-de-barcelona\/wp-json\/wp\/v2\/posts"}],"about":[{"href":"https:\/\/ccoo.app\/diputacio-de-barcelona\/wp-json\/wp\/v2\/types\/post"}],"author":[{"embeddable":true,"href":"https:\/\/ccoo.app\/diputacio-de-barcelona\/wp-json\/wp\/v2\/users\/4519"}],"replies":[{"embeddable":true,"href":"https:\/\/ccoo.app\/diputacio-de-barcelona\/wp-json\/wp\/v2\/comments?post=1538"}],"version-history":[{"count":1,"href":"https:\/\/ccoo.app\/diputacio-de-barcelona\/wp-json\/wp\/v2\/posts\/1538\/revisions"}],"predecessor-version":[{"id":52234,"href":"https:\/\/ccoo.app\/diputacio-de-barcelona\/wp-json\/wp\/v2\/posts\/1538\/revisions\/52234"}],"wp:featuredmedia":[{"embeddable":true,"href":"https:\/\/ccoo.app\/diputacio-de-barcelona\/wp-json\/wp\/v2\/media\/255"}],"wp:attachment":[{"href":"https:\/\/ccoo.app\/diputacio-de-barcelona\/wp-json\/wp\/v2\/media?parent=1538"}],"wp:term":[{"taxonomy":"category","embeddable":true,"href":"https:\/\/ccoo.app\/diputacio-de-barcelona\/wp-json\/wp\/v2\/categories?post=1538"},{"taxonomy":"post_tag","embeddable":true,"href":"https:\/\/ccoo.app\/diputacio-de-barcelona\/wp-json\/wp\/v2\/tags?post=1538"}],"curies":[{"name":"wp","href":"https:\/\/api.w.org\/{rel}","templated":true}]}}