{"id":1521,"date":"2017-04-18T11:52:04","date_gmt":"2017-04-18T10:52:04","guid":{"rendered":"https:\/\/diba.ccoo.cat\/?p=1521"},"modified":"2023-02-22T19:15:04","modified_gmt":"2023-02-22T18:15:04","slug":"comissio-de-serveis-i-concurs-de-lliure-designacio-ccoo-exigim-canvis-2","status":"publish","type":"post","link":"https:\/\/ccoo.app\/diputacio-de-barcelona\/comissio-de-serveis-i-concurs-de-lliure-designacio-ccoo-exigim-canvis-2\/","title":{"rendered":"COMISSI\u00d3 DE SERVEIS I CONCURS DE LLIURE DESIGNACI\u00d3 CCOO EXIGIM CANVIS"},"content":{"rendered":"<div id=\"pl-1521\" class=\"panel-layout\">\n<div id=\"pg-1521-0\" class=\"panel-grid panel-no-style\">\n<div id=\"pgc-1521-0-0\" class=\"panel-grid-cell\">\n<div id=\"panel-1521-0-0-0\" class=\"so-panel widget widget_sow-editor panel-first-child panel-last-child\">\n<div class=\"so-widget-sow-editor so-widget-sow-editor-base\">\n<div class=\"siteorigin-widget-tinymce textwidget\">\n<figure id=\"attachment_189\" aria-describedby=\"caption-attachment-189\" style=\"width: 459px\" class=\"wp-caption aligncenter\"><img loading=\"lazy\" decoding=\"async\" class=\"wp-image-189\" title=\"Secci\u00f3 Sindical de la Diutaci\u00f3 de Barcelona de la Federaci\u00f3 Sindical de Catalunya\" src=\"http:\/\/ccoo.app\/diputacio-de-barcelona\/wp-content\/blogs.dir\/6\/files\/sites\/186\/2015\/12\/ccoo-fsc-cat.png\" alt=\"Secci\u00f3 Sindical de la Diputaci\u00f3 de Barcelona de la Federaci\u00f3 Sindical de Catalunya\" width=\"469\" height=\"90\" \/><figcaption id=\"caption-attachment-189\" class=\"wp-caption-text\">Secci\u00f3 Sindical de la Diputaci\u00f3 de Barcelona<\/figcaption><\/figure>\n<h3 style=\"text-align: center\"><\/h3>\n<\/div>\n<\/div>\n<\/div>\n<\/div>\n<\/div>\n<div id=\"pg-1521-1\" class=\"panel-grid panel-no-style\">\n<div id=\"pgc-1521-1-0\" class=\"panel-grid-cell\">\n<div id=\"panel-1521-1-0-0\" class=\"so-panel widget widget_sow-editor panel-first-child panel-last-child\">\n<div class=\"so-widget-sow-editor so-widget-sow-editor-base\">\n<div class=\"siteorigin-widget-tinymce textwidget\">\n<h3 style=\"text-align: center\"><span style=\"color: #0000ff;font-size: 24px;font-family: 'arial black', sans-serif\"><strong>COMISSI\u00d3 DE SERVEIS I CONCURS DE LLIURE DESIGNACI\u00d3 <\/strong><\/span><\/h3>\n<h3 style=\"text-align: center\"><a href=\"https:\/\/diba.ccoo.cat\/wp-content\/uploads\/sites\/37\/2017\/04\/COMISSI%C3%93-DE-SERVEI-I-LLIURE-DESIGNACI%C3%93.pdf\"><span style=\"color: #0000ff;font-family: 'arial black', sans-serif\">Cliqueu aqu\u00ed<\/span><\/a> per llegir <strong>ESCRIT ENVIAT ALS GRUPS POL\u00cdTICS<\/strong><\/h3>\n<p>&nbsp;<\/p>\n<h3 style=\"text-align: center\"><span style=\"font-family: 'arial black', sans-serif;font-size: 32px\"><strong><span style=\"color: #ff0000\">CCOO EXIGIM CANVIS JA!<\/span><\/strong><\/span><\/h3>\n<p style=\"text-align: justify\"><span style=\"font-family: arial, helvetica, sans-serif;color: #000000\">La Comissi\u00f3 de Servei constitueix una de les <b>modalitats excepcionals<\/b> de provisi\u00f3 de llocs de treball. Des del nostre punt de vista, la Diputaci\u00f3 de Barcelona fa un \u00fas innecessari o injustificat d\u2019aquesta modalitat, especialment quan s\u2019utilitza en sup\u00f2sits totalment previsibles.\u00a0\u00a0<\/span><\/p>\n<h3><\/h3>\n<h3 style=\"text-align: justify\"><span style=\"font-family: arial, helvetica, sans-serif;color: #000000\"><b>COMISSI\u00d3 DE SERVEIS<\/b> <b>CCOO EXIGIM:<\/b><b>\u00a0<\/b>\u00a0<\/span><\/h3>\n<ul style=\"text-align: justify\">\n<li><span style=\"font-family: arial, helvetica, sans-serif;color: #000000\">Que l\u2019\u00fas de la comissi\u00f3 de serveis es faci nom\u00e9s per a casos urgents, d\u2019inajornable necessitat i veritablement justificats.<\/span><\/li>\n<li><span style=\"font-family: arial, helvetica, sans-serif;color: #000000\">\u00a0Que no se\u2019n faci \u00fas (d\u2019acord amb el punt anterior) tant de la comissi\u00f3 de serveis a nivell intern, com de les que impliquin portar personal d\u2019altres administracions a la Diba o viceversa.\u00a0<\/span><\/li>\n<li><span style=\"font-family: arial, helvetica, sans-serif;color: #000000\">S\u2019ha d\u2019<b>apostar en primer lloc pel personal intern<\/b> (a cada administraci\u00f3) enlloc de portar personal d\u2019altres administracions.\u00a0<\/span><\/li>\n<li><span style=\"font-family: arial, helvetica, sans-serif;color: #000000\">S\u2019ha d\u2019apostar <b>en primer lloc pels procediments ordinaris<\/b> abans dels excepcionals.\u00a0<\/span><\/li>\n<li><span style=\"font-family: arial, helvetica, sans-serif;color: #000000\">Quan sigui objectivament necessari fer una comissi\u00f3 de serveis, s\u2019ha de realitzar la convocat\u00f2ria de provisi\u00f3 oberta a tot el personal el m\u00e9s aviat possible (per no donar menys oportunitats a d\u2019altres a la provisi\u00f3 definitiva).\u00a0\u00a0<\/span><\/li>\n<\/ul>\n<h3><\/h3>\n<h3 style=\"text-align: justify\"><span style=\"font-family: arial, helvetica, sans-serif;color: #000000\"><strong>CCOO ENS DIRIGIM ALS GRUPS POL\u00cdTICS\u00a0\u00a0<\/strong><\/span><\/h3>\n<p style=\"text-align: justify\"><span style=\"font-family: arial, helvetica, sans-serif;color: #000000\">En el document adjunt <b><i>ESCRIT GRUPS POL\u00cdTICS DIBA<\/i><\/b> podeu veure un extracte de l\u2019escrit que vam enviar als grups pol\u00edtics exigint la correcta utilitzaci\u00f3 de la comissi\u00f3 de serveis a la Diputaci\u00f3 de Barcelona.\u00a0<\/span><\/p>\n<h3><\/h3>\n<h3 style=\"text-align: justify\"><span style=\"font-family: arial, helvetica, sans-serif;color: #000000\"><b>UNA SENT\u00c8NCIA DECLARA NUL\u00b7LA UNA COMISSI\u00d3<\/b><b>\u00a0<\/b>\u00a0<\/span><\/h3>\n<p style=\"text-align: justify\"><span style=\"font-family: arial, helvetica, sans-serif;color: #000000\">\u00c9s important la recent sent\u00e8ncia del jutjat n\u00fam. 4 de Barcelona declarant la nul\u00b7litat de la comissi\u00f3 de serveis de la Cap de Recursos Humans de l\u2019ajuntament de l\u2019Hospitalet.\u00a0<\/span><\/p>\n<p style=\"text-align: justify\"><span style=\"font-family: arial, helvetica, sans-serif;color: #000000\">Al seg\u00fcent enlla\u00e7 trobareu la sent\u00e8ncia:\u00a0<\/span><\/p>\n<p><span style=\"color: #0000ff\">https:\/\/drive.google.com\/file\/d\/0B5k5E-cLB7xuRDhGVGp4TFVDTFk\/view<\/span><\/p>\n<p style=\"text-align: justify\"><span style=\"font-family: arial, helvetica, sans-serif;color: #000000\">En el punt <i>CUARTO<\/i> de la sent\u00e8ncia es diu:\u00a0<\/span><\/p>\n<p style=\"text-align: justify\"><span style=\"font-family: arial, helvetica, sans-serif;color: #000000\">\u201c<i>al no llevar a cabo la <\/i><i>correspondiente<\/i> <i>convocatoria<\/i><i> para <\/i><b><i>cubrir<\/i><\/b><b><i> el <\/i><\/b><b><i>puesto<\/i><\/b> <b><i>vacante<\/i><\/b><b><i> a trav\u00e9s del sistema <\/i><\/b><b><i>establecido<\/i><\/b><b><i> en la <\/i><\/b><b><i>relaci\u00f3n<\/i><\/b><b><i> de <\/i><\/b><b><i>puestos<\/i><\/b><b><i> de <\/i><\/b><b><i>trabajo<\/i><\/b><b><i>,<\/i><\/b><i> y ha <\/i><i>utilizado<\/i><i> por contra la f\u00f3rmula de la <\/i><i>comisi\u00f3n<\/i><i> de <\/i><i>servicios<\/i><i> para <\/i><i>cubrirlo<\/i><i> de forma <\/i><i>an\u00f3mala<\/i><i>, pues la <\/i><i>finalidad<\/i><i> de <\/i><i>dicha<\/i><i> figura (<\/i><i>comisi\u00f3n<\/i><i> de Servicios) <\/i><b><i>no<\/i><\/b> <i>est\u00e1<\/i><i> en <\/i><i>permitir<\/i><i> a la <\/i><i>Administraci\u00f3n<\/i> <i>cubrir<\/i><i> un <\/i><i>puesto<\/i><i> de <\/i><i>trabajo<\/i> <i>mediante<\/i> <b><i>personal <\/i><\/b><b><i>ajeno<\/i><\/b><b><i> a <\/i><\/b><b><i>esa<\/i><\/b> <b><i>Administraci\u00f3n<\/i><\/b>\u201d.\u00a0<\/span><\/p>\n<p style=\"text-align: justify\"><span style=\"font-family: arial, helvetica, sans-serif;color: #000000\">Per tant, CCOO no volem que s\u2019utilitzi (de manera no degudament justificada) <b>ni la comissi\u00f3 de serveis ni cap altra figura temporal i excepcional<\/b> enlloc de fer \u00fas de la regla general de provisi\u00f3 definitiva. S\u2019han de cobrir les vacants d\u2019acord amb el sistema que marca la Relaci\u00f3 de Llocs de treball, \u00e9s a dir, per concurs de m\u00e8rits, concurs espec\u00edfic o de lliure designaci\u00f3.\u00a0\u00a0<\/span><\/p>\n<h3><\/h3>\n<h3 style=\"text-align: justify\"><span style=\"font-family: arial, helvetica, sans-serif;color: #000000\"><b>LLIURE DESIGNACI\u00d3<\/b> <b>CCOO EXIGIM<\/b><b>\u00a0<\/b>\u00a0<\/span><\/h3>\n<p style=\"text-align: justify\"><span style=\"font-family: arial, helvetica, sans-serif;color: #000000\">Modificaci\u00f3 de l\u2019actual Relaci\u00f3 de Llocs de Treball en els seg\u00fcents termes:\u00a0<\/span><\/p>\n<ul style=\"text-align: justify\">\n<li><span style=\"font-family: arial, helvetica, sans-serif;color: #000000\">Modificaci\u00f3 de la forma de provisi\u00f3 com a <b>Concurs Espec\u00edfic<\/b> <b>enlloc de Lliure Designaci\u00f3<\/b> dels llocs de treball de:<\/span>\n<ul>\n<li><span style=\"font-family: arial, helvetica, sans-serif;color: #000000\">Subdirector\/a\u00a0<\/span><\/li>\n<li><span style=\"font-family: arial, helvetica, sans-serif;color: #000000\">Cap de Servei\u00a0<\/span><\/li>\n<li><span style=\"font-family: arial, helvetica, sans-serif;color: #000000\">Cap d\u2019Oficina\u00a0<\/span><\/li>\n<li><span style=\"font-family: arial, helvetica, sans-serif;color: #000000\">T\u00e8cnics assessors de nivell 26 o superior\u00a0<\/span><\/li>\n<\/ul>\n<\/li>\n<\/ul>\n<p style=\"text-align: justify\"><span style=\"font-family: arial, helvetica, sans-serif;color: #000000\">Tal com hem dit en moltes ocasions, \u00e9s important actualitzar i revisar l\u2019actual reglament de Provisi\u00f3 per donar plenes garanties de transpar\u00e8ncia, igualtat, m\u00e8rit i capacitat.\u00a0<\/span><\/p>\n<p style=\"text-align: justify\"><span style=\"font-family: arial, helvetica, sans-serif;color: #000000\">En el document adjunt <b><i>ESCRIT GRUPS POL\u00cdTICS DIBA<\/i><\/b> podeu veure tamb\u00e9 per la <i>Lliure Designaci\u00f3<\/i> la nostra proposta enviada.\u00a0<\/span><\/p>\n<p style=\"text-align: justify\">* \u00a0* \u00a0* \u00a0* \u00a0*<\/p>\n<\/div>\n<\/div>\n<\/div>\n<\/div>\n<\/div>\n<div id=\"pg-1521-2\" class=\"panel-grid panel-no-style\">\n<div id=\"pgc-1521-2-0\" class=\"panel-grid-cell\">\n<div id=\"panel-1521-2-0-0\" class=\"so-panel widget widget_sow-editor panel-first-child panel-last-child\">\n<div class=\"so-widget-sow-editor so-widget-sow-editor-base\">\n<div class=\"siteorigin-widget-tinymce textwidget\">\n<p><img loading=\"lazy\" decoding=\"async\" class=\"alignleft wp-image-226\" src=\"http:\/\/ccoo.app\/diputacio-de-barcelona\/wp-content\/blogs.dir\/6\/files\/sites\/186\/2016\/04\/estem-decidits-acontinuar-lluitant.png\" alt=\"Estem decidits a continuar lluitant !\" width=\"213\" height=\"89\" \/><\/p>\n<p><img loading=\"lazy\" decoding=\"async\" class=\"wp-image-262 alignright\" src=\"http:\/\/ccoo.app\/diputacio-de-barcelona\/wp-content\/blogs.dir\/6\/files\/sites\/186\/2016\/04\/afiliat_ccoo_cat.gif\" alt=\"Tota la informaci\u00f3 de com afiliar-se a CCOO Catalunya i forlmulari d'alta o baxia.\" width=\"90\" height=\"80\" \/><\/p>\n<p><img loading=\"lazy\" decoding=\"async\" class=\"wp-image-227 aligncenter\" src=\"http:\/\/ccoo.app\/diputacio-de-barcelona\/wp-content\/blogs.dir\/6\/files\/sites\/186\/2016\/04\/logo-peu-300x69.png\" alt=\"logo-peu\" width=\"952\" height=\"219\" srcset=\"https:\/\/ccoo.app\/diputacio-de-barcelona\/wp-content\/blogs.dir\/6\/files\/sites\/186\/2016\/04\/logo-peu-300x69.png 300w, https:\/\/ccoo.app\/diputacio-de-barcelona\/wp-content\/blogs.dir\/6\/files\/sites\/186\/2016\/04\/logo-peu.png 557w\" sizes=\"auto, (max-width: 952px) 100vw, 952px\" \/><\/p>\n<p style=\"text-align: center\"><small><\/small><small>Formulari d&#8217;<a href=\"\/afiliat\/\">alta<\/a>, <a href=\"\/afiliat\/\">baixa <\/a>o <a href=\"\/afiliat\/\">modificaci\u00f3 <\/a>de les dades personals o<br \/>\ncontacta&#8217;ns a trav\u00e9s del tel\u00e8fon<strong> 934 022 985<\/strong> o correu: <a href=\"mailto:ccoo@diba.cat\"><strong>ccoo@diba.cat<\/strong><\/a><\/small><\/p>\n<\/div>\n<\/div>\n<\/div>\n<\/div>\n<\/div>\n<\/div>\n","protected":false},"excerpt":{"rendered":"<p>COMISSI\u00d3 DE SERVEIS I CONCURS DE LLIURE DESIGNACI\u00d3 Cliqueu aqu\u00ed per llegir ESCRIT ENVIAT ALS GRUPS POL\u00cdTICS &nbsp; CCOO EXIGIM CANVIS JA! La Comissi\u00f3 de Servei constitueix una de les &#8230; <\/p>\n<p class=\"read-more-container\"><a title=\"COMISSI\u00d3 DE SERVEIS I CONCURS DE LLIURE DESIGNACI\u00d3 CCOO EXIGIM CANVIS\" class=\"read-more button\" href=\"https:\/\/ccoo.app\/diputacio-de-barcelona\/comissio-de-serveis-i-concurs-de-lliure-designacio-ccoo-exigim-canvis-2\/#more-1521\" aria-label=\"Leer m\u00e1s sobre COMISSI\u00d3 DE SERVEIS I CONCURS DE LLIURE DESIGNACI\u00d3 CCOO EXIGIM CANVIS\">Continuar llegint<\/a><\/p>\n","protected":false},"author":4519,"featured_media":255,"comment_status":"open","ping_status":"open","sticky":false,"template":"","format":"standard","meta":{"footnotes":""},"categories":[38,19,33],"tags":[196],"class_list":["post-1521","post","type-post","status-publish","format-standard","has-post-thumbnail","hentry","category-a-tot-el-personal","category-comunicats","category-propostes-sindicals","tag-promocio-interna","generate-columns","tablet-grid-50","mobile-grid-100","grid-parent","grid-50"],"_links":{"self":[{"href":"https:\/\/ccoo.app\/diputacio-de-barcelona\/wp-json\/wp\/v2\/posts\/1521","targetHints":{"allow":["GET"]}}],"collection":[{"href":"https:\/\/ccoo.app\/diputacio-de-barcelona\/wp-json\/wp\/v2\/posts"}],"about":[{"href":"https:\/\/ccoo.app\/diputacio-de-barcelona\/wp-json\/wp\/v2\/types\/post"}],"author":[{"embeddable":true,"href":"https:\/\/ccoo.app\/diputacio-de-barcelona\/wp-json\/wp\/v2\/users\/4519"}],"replies":[{"embeddable":true,"href":"https:\/\/ccoo.app\/diputacio-de-barcelona\/wp-json\/wp\/v2\/comments?post=1521"}],"version-history":[{"count":1,"href":"https:\/\/ccoo.app\/diputacio-de-barcelona\/wp-json\/wp\/v2\/posts\/1521\/revisions"}],"predecessor-version":[{"id":52235,"href":"https:\/\/ccoo.app\/diputacio-de-barcelona\/wp-json\/wp\/v2\/posts\/1521\/revisions\/52235"}],"wp:featuredmedia":[{"embeddable":true,"href":"https:\/\/ccoo.app\/diputacio-de-barcelona\/wp-json\/wp\/v2\/media\/255"}],"wp:attachment":[{"href":"https:\/\/ccoo.app\/diputacio-de-barcelona\/wp-json\/wp\/v2\/media?parent=1521"}],"wp:term":[{"taxonomy":"category","embeddable":true,"href":"https:\/\/ccoo.app\/diputacio-de-barcelona\/wp-json\/wp\/v2\/categories?post=1521"},{"taxonomy":"post_tag","embeddable":true,"href":"https:\/\/ccoo.app\/diputacio-de-barcelona\/wp-json\/wp\/v2\/tags?post=1521"}],"curies":[{"name":"wp","href":"https:\/\/api.w.org\/{rel}","templated":true}]}}