{"id":1405,"date":"2017-05-16T09:28:02","date_gmt":"2017-05-16T08:28:02","guid":{"rendered":"https:\/\/diba.ccoo.cat\/?p=1405"},"modified":"2023-02-22T19:15:00","modified_gmt":"2023-02-22T18:15:00","slug":"assemblea-personal-respir","status":"publish","type":"post","link":"https:\/\/ccoo.app\/diputacio-de-barcelona\/assemblea-personal-respir\/","title":{"rendered":"ASSEMBLEA PERSONAL RESPIR"},"content":{"rendered":"<div id=\"pl-1405\" class=\"panel-layout\">\n<div id=\"pg-1405-0\" class=\"panel-grid panel-no-style\">\n<div id=\"pgc-1405-0-0\" class=\"panel-grid-cell\">\n<div id=\"panel-1405-0-0-0\" class=\"so-panel widget widget_sow-editor panel-first-child panel-last-child\">\n<div class=\"so-widget-sow-editor so-widget-sow-editor-base\">\n<div class=\"siteorigin-widget-tinymce textwidget\">\n<p>\u00a0<\/p>\n<figure id=\"attachment_189\" aria-describedby=\"caption-attachment-189\" style=\"width: 459px\" class=\"wp-caption aligncenter\"><img loading=\"lazy\" decoding=\"async\" class=\"wp-image-189\" title=\"Secci\u00f3 Sindical de la Diutaci\u00f3 de Barcelona de la Federaci\u00f3 Sindical de Catalunya\" src=\"http:\/\/ccoo.app\/diputacio-de-barcelona\/wp-content\/blogs.dir\/6\/files\/sites\/186\/2015\/12\/ccoo-fsc-cat.png\" alt=\"Secci\u00f3 Sindical de la Diputaci\u00f3 de Barcelona de la Federaci\u00f3 Sindical de Catalunya\" width=\"469\" height=\"90\" \/><figcaption id=\"caption-attachment-189\" class=\"wp-caption-text\">Secci\u00f3 Sindical de la Diputaci\u00f3 de Barcelona<\/figcaption><\/figure>\n<h3 style=\"text-align: center\">\u00a0<\/h3>\n<\/div>\n<\/div>\n<\/div>\n<\/div>\n<\/div>\n<div id=\"pg-1405-1\" class=\"panel-grid panel-no-style\">\n<div id=\"pgc-1405-1-0\" class=\"panel-grid-cell\">\n<div id=\"panel-1405-1-0-0\" class=\"so-panel widget widget_sow-editor panel-first-child panel-last-child\">\n<div class=\"so-widget-sow-editor so-widget-sow-editor-base\">\n<h3 class=\"widget-title\">Negociaci\u00f3 Planilles<\/h3>\n<div class=\"siteorigin-widget-tinymce textwidget\">\n<h3 style=\"text-align: center\"><strong><span style=\"color: #ff0000\">ASSEMBLEA PERSONAL RESPIR<\/span><\/strong><\/h3>\n<p style=\"text-align: center\"><span style=\"color: #ff0000\">-30\u00a0MAIG DE 2017-<\/span><\/p>\n<h3 style=\"text-align: center\">\u00a0<\/h3>\n<p style=\"text-align: center\"><span style=\"color: #ff0000\"><strong>ACORD PER A LA CONFECCI\u00d3 DE PLANILLES DEL PERSONAL A TORNS ADSCRIT A LA GER\u00c8NCIA DE SERVEIS RESPIR.<\/strong><\/span><\/p>\n<h3 style=\"text-align: center\"><strong><span style=\"color: #ff0000\"><br \/>\n<\/span><\/strong><\/p>\n<\/h3>\n<p>\u00a0<\/p>\n<p>Despr\u00e9s de 4 reunions de negociaci\u00f3, els i les representants de la corporaci\u00f3 ja donen com a definitiva l\u2019\u00faltima proposta d\u2019acord.<\/p>\n<p>Per tant, a l\u2019assemblea, us volem explicar l\u2019abast complet d\u2019aquesta \u00faltima proposta, quins objectius hem assolit i quins no s\u2019han aconseguit. Volem fer-vos coneixedors\/res d\u2019aix\u00f2 i <strong>valorar si es un acord assumible i acceptable o no<\/strong>.<strong><u><br \/>\n<\/u><\/strong><\/p>\n<p>\u00a0<\/p>\n<p><strong><u>LLOC:\u00a0 Sala annexa al Pavell\u00f3 Nord<\/u><\/strong><\/p>\n<p style=\"text-align: left\" align=\"center\"><strong><span style=\"color: #000000;font-family: 'Arial Black','sans-serif'\">DATA I HORARI<\/span><\/strong><\/p>\n<p><strong><u>Dimarts 30 de maig<\/u><\/strong>\u00a0\u00a0\u00a0\u00a0<\/p>\n<p><strong>9:45 \u2013 11:15<\/strong>\u00a0\u00a0\u00a0\u00a0\u00a0\u00a0\u00a0\u00a0\u00a0\u00a0 \u00a0\u00a0 MUNDET \u2013 RESPIR (Mat\u00ed)\u00a0\u00a0<\/p>\n<p><strong>17:00 \u2013 18:30<\/strong>\u00a0\u00a0\u00a0\u00a0\u00a0\u00a0\u00a0\u00a0\u00a0\u00a0 MUNDET \u2013 RESPIR (Tarda)<\/p>\n<p>\u00a0<\/p>\n<p><strong>ATENCI\u00d3!<\/strong><\/p>\n<p>Heu de tenir en compte que es una <strong><u>assemblea autoritzada<\/u> <\/strong>i es pot justificar el temps necessari amb el full d\u2019incid\u00e8ncia i el <u><\/u><strong><u>codi 562<\/u>.<\/strong><\/p>\n<p>Autoritzat<strong> <u>per a tot el personal<\/u>, <\/strong>sigui personal funcionari de carrera, inter\u00ed o de substituci\u00f3.<\/p>\n<p>\u00a0<\/p>\n<p style=\"text-align: center\">* \u00a0* \u00a0* \u00a0* \u00a0*<\/p>\n<\/div>\n<\/div>\n<\/div>\n<\/div>\n<\/div>\n<div id=\"pg-1405-2\" class=\"panel-grid panel-no-style\">\n<div id=\"pgc-1405-2-0\" class=\"panel-grid-cell\">\n<div id=\"panel-1405-2-0-0\" class=\"so-panel widget widget_sow-editor panel-first-child panel-last-child\">\n<div class=\"so-widget-sow-editor so-widget-sow-editor-base\">\n<div class=\"siteorigin-widget-tinymce textwidget\">\n<p><img loading=\"lazy\" decoding=\"async\" class=\"alignleft wp-image-226\" src=\"http:\/\/ccoo.app\/diputacio-de-barcelona\/wp-content\/blogs.dir\/6\/files\/sites\/186\/2016\/04\/estem-decidits-acontinuar-lluitant.png\" alt=\"Estem decidits a continuar lluitant !\" width=\"213\" height=\"89\" \/><\/p>\n<p><img loading=\"lazy\" decoding=\"async\" class=\"wp-image-262 alignright\" src=\"http:\/\/ccoo.app\/diputacio-de-barcelona\/wp-content\/blogs.dir\/6\/files\/sites\/186\/2016\/04\/afiliat_ccoo_cat.gif\" alt=\"Tota la informaci\u00f3 de com afiliar-se a CCOO Catalunya i forlmulari d'alta o baxia.\" width=\"90\" height=\"80\" \/><\/p>\n<p><img loading=\"lazy\" decoding=\"async\" class=\"wp-image-227 aligncenter\" src=\"http:\/\/ccoo.app\/diputacio-de-barcelona\/wp-content\/blogs.dir\/6\/files\/sites\/186\/2016\/04\/logo-peu-300x69.png\" alt=\"logo-peu\" width=\"952\" height=\"219\" srcset=\"https:\/\/ccoo.app\/diputacio-de-barcelona\/wp-content\/blogs.dir\/6\/files\/sites\/186\/2016\/04\/logo-peu-300x69.png 300w, https:\/\/ccoo.app\/diputacio-de-barcelona\/wp-content\/blogs.dir\/6\/files\/sites\/186\/2016\/04\/logo-peu.png 557w\" sizes=\"auto, (max-width: 952px) 100vw, 952px\" \/><\/p>\n<p style=\"text-align: center\"><small><\/small><small>Formulari d&#8217;<a href=\"\/afiliat\/\">alta<\/a>, <a href=\"\/afiliat\/\">baixa <\/a>o <a href=\"\/afiliat\/\">modificaci\u00f3 <\/a>de les dades personals o<br \/>\n contacta&#8217;ns a trav\u00e9s del tel\u00e8fon<strong> 934 022 985<\/strong> o correu: <a href=\"mailto:ccoo@diba.cat\"><strong>ccoo@diba.cat<\/strong><\/a><\/small><\/p>\n<\/div>\n<\/div>\n<\/div>\n<\/div>\n<\/div>\n<\/div>\n","protected":false},"excerpt":{"rendered":"<p>\u00a0 \u00a0 Negociaci\u00f3 Planilles ASSEMBLEA PERSONAL RESPIR -30\u00a0MAIG DE 2017- \u00a0 ACORD PER A LA CONFECCI\u00d3 DE PLANILLES DEL PERSONAL A TORNS ADSCRIT A LA GER\u00c8NCIA DE SERVEIS RESPIR. \u00a0 &#8230; <\/p>\n<p class=\"read-more-container\"><a title=\"ASSEMBLEA PERSONAL RESPIR\" class=\"read-more button\" href=\"https:\/\/ccoo.app\/diputacio-de-barcelona\/assemblea-personal-respir\/#more-1405\" aria-label=\"Leer m\u00e1s sobre ASSEMBLEA PERSONAL RESPIR\">Continuar llegint<\/a><\/p>\n","protected":false},"author":4519,"featured_media":255,"comment_status":"open","ping_status":"open","sticky":false,"template":"","format":"standard","meta":{"footnotes":""},"categories":[19,26,31,33,34],"tags":[148,157,183],"class_list":["post-1405","post","type-post","status-publish","format-standard","has-post-thumbnail","hentry","category-comunicats","category-mgn","category-personal-interi-comunicats","category-propostes-sindicals","category-respir","tag-mesa-general-negociacio","tag-mundet","tag-planilles","generate-columns","tablet-grid-50","mobile-grid-100","grid-parent","grid-50"],"_links":{"self":[{"href":"https:\/\/ccoo.app\/diputacio-de-barcelona\/wp-json\/wp\/v2\/posts\/1405","targetHints":{"allow":["GET"]}}],"collection":[{"href":"https:\/\/ccoo.app\/diputacio-de-barcelona\/wp-json\/wp\/v2\/posts"}],"about":[{"href":"https:\/\/ccoo.app\/diputacio-de-barcelona\/wp-json\/wp\/v2\/types\/post"}],"author":[{"embeddable":true,"href":"https:\/\/ccoo.app\/diputacio-de-barcelona\/wp-json\/wp\/v2\/users\/4519"}],"replies":[{"embeddable":true,"href":"https:\/\/ccoo.app\/diputacio-de-barcelona\/wp-json\/wp\/v2\/comments?post=1405"}],"version-history":[{"count":1,"href":"https:\/\/ccoo.app\/diputacio-de-barcelona\/wp-json\/wp\/v2\/posts\/1405\/revisions"}],"predecessor-version":[{"id":52232,"href":"https:\/\/ccoo.app\/diputacio-de-barcelona\/wp-json\/wp\/v2\/posts\/1405\/revisions\/52232"}],"wp:featuredmedia":[{"embeddable":true,"href":"https:\/\/ccoo.app\/diputacio-de-barcelona\/wp-json\/wp\/v2\/media\/255"}],"wp:attachment":[{"href":"https:\/\/ccoo.app\/diputacio-de-barcelona\/wp-json\/wp\/v2\/media?parent=1405"}],"wp:term":[{"taxonomy":"category","embeddable":true,"href":"https:\/\/ccoo.app\/diputacio-de-barcelona\/wp-json\/wp\/v2\/categories?post=1405"},{"taxonomy":"post_tag","embeddable":true,"href":"https:\/\/ccoo.app\/diputacio-de-barcelona\/wp-json\/wp\/v2\/tags?post=1405"}],"curies":[{"name":"wp","href":"https:\/\/api.w.org\/{rel}","templated":true}]}}