{"id":1393,"date":"2017-06-06T08:58:11","date_gmt":"2017-06-06T07:58:11","guid":{"rendered":"https:\/\/diba.ccoo.cat\/?p=1393"},"modified":"2023-02-22T19:14:57","modified_gmt":"2023-02-22T18:14:57","slug":"info-situacio-personal-de-neteja-de-la-diputacio-de-barcelona","status":"publish","type":"post","link":"https:\/\/ccoo.app\/diputacio-de-barcelona\/info-situacio-personal-de-neteja-de-la-diputacio-de-barcelona\/","title":{"rendered":"INFO SITUACI\u00d3 PERSONAL DE NETEJA DE LA DIPUTACI\u00d3 DE BARCELONA"},"content":{"rendered":"<div id=\"pl-1393\" class=\"panel-layout\">\n<div id=\"pg-1393-0\" class=\"panel-grid panel-no-style\">\n<div id=\"pgc-1393-0-0\" class=\"panel-grid-cell\">\n<div id=\"panel-1393-0-0-0\" class=\"so-panel widget widget_sow-editor panel-first-child panel-last-child\">\n<div class=\"so-widget-sow-editor so-widget-sow-editor-base\">\n<div class=\"siteorigin-widget-tinymce textwidget\">\n<p>\u00a0<\/p>\n<figure id=\"attachment_189\" aria-describedby=\"caption-attachment-189\" style=\"width: 459px\" class=\"wp-caption aligncenter\"><img loading=\"lazy\" decoding=\"async\" class=\"wp-image-189\" title=\"Secci\u00f3 Sindical de la Diutaci\u00f3 de Barcelona de la Federaci\u00f3 Sindical de Catalunya\" src=\"http:\/\/ccoo.app\/diputacio-de-barcelona\/wp-content\/blogs.dir\/6\/files\/sites\/186\/2015\/12\/ccoo-fsc-cat.png\" alt=\"Secci\u00f3 Sindical de la Diputaci\u00f3 de Barcelona de la Federaci\u00f3 Sindical de Catalunya\" width=\"469\" height=\"90\" \/><figcaption id=\"caption-attachment-189\" class=\"wp-caption-text\">Secci\u00f3 Sindical de la Diputaci\u00f3 de Barcelona<\/figcaption><\/figure>\n<h3 style=\"text-align: center\">\u00a0<\/h3>\n<\/div>\n<\/div>\n<\/div>\n<\/div>\n<\/div>\n<div id=\"pg-1393-1\" class=\"panel-grid panel-no-style\">\n<div id=\"pgc-1393-1-0\" class=\"panel-grid-cell\">\n<div id=\"panel-1393-1-0-0\" class=\"so-panel widget widget_sow-editor panel-first-child panel-last-child\">\n<div class=\"so-widget-sow-editor so-widget-sow-editor-base\">\n<div class=\"siteorigin-widget-tinymce textwidget\">\n<h3 style=\"text-align: center\"><strong><span style=\"color: #ff0000\">INFO SITUACI\u00d3 PERSONAL DE NETEJA DE LA DIPUTACI\u00d3 DE BARCELONA<\/span><\/strong><\/h3>\n<p style=\"text-align: left\">CCOO ha fet costat a les treballadores de la neteja des del primer moment i ha treballat directament per trobar solucions a la situaci\u00f3 d\u2019impagaments de salaris, i continua fent-ho:\u00a0<\/p>\n<p><a href=\"https:\/\/youtu.be\/I-WwZK_7d9Q?t=3h52m55s\"><span style=\"color: #3366ff\">https:\/\/youtu.be\/I-WwZK_7d9Q?t=3h52m55s<\/span><\/a><\/p>\n<p><b>Fem di<\/b><b>fusi\u00f3 de la nota de <\/b><b>premsa<\/b><b> respecte als \u00faltims esdeveniments:<\/b>\u00a0<\/p>\n<p><i>Comissions Obreres de Catalunya informa de la reuni\u00f3 que va tenir lloc el dia 30 de maig amb la Diputaci\u00f3 de Bar<\/i><i>celona. Q<\/i><i>ue en aquesta reuni\u00f3 es va sol\u00b7licitar a la Diputaci\u00f3 que estiguessin atents a la subrogaci\u00f3 <\/i><i>que s\u2019efectuar\u00e0<\/i><i> del personal de neteja de l&#8217;empresa <\/i><b><i>Kle<\/i><\/b><b><i> Serveis Integrals<\/i><\/b><i> i <\/i><i>que es compl\u00eds amb el que estableix el conveni de refer\u00e8ncia i l&#8217;acord de bones pr\u00e0ctiques, en particular amb el tema de la liquidaci\u00f3 i les vacances.<\/i>\u00a0<\/p>\n<p><i>Es va informar a la Diputaci\u00f3 que <\/i><b><i>ja hi ha nomenat un administrador concursal, per poder tractar els temes de deute que hi ha pendents.<\/i><\/b>\u00a0<\/p>\n<p><i>Finalment es va demanar que ens informessin sobre quines empreses s\u00f3n les noves adjudicat\u00e0ries de la contracta, posant els filtres que siguin necessaris perqu\u00e8 no es<\/i><i> repeteixi la mateixa situaci\u00f3, es a dir, <\/i><i>haver de treballar i complir professionalment sense cobrar els salaris que en molts casos no arriben ni a 400 \u20ac.<\/i>\u00a0<\/p>\n<p><i>Per part de la Diputaci\u00f3 ens van contestar que atenien les nostres sol\u00b7licituds i estarien atents a qualsevol incid\u00e8ncia que es present\u00e9s, comunicant-nos que <\/i><i>eren conscients<\/i> <i>d<\/i><i>el malestar del personal de neteja.<\/i>\u00a0<\/p>\n<p><i>Us mantindrem informats de qualsevol novetat important al respecte.<\/i>\u00a0<\/p>\n<p>Des de la secci\u00f3 sindical, agra\u00efm el treball fet pels companys i companyes de la Federaci\u00f3 de Construcci\u00f3 i Serveis de CCOO Catalunya i la bona predisposici\u00f3 de la Diputaci\u00f3 en cercar solucions.\u00a0\u00a0<\/p>\n<p>Entenem que aquestes situacions haurien de portar-nos a fer una reflexi\u00f3 profunda respecte a les externalitzacions que una vegada m\u00e9s, amb aquest cas, demostren que no son m\u00e9s rendibles i nom\u00e9s aboquen al personal a m\u00e9s precarietat i pitjors condicions de treball.\u00a0<\/p>\n<p>Es hora d\u2019abordar de manera seria el debat sobre la internalitzaci\u00f3 de serveis. CCOO convidem a la Diputaci\u00f3 a posar-nos a treballar en aquesta direcci\u00f3.\u00a0<\/p>\n<p style=\"text-align: center\">* \u00a0* \u00a0* \u00a0* \u00a0*<\/p>\n<\/div>\n<\/div>\n<\/div>\n<\/div>\n<\/div>\n<div id=\"pg-1393-2\" class=\"panel-grid panel-no-style\">\n<div id=\"pgc-1393-2-0\" class=\"panel-grid-cell\">\n<div id=\"panel-1393-2-0-0\" class=\"so-panel widget widget_sow-editor panel-first-child panel-last-child\">\n<div class=\"so-widget-sow-editor so-widget-sow-editor-base\">\n<div class=\"siteorigin-widget-tinymce textwidget\">\n<p><img loading=\"lazy\" decoding=\"async\" class=\"alignleft wp-image-226\" src=\"http:\/\/ccoo.app\/diputacio-de-barcelona\/wp-content\/blogs.dir\/6\/files\/sites\/186\/2016\/04\/estem-decidits-acontinuar-lluitant.png\" alt=\"Estem decidits a continuar lluitant !\" width=\"213\" height=\"89\" \/><\/p>\n<p><img loading=\"lazy\" decoding=\"async\" class=\"wp-image-262 alignright\" src=\"http:\/\/ccoo.app\/diputacio-de-barcelona\/wp-content\/blogs.dir\/6\/files\/sites\/186\/2016\/04\/afiliat_ccoo_cat.gif\" alt=\"Tota la informaci\u00f3 de com afiliar-se a CCOO Catalunya i forlmulari d'alta o baxia.\" width=\"90\" height=\"80\" \/><\/p>\n<p><img loading=\"lazy\" decoding=\"async\" class=\"wp-image-227 aligncenter\" src=\"http:\/\/ccoo.app\/diputacio-de-barcelona\/wp-content\/blogs.dir\/6\/files\/sites\/186\/2016\/04\/logo-peu-300x69.png\" alt=\"logo-peu\" width=\"952\" height=\"219\" srcset=\"https:\/\/ccoo.app\/diputacio-de-barcelona\/wp-content\/blogs.dir\/6\/files\/sites\/186\/2016\/04\/logo-peu-300x69.png 300w, https:\/\/ccoo.app\/diputacio-de-barcelona\/wp-content\/blogs.dir\/6\/files\/sites\/186\/2016\/04\/logo-peu.png 557w\" sizes=\"auto, (max-width: 952px) 100vw, 952px\" \/><\/p>\n<p style=\"text-align: center\"><small><\/small><small>Formulari d&#8217;<a href=\"\/afiliat\/\">alta<\/a>, <a href=\"\/afiliat\/\">baixa <\/a>o <a href=\"\/afiliat\/\">modificaci\u00f3 <\/a>de les dades personals o<br \/>\n contacta&#8217;ns a trav\u00e9s del tel\u00e8fon<strong> 934 022 985<\/strong> o correu: <a href=\"mailto:ccoo@diba.cat\"><strong>ccoo@diba.cat<\/strong><\/a><\/small><\/p>\n<\/div>\n<\/div>\n<\/div>\n<\/div>\n<\/div>\n<\/div>\n","protected":false},"excerpt":{"rendered":"<p>\u00a0 \u00a0 INFO SITUACI\u00d3 PERSONAL DE NETEJA DE LA DIPUTACI\u00d3 DE BARCELONA CCOO ha fet costat a les treballadores de la neteja des del primer moment i ha treballat directament &#8230; <\/p>\n<p class=\"read-more-container\"><a title=\"INFO SITUACI\u00d3 PERSONAL DE NETEJA DE LA DIPUTACI\u00d3 DE BARCELONA\" class=\"read-more button\" href=\"https:\/\/ccoo.app\/diputacio-de-barcelona\/info-situacio-personal-de-neteja-de-la-diputacio-de-barcelona\/#more-1393\" aria-label=\"Leer m\u00e1s sobre INFO SITUACI\u00d3 PERSONAL DE NETEJA DE LA DIPUTACI\u00d3 DE BARCELONA\">Continuar llegint<\/a><\/p>\n","protected":false},"author":4519,"featured_media":255,"comment_status":"open","ping_status":"open","sticky":false,"template":"","format":"standard","meta":{"footnotes":""},"categories":[38,19],"tags":[],"class_list":["post-1393","post","type-post","status-publish","format-standard","has-post-thumbnail","hentry","category-a-tot-el-personal","category-comunicats","generate-columns","tablet-grid-50","mobile-grid-100","grid-parent","grid-50"],"_links":{"self":[{"href":"https:\/\/ccoo.app\/diputacio-de-barcelona\/wp-json\/wp\/v2\/posts\/1393","targetHints":{"allow":["GET"]}}],"collection":[{"href":"https:\/\/ccoo.app\/diputacio-de-barcelona\/wp-json\/wp\/v2\/posts"}],"about":[{"href":"https:\/\/ccoo.app\/diputacio-de-barcelona\/wp-json\/wp\/v2\/types\/post"}],"author":[{"embeddable":true,"href":"https:\/\/ccoo.app\/diputacio-de-barcelona\/wp-json\/wp\/v2\/users\/4519"}],"replies":[{"embeddable":true,"href":"https:\/\/ccoo.app\/diputacio-de-barcelona\/wp-json\/wp\/v2\/comments?post=1393"}],"version-history":[{"count":1,"href":"https:\/\/ccoo.app\/diputacio-de-barcelona\/wp-json\/wp\/v2\/posts\/1393\/revisions"}],"predecessor-version":[{"id":52230,"href":"https:\/\/ccoo.app\/diputacio-de-barcelona\/wp-json\/wp\/v2\/posts\/1393\/revisions\/52230"}],"wp:featuredmedia":[{"embeddable":true,"href":"https:\/\/ccoo.app\/diputacio-de-barcelona\/wp-json\/wp\/v2\/media\/255"}],"wp:attachment":[{"href":"https:\/\/ccoo.app\/diputacio-de-barcelona\/wp-json\/wp\/v2\/media?parent=1393"}],"wp:term":[{"taxonomy":"category","embeddable":true,"href":"https:\/\/ccoo.app\/diputacio-de-barcelona\/wp-json\/wp\/v2\/categories?post=1393"},{"taxonomy":"post_tag","embeddable":true,"href":"https:\/\/ccoo.app\/diputacio-de-barcelona\/wp-json\/wp\/v2\/tags?post=1393"}],"curies":[{"name":"wp","href":"https:\/\/api.w.org\/{rel}","templated":true}]}}