{"id":1387,"date":"2017-04-07T08:30:06","date_gmt":"2017-04-07T07:30:06","guid":{"rendered":"https:\/\/diba.ccoo.cat\/?p=1387"},"modified":"2023-02-22T19:15:05","modified_gmt":"2023-02-22T18:15:05","slug":"finalitza-la-negociacio-de-borses-pero-no-la-lluita","status":"publish","type":"post","link":"https:\/\/ccoo.app\/diputacio-de-barcelona\/finalitza-la-negociacio-de-borses-pero-no-la-lluita\/","title":{"rendered":"FINALITZA LA NEGOCIACI\u00d3 DE BORSES PER\u00d2 NO LA LLUITA"},"content":{"rendered":"<div id=\"pl-1387\" class=\"panel-layout\">\n<div id=\"pg-1387-0\" class=\"panel-grid panel-no-style\">\n<div id=\"pgc-1387-0-0\" class=\"panel-grid-cell\">\n<div id=\"panel-1387-0-0-0\" class=\"so-panel widget widget_sow-editor panel-first-child panel-last-child\">\n<div class=\"so-widget-sow-editor so-widget-sow-editor-base\">\n<div class=\"siteorigin-widget-tinymce textwidget\">\n<p>\u00a0<\/p>\n<figure id=\"attachment_189\" aria-describedby=\"caption-attachment-189\" style=\"width: 459px\" class=\"wp-caption aligncenter\"><img loading=\"lazy\" decoding=\"async\" class=\"wp-image-189\" title=\"Secci\u00f3 Sindical de la Diutaci\u00f3 de Barcelona de la Federaci\u00f3 Sindical de Catalunya\" src=\"http:\/\/ccoo.app\/diputacio-de-barcelona\/wp-content\/blogs.dir\/6\/files\/sites\/186\/2015\/12\/ccoo-fsc-cat.png\" alt=\"Secci\u00f3 Sindical de la Diputaci\u00f3 de Barcelona de la Federaci\u00f3 Sindical de Catalunya\" width=\"469\" height=\"90\" \/><figcaption id=\"caption-attachment-189\" class=\"wp-caption-text\">Secci\u00f3 Sindical de la Diputaci\u00f3 de Barcelona<\/figcaption><\/figure>\n<h3 style=\"text-align: center\">\u00a0<\/h3>\n<\/div>\n<\/div>\n<\/div>\n<\/div>\n<\/div>\n<div id=\"pg-1387-1\" class=\"panel-grid panel-no-style\">\n<div id=\"pgc-1387-1-0\" class=\"panel-grid-cell\">\n<div id=\"panel-1387-1-0-0\" class=\"so-panel widget widget_sow-editor panel-first-child panel-last-child\">\n<div class=\"so-widget-sow-editor so-widget-sow-editor-base\">\n<div class=\"siteorigin-widget-tinymce textwidget\">\n<h3 style=\"text-align: center\"><span style=\"color: #ff0000\">FINALITZA LA NEGOCIACI\u00d3 DE BORSES \u00a0PER\u00d2 NO LA LLUITA\u00a0<\/span><\/h3>\n<p>\u00a0La Diputaci\u00f3 de Barcelona aprovar\u00e0 unilateralment i sense acord amb els sindicats el seu Reglament de Gesti\u00f3 de Borses.\u00a0<\/p>\n<p>Hem lluitat i, QUE NO QUEDI CAP DUBTE, <b>seguirem lluitant<\/b> per defensar els drets del personal (Funcionari de carrera o inter\u00ed) que forma part d\u2019una borsa.\u00a0<\/p>\n<p>No obstant aix\u00f2, som conscients que hi ha molts altres temes importants que s\u2019han de tractar el m\u00e9s aviat possible.\u00a0\u00a0<\/p>\n<p>En aquest sentit, davant la negativa corporativa de realitzar m\u00e9s reunions de Mesa durant el mes d\u2019abril i d\u2019acord amb el que preveu l\u2019Estatut B\u00e0sic dels Empleats P\u00fablics, <b>TOTS ELS SINDICATS<\/b> de manera unit\u00e0ria <b>hem convocat (mitjan\u00e7ant escrit per registre) la corporaci\u00f3 a una reuni\u00f3 de Mesa de Negociaci\u00f3 pel dia 20 d\u2019abril.\u00a0<\/b>\u00a0<\/p>\n<p>La nostra aposta \u00e9s clara: negociaci\u00f3, lluita i unitat d\u2019acci\u00f3.\u00a0\u00a0<\/p>\n<h3 style=\"text-align: center\">\u00a0<\/h3>\n<p style=\"text-align: center\">\u00a0<\/p>\n<p style=\"text-align: center\">* \u00a0* \u00a0* \u00a0* \u00a0*<\/p>\n<\/div>\n<\/div>\n<\/div>\n<\/div>\n<\/div>\n<div id=\"pg-1387-2\" class=\"panel-grid panel-no-style\">\n<div id=\"pgc-1387-2-0\" class=\"panel-grid-cell\">\n<div id=\"panel-1387-2-0-0\" class=\"so-panel widget widget_sow-editor panel-first-child panel-last-child\">\n<div class=\"so-widget-sow-editor so-widget-sow-editor-base\">\n<div class=\"siteorigin-widget-tinymce textwidget\">\n<p><img loading=\"lazy\" decoding=\"async\" class=\"alignleft wp-image-226\" src=\"http:\/\/ccoo.app\/diputacio-de-barcelona\/wp-content\/blogs.dir\/6\/files\/sites\/186\/2016\/04\/estem-decidits-acontinuar-lluitant.png\" alt=\"Estem decidits a continuar lluitant !\" width=\"213\" height=\"89\" \/><\/p>\n<p><img loading=\"lazy\" decoding=\"async\" class=\"wp-image-262 alignright\" src=\"http:\/\/ccoo.app\/diputacio-de-barcelona\/wp-content\/blogs.dir\/6\/files\/sites\/186\/2016\/04\/afiliat_ccoo_cat.gif\" alt=\"Tota la informaci\u00f3 de com afiliar-se a CCOO Catalunya i forlmulari d'alta o baxia.\" width=\"90\" height=\"80\" \/><\/p>\n<p><img loading=\"lazy\" decoding=\"async\" class=\"wp-image-227 aligncenter\" src=\"http:\/\/ccoo.app\/diputacio-de-barcelona\/wp-content\/blogs.dir\/6\/files\/sites\/186\/2016\/04\/logo-peu-300x69.png\" alt=\"logo-peu\" width=\"952\" height=\"219\" srcset=\"https:\/\/ccoo.app\/diputacio-de-barcelona\/wp-content\/blogs.dir\/6\/files\/sites\/186\/2016\/04\/logo-peu-300x69.png 300w, https:\/\/ccoo.app\/diputacio-de-barcelona\/wp-content\/blogs.dir\/6\/files\/sites\/186\/2016\/04\/logo-peu.png 557w\" sizes=\"auto, (max-width: 952px) 100vw, 952px\" \/><\/p>\n<p style=\"text-align: center\"><small><\/small><small>Formulari d&#8217;<a href=\"\/afiliat\/\">alta<\/a>, <a href=\"\/afiliat\/\">baixa <\/a>o <a href=\"\/afiliat\/\">modificaci\u00f3 <\/a>de les dades personals o<br \/>\n contacta&#8217;ns a trav\u00e9s del tel\u00e8fon<strong> 934 022 985<\/strong> o correu: <a href=\"mailto:ccoo@diba.cat\"><strong>ccoo@diba.cat<\/strong><\/a><\/small><\/p>\n<\/div>\n<\/div>\n<\/div>\n<\/div>\n<\/div>\n<\/div>\n","protected":false},"excerpt":{"rendered":"<p>\u00a0 \u00a0 FINALITZA LA NEGOCIACI\u00d3 DE BORSES \u00a0PER\u00d2 NO LA LLUITA\u00a0 \u00a0La Diputaci\u00f3 de Barcelona aprovar\u00e0 unilateralment i sense acord amb els sindicats el seu Reglament de Gesti\u00f3 de Borses.\u00a0 &#8230; <\/p>\n<p class=\"read-more-container\"><a title=\"FINALITZA LA NEGOCIACI\u00d3 DE BORSES PER\u00d2 NO LA LLUITA\" class=\"read-more button\" href=\"https:\/\/ccoo.app\/diputacio-de-barcelona\/finalitza-la-negociacio-de-borses-pero-no-la-lluita\/#more-1387\" aria-label=\"Leer m\u00e1s sobre FINALITZA LA NEGOCIACI\u00d3 DE BORSES PER\u00d2 NO LA LLUITA\">Continuar llegint<\/a><\/p>\n","protected":false},"author":4519,"featured_media":255,"comment_status":"open","ping_status":"open","sticky":false,"template":"","format":"standard","meta":{"footnotes":""},"categories":[38,19,26,31],"tags":[148,180],"class_list":["post-1387","post","type-post","status-publish","format-standard","has-post-thumbnail","hentry","category-a-tot-el-personal","category-comunicats","category-mgn","category-personal-interi-comunicats","tag-mesa-general-negociacio","tag-personal-interi","generate-columns","tablet-grid-50","mobile-grid-100","grid-parent","grid-50"],"_links":{"self":[{"href":"https:\/\/ccoo.app\/diputacio-de-barcelona\/wp-json\/wp\/v2\/posts\/1387","targetHints":{"allow":["GET"]}}],"collection":[{"href":"https:\/\/ccoo.app\/diputacio-de-barcelona\/wp-json\/wp\/v2\/posts"}],"about":[{"href":"https:\/\/ccoo.app\/diputacio-de-barcelona\/wp-json\/wp\/v2\/types\/post"}],"author":[{"embeddable":true,"href":"https:\/\/ccoo.app\/diputacio-de-barcelona\/wp-json\/wp\/v2\/users\/4519"}],"replies":[{"embeddable":true,"href":"https:\/\/ccoo.app\/diputacio-de-barcelona\/wp-json\/wp\/v2\/comments?post=1387"}],"version-history":[{"count":1,"href":"https:\/\/ccoo.app\/diputacio-de-barcelona\/wp-json\/wp\/v2\/posts\/1387\/revisions"}],"predecessor-version":[{"id":52236,"href":"https:\/\/ccoo.app\/diputacio-de-barcelona\/wp-json\/wp\/v2\/posts\/1387\/revisions\/52236"}],"wp:featuredmedia":[{"embeddable":true,"href":"https:\/\/ccoo.app\/diputacio-de-barcelona\/wp-json\/wp\/v2\/media\/255"}],"wp:attachment":[{"href":"https:\/\/ccoo.app\/diputacio-de-barcelona\/wp-json\/wp\/v2\/media?parent=1387"}],"wp:term":[{"taxonomy":"category","embeddable":true,"href":"https:\/\/ccoo.app\/diputacio-de-barcelona\/wp-json\/wp\/v2\/categories?post=1387"},{"taxonomy":"post_tag","embeddable":true,"href":"https:\/\/ccoo.app\/diputacio-de-barcelona\/wp-json\/wp\/v2\/tags?post=1387"}],"curies":[{"name":"wp","href":"https:\/\/api.w.org\/{rel}","templated":true}]}}