{"id":1379,"date":"2017-04-28T08:14:57","date_gmt":"2017-04-28T07:14:57","guid":{"rendered":"https:\/\/diba.ccoo.cat\/?p=1379"},"modified":"2023-02-22T19:15:02","modified_gmt":"2023-02-22T18:15:02","slug":"comunicat-conjunt-de-ccoo-diba-i-ccoo-orgt","status":"publish","type":"post","link":"https:\/\/ccoo.app\/diputacio-de-barcelona\/comunicat-conjunt-de-ccoo-diba-i-ccoo-orgt\/","title":{"rendered":"COMUNICAT CONJUNT DE CCOO DIBA I CCOO ORGT"},"content":{"rendered":"<div id=\"pl-1379\" class=\"panel-layout\">\n<div id=\"pg-1379-0\" class=\"panel-grid panel-no-style\">\n<div id=\"pgc-1379-0-0\" class=\"panel-grid-cell\">\n<div id=\"panel-1379-0-0-0\" class=\"so-panel widget widget_sow-editor panel-first-child panel-last-child\">\n<div class=\"so-widget-sow-editor so-widget-sow-editor-base\">\n<div class=\"siteorigin-widget-tinymce textwidget\">\n<p>\u00a0<\/p>\n<figure id=\"attachment_189\" aria-describedby=\"caption-attachment-189\" style=\"width: 459px\" class=\"wp-caption aligncenter\"><img loading=\"lazy\" decoding=\"async\" class=\"wp-image-189\" title=\"Secci\u00f3 Sindical de la Diutaci\u00f3 de Barcelona de la Federaci\u00f3 Sindical de Catalunya\" src=\"http:\/\/ccoo.app\/diputacio-de-barcelona\/wp-content\/blogs.dir\/6\/files\/sites\/186\/2015\/12\/ccoo-fsc-cat.png\" alt=\"Secci\u00f3 Sindical de la Diputaci\u00f3 de Barcelona de la Federaci\u00f3 Sindical de Catalunya\" width=\"469\" height=\"90\" \/><figcaption id=\"caption-attachment-189\" class=\"wp-caption-text\">Secci\u00f3 Sindical de la Diputaci\u00f3 de Barcelona<\/figcaption><\/figure>\n<h3 style=\"text-align: center\">\u00a0<\/h3>\n<\/div>\n<\/div>\n<\/div>\n<\/div>\n<\/div>\n<div id=\"pg-1379-1\" class=\"panel-grid panel-no-style\">\n<div id=\"pgc-1379-1-0\" class=\"panel-grid-cell\">\n<div id=\"panel-1379-1-0-0\" class=\"so-panel widget widget_sow-editor panel-first-child panel-last-child\">\n<div class=\"so-widget-sow-editor so-widget-sow-editor-base\">\n<h3 class=\"widget-title\">COMUNICAT CONJUNT DE CCOO DIBA I CCOO ORGT<\/h3>\n<div class=\"siteorigin-widget-tinymce textwidget\">\n<h3 style=\"text-align: center\"><img loading=\"lazy\" decoding=\"async\" class=\"WACImage SCX197443821\" src=\"https:\/\/word-edit.officeapps.live.com\/we\/ResReader.ashx?v=00000000-0000-0000-0000-000000000014&amp;n=E2o6.img&amp;rndm=cd35b038-0e72-427f-8127-20486e7f43af&amp;WOPIsrc=https%3A%2F%2Fwopi%2Dtest%2Edropbox%2Ecom%2Fwopi%2Ffiles%2FsOUhOhT5gcAAAAAAAAABvw&amp;access_token=1%7EAAVjv9xK%2DusQGb%2DCqgysCvKFQroc%2DwvQLO2HagWiSbqhk3UkHWlK967E1NJC46nFWpSdD0UpQM5CbXBwfAyw8%5FzFPztKpdecuOc8trm3K5sFZ%2DoiB4%2DEFNRO8y67%2DyyICzt91vTbWC5nTCw%2DkUXOoIK0CpGAyvQpApABH2qomupOL4%2D0sf34zwJqrZXeCIasQ8kJcGXBeUqCHt8%5Fpw4pNnyF66I2w5pzeTEhqvSEnmoUv5%2DvFpW3E56XaAxLjq1IAAodEHZ6r%2DQpwKXi2YbWjEKBwU2JAWnCTWDGNHFjFhoSaPbVsGEwa7DgUdG5jZz2aLb0v32viUyYt9oo9D%2DOwxob&amp;access_token_ttl=1494933167000&amp;usid=89226d70-4b5b-4b9c-b525-9bf863c160eb&amp;build=16.0.8210.5950&amp;waccluster=NL1\" alt=\"Cuadro de texto\" width=\"909\" height=\"603\" \/>\u00a0<\/h3>\n<p style=\"text-align: center\">\u00a0<\/p>\n<p style=\"text-align: center\">* \u00a0* \u00a0* \u00a0* \u00a0*<\/p>\n<\/div>\n<\/div>\n<\/div>\n<\/div>\n<\/div>\n<div id=\"pg-1379-2\" class=\"panel-grid panel-no-style\">\n<div id=\"pgc-1379-2-0\" class=\"panel-grid-cell\">\n<div id=\"panel-1379-2-0-0\" class=\"so-panel widget widget_sow-editor panel-first-child panel-last-child\">\n<div class=\"so-widget-sow-editor so-widget-sow-editor-base\">\n<div class=\"siteorigin-widget-tinymce textwidget\">\n<p><img loading=\"lazy\" decoding=\"async\" class=\"alignleft wp-image-226\" src=\"http:\/\/ccoo.app\/diputacio-de-barcelona\/wp-content\/blogs.dir\/6\/files\/sites\/186\/2016\/04\/estem-decidits-acontinuar-lluitant.png\" alt=\"Estem decidits a continuar lluitant !\" width=\"213\" height=\"89\" \/><\/p>\n<p><img loading=\"lazy\" decoding=\"async\" class=\"wp-image-262 alignright\" src=\"http:\/\/ccoo.app\/diputacio-de-barcelona\/wp-content\/blogs.dir\/6\/files\/sites\/186\/2016\/04\/afiliat_ccoo_cat.gif\" alt=\"Tota la informaci\u00f3 de com afiliar-se a CCOO Catalunya i forlmulari d'alta o baxia.\" width=\"90\" height=\"80\" \/><\/p>\n<p><img loading=\"lazy\" decoding=\"async\" class=\"wp-image-227 aligncenter\" src=\"http:\/\/ccoo.app\/diputacio-de-barcelona\/wp-content\/blogs.dir\/6\/files\/sites\/186\/2016\/04\/logo-peu-300x69.png\" alt=\"logo-peu\" width=\"952\" height=\"219\" srcset=\"https:\/\/ccoo.app\/diputacio-de-barcelona\/wp-content\/blogs.dir\/6\/files\/sites\/186\/2016\/04\/logo-peu-300x69.png 300w, https:\/\/ccoo.app\/diputacio-de-barcelona\/wp-content\/blogs.dir\/6\/files\/sites\/186\/2016\/04\/logo-peu.png 557w\" sizes=\"auto, (max-width: 952px) 100vw, 952px\" \/><\/p>\n<p style=\"text-align: center\"><small><\/small><small>Formulari d&#8217;<a href=\"\/afiliat\/\">alta<\/a>, <a href=\"\/afiliat\/\">baixa <\/a>o <a href=\"\/afiliat\/\">modificaci\u00f3 <\/a>de les dades personals o<br \/>\n contacta&#8217;ns a trav\u00e9s del tel\u00e8fon<strong> 934 022 985<\/strong> o correu: <a href=\"mailto:ccoo@diba.cat\"><strong>ccoo@diba.cat<\/strong><\/a><\/small><\/p>\n<\/div>\n<\/div>\n<\/div>\n<\/div>\n<\/div>\n<\/div>\n","protected":false},"excerpt":{"rendered":"<p>\u00a0 \u00a0 COMUNICAT CONJUNT DE CCOO DIBA I CCOO ORGT \u00a0 \u00a0 * \u00a0* \u00a0* \u00a0* \u00a0* Formulari d&#8217;alta, baixa o modificaci\u00f3 de les dades personals o contacta&#8217;ns a trav\u00e9s &#8230; <\/p>\n<p class=\"read-more-container\"><a title=\"COMUNICAT CONJUNT DE CCOO DIBA I CCOO ORGT\" class=\"read-more button\" href=\"https:\/\/ccoo.app\/diputacio-de-barcelona\/comunicat-conjunt-de-ccoo-diba-i-ccoo-orgt\/#more-1379\" aria-label=\"Leer m\u00e1s sobre COMUNICAT CONJUNT DE CCOO DIBA I CCOO ORGT\">Continuar llegint<\/a><\/p>\n","protected":false},"author":4519,"featured_media":255,"comment_status":"open","ping_status":"open","sticky":false,"template":"","format":"standard","meta":{"footnotes":""},"categories":[19,33],"tags":[86],"class_list":["post-1379","post","type-post","status-publish","format-standard","has-post-thumbnail","hentry","category-comunicats","category-propostes-sindicals","tag-baixes-altes-mediques-embaras-maternitat-flexibilitat-fills-ebep-eleccions-jornada-horari-horaris-laboral-jornada-jornades-laborals-its-incapacitat-temporal-salut-inspeccio-treball","generate-columns","tablet-grid-50","mobile-grid-100","grid-parent","grid-50"],"_links":{"self":[{"href":"https:\/\/ccoo.app\/diputacio-de-barcelona\/wp-json\/wp\/v2\/posts\/1379","targetHints":{"allow":["GET"]}}],"collection":[{"href":"https:\/\/ccoo.app\/diputacio-de-barcelona\/wp-json\/wp\/v2\/posts"}],"about":[{"href":"https:\/\/ccoo.app\/diputacio-de-barcelona\/wp-json\/wp\/v2\/types\/post"}],"author":[{"embeddable":true,"href":"https:\/\/ccoo.app\/diputacio-de-barcelona\/wp-json\/wp\/v2\/users\/4519"}],"replies":[{"embeddable":true,"href":"https:\/\/ccoo.app\/diputacio-de-barcelona\/wp-json\/wp\/v2\/comments?post=1379"}],"version-history":[{"count":1,"href":"https:\/\/ccoo.app\/diputacio-de-barcelona\/wp-json\/wp\/v2\/posts\/1379\/revisions"}],"predecessor-version":[{"id":52233,"href":"https:\/\/ccoo.app\/diputacio-de-barcelona\/wp-json\/wp\/v2\/posts\/1379\/revisions\/52233"}],"wp:featuredmedia":[{"embeddable":true,"href":"https:\/\/ccoo.app\/diputacio-de-barcelona\/wp-json\/wp\/v2\/media\/255"}],"wp:attachment":[{"href":"https:\/\/ccoo.app\/diputacio-de-barcelona\/wp-json\/wp\/v2\/media?parent=1379"}],"wp:term":[{"taxonomy":"category","embeddable":true,"href":"https:\/\/ccoo.app\/diputacio-de-barcelona\/wp-json\/wp\/v2\/categories?post=1379"},{"taxonomy":"post_tag","embeddable":true,"href":"https:\/\/ccoo.app\/diputacio-de-barcelona\/wp-json\/wp\/v2\/tags?post=1379"}],"curies":[{"name":"wp","href":"https:\/\/api.w.org\/{rel}","templated":true}]}}