{"id":1307,"date":"2017-02-16T13:16:01","date_gmt":"2017-02-16T12:16:01","guid":{"rendered":"https:\/\/diba.ccoo.cat\/?p=1307"},"modified":"2023-02-22T19:15:25","modified_gmt":"2023-02-22T18:15:25","slug":"manifestacio-volem-acollir","status":"publish","type":"post","link":"https:\/\/ccoo.app\/diputacio-de-barcelona\/manifestacio-volem-acollir\/","title":{"rendered":"MANIFESTACI\u00d3 VOLEM ACOLLIR"},"content":{"rendered":"<div id=\"pl-1307\" class=\"panel-layout\">\n<div id=\"pg-1307-0\" class=\"panel-grid panel-no-style\">\n<div id=\"pgc-1307-0-0\" class=\"panel-grid-cell\">\n<div id=\"panel-1307-0-0-0\" class=\"so-panel widget widget_sow-editor panel-first-child panel-last-child\">\n<div class=\"so-widget-sow-editor so-widget-sow-editor-base\">\n<div class=\"siteorigin-widget-tinymce textwidget\">\n<p>\u00a0<\/p>\n<figure id=\"attachment_189\" aria-describedby=\"caption-attachment-189\" style=\"width: 459px\" class=\"wp-caption aligncenter\"><img loading=\"lazy\" decoding=\"async\" class=\"wp-image-189\" title=\"Secci\u00f3 Sindical de la Diutaci\u00f3 de Barcelona de la Federaci\u00f3 Sindical de Catalunya\" src=\"http:\/\/ccoo.app\/diputacio-de-barcelona\/wp-content\/blogs.dir\/6\/files\/sites\/186\/2015\/12\/ccoo-fsc-cat.png\" alt=\"Secci\u00f3 Sindical de la Diputaci\u00f3 de Barcelona de la Federaci\u00f3 Sindical de Catalunya\" width=\"469\" height=\"90\" \/><figcaption id=\"caption-attachment-189\" class=\"wp-caption-text\">Secci\u00f3 Sindical de la Diputaci\u00f3 de Barcelona<\/figcaption><\/figure>\n<h3 style=\"text-align: center\">\u00a0<\/h3>\n<\/div>\n<\/div>\n<\/div>\n<\/div>\n<\/div>\n<div id=\"pg-1307-1\" class=\"panel-grid panel-no-style\">\n<div id=\"pgc-1307-1-0\" class=\"panel-grid-cell\">\n<div id=\"panel-1307-1-0-0\" class=\"so-panel widget widget_sow-editor panel-first-child panel-last-child\">\n<div class=\"so-widget-sow-editor so-widget-sow-editor-base\">\n<h3 class=\"widget-title\">MANIFESTACI\u00d3 VOLEM ACOLLIR<\/h3>\n<div class=\"siteorigin-widget-tinymce textwidget\">\n<h3 style=\"text-align: center\"><strong><span style=\"color: #ff0000\">MANIFESTACI\u00d3 VOLEM ACOLLIR<\/span><\/strong><\/h3>\n<p style=\"text-align: center\">\u00a0<\/p>\n<p><span style=\"color: #0000ff\">\u00a0<a style=\"color: #0000ff\" href=\"https:\/\/www.youtube.com\/watch?v=HMM0PCYWobw\"><b>https:\/\/www.youtube.com\/watch?v=HMM0PCYWobw<\/b><\/a>\u00a0<\/span><\/p>\n<p>\u00a0<b>\u201c<\/b><b>Que no ens congelin el cor\u00a0<\/b><b>\u00a0<\/b><b>i no ens adormin el cap<\/b><b>\u201d<\/b><b>.<\/b>\u00a0<\/p>\n<p>\u00a0<b>Dissabte 18 de <\/b><b>F<\/b><b>ebrer, 16:00 hores<\/b><b>\u00a0<\/b><b>\u00a0\u00a0\u00a0 <\/b><\/p>\n<p><b>FEM LA MANIFESTACI\u00d3 M\u00c9S GRAN D\u2019EUROPA\u00a0<\/b><b>PER EXIGIR ACOLLIDA I REFUGI.<\/b>\u00a0<\/p>\n<p>Exigim a les institucions que assumeixin les seves responsabilitats.\u202f\u00a0<\/p>\n<p><strong>Prou excuses. Acollim ara!\u00a0<\/strong><\/p>\n<p><b>Signa <\/b><b>el manifest :\u00a0<\/b><span style=\"color: #0000ff\"><a style=\"color: #0000ff\" href=\"http:\/\/www.casanostracasavostra.cat\/manifest\">http:\/\/www.casanostracasavostra.cat\/manifest<\/a>\u00a0<\/span><\/p>\n<p style=\"text-align: center\">\u00a0<\/p>\n<p style=\"text-align: center\">* \u00a0* \u00a0* \u00a0* \u00a0*<\/p>\n<\/div>\n<\/div>\n<\/div>\n<\/div>\n<\/div>\n<div id=\"pg-1307-2\" class=\"panel-grid panel-no-style\">\n<div id=\"pgc-1307-2-0\" class=\"panel-grid-cell\">\n<div id=\"panel-1307-2-0-0\" class=\"so-panel widget widget_sow-editor panel-first-child panel-last-child\">\n<div class=\"so-widget-sow-editor so-widget-sow-editor-base\">\n<div class=\"siteorigin-widget-tinymce textwidget\">\n<p><img loading=\"lazy\" decoding=\"async\" class=\"alignleft wp-image-226\" src=\"http:\/\/ccoo.app\/diputacio-de-barcelona\/wp-content\/blogs.dir\/6\/files\/sites\/186\/2016\/04\/estem-decidits-acontinuar-lluitant.png\" alt=\"Estem decidits a continuar lluitant !\" width=\"213\" height=\"89\" \/><\/p>\n<p><img loading=\"lazy\" decoding=\"async\" class=\"wp-image-262 alignright\" src=\"http:\/\/ccoo.app\/diputacio-de-barcelona\/wp-content\/blogs.dir\/6\/files\/sites\/186\/2016\/04\/afiliat_ccoo_cat.gif\" alt=\"Tota la informaci\u00f3 de com afiliar-se a CCOO Catalunya i forlmulari d'alta o baxia.\" width=\"90\" height=\"80\" \/><\/p>\n<p><img loading=\"lazy\" decoding=\"async\" class=\"wp-image-227 aligncenter\" src=\"http:\/\/ccoo.app\/diputacio-de-barcelona\/wp-content\/blogs.dir\/6\/files\/sites\/186\/2016\/04\/logo-peu-300x69.png\" alt=\"logo-peu\" width=\"952\" height=\"219\" srcset=\"https:\/\/ccoo.app\/diputacio-de-barcelona\/wp-content\/blogs.dir\/6\/files\/sites\/186\/2016\/04\/logo-peu-300x69.png 300w, https:\/\/ccoo.app\/diputacio-de-barcelona\/wp-content\/blogs.dir\/6\/files\/sites\/186\/2016\/04\/logo-peu.png 557w\" sizes=\"auto, (max-width: 952px) 100vw, 952px\" \/><\/p>\n<p style=\"text-align: center\"><small><\/small><small>Formulari d&#8217;<a href=\"\/afiliat\/\">alta<\/a>, <a href=\"\/afiliat\/\">baixa <\/a>o <a href=\"\/afiliat\/\">modificaci\u00f3 <\/a>de les dades personals o<br \/>\n contacta&#8217;ns a trav\u00e9s del tel\u00e8fon<strong> 934 022 985<\/strong> o correu: <a href=\"mailto:ccoo@diba.cat\"><strong>ccoo@diba.cat<\/strong><\/a><\/small><\/p>\n<\/div>\n<\/div>\n<\/div>\n<\/div>\n<\/div>\n<\/div>\n","protected":false},"excerpt":{"rendered":"<p>\u00a0 \u00a0 MANIFESTACI\u00d3 VOLEM ACOLLIR MANIFESTACI\u00d3 VOLEM ACOLLIR \u00a0 \u00a0https:\/\/www.youtube.com\/watch?v=HMM0PCYWobw\u00a0 \u00a0\u201cQue no ens congelin el cor\u00a0\u00a0i no ens adormin el cap\u201d.\u00a0 \u00a0Dissabte 18 de Febrer, 16:00 hores\u00a0\u00a0\u00a0\u00a0 FEM LA MANIFESTACI\u00d3 &#8230; <\/p>\n<p class=\"read-more-container\"><a title=\"MANIFESTACI\u00d3 VOLEM ACOLLIR\" class=\"read-more button\" href=\"https:\/\/ccoo.app\/diputacio-de-barcelona\/manifestacio-volem-acollir\/#more-1307\" aria-label=\"Leer m\u00e1s sobre MANIFESTACI\u00d3 VOLEM ACOLLIR\">Continuar llegint<\/a><\/p>\n","protected":false},"author":4519,"featured_media":255,"comment_status":"open","ping_status":"open","sticky":false,"template":"","format":"standard","meta":{"footnotes":""},"categories":[38,19],"tags":[],"class_list":["post-1307","post","type-post","status-publish","format-standard","has-post-thumbnail","hentry","category-a-tot-el-personal","category-comunicats","generate-columns","tablet-grid-50","mobile-grid-100","grid-parent","grid-50"],"_links":{"self":[{"href":"https:\/\/ccoo.app\/diputacio-de-barcelona\/wp-json\/wp\/v2\/posts\/1307","targetHints":{"allow":["GET"]}}],"collection":[{"href":"https:\/\/ccoo.app\/diputacio-de-barcelona\/wp-json\/wp\/v2\/posts"}],"about":[{"href":"https:\/\/ccoo.app\/diputacio-de-barcelona\/wp-json\/wp\/v2\/types\/post"}],"author":[{"embeddable":true,"href":"https:\/\/ccoo.app\/diputacio-de-barcelona\/wp-json\/wp\/v2\/users\/4519"}],"replies":[{"embeddable":true,"href":"https:\/\/ccoo.app\/diputacio-de-barcelona\/wp-json\/wp\/v2\/comments?post=1307"}],"version-history":[{"count":1,"href":"https:\/\/ccoo.app\/diputacio-de-barcelona\/wp-json\/wp\/v2\/posts\/1307\/revisions"}],"predecessor-version":[{"id":52248,"href":"https:\/\/ccoo.app\/diputacio-de-barcelona\/wp-json\/wp\/v2\/posts\/1307\/revisions\/52248"}],"wp:featuredmedia":[{"embeddable":true,"href":"https:\/\/ccoo.app\/diputacio-de-barcelona\/wp-json\/wp\/v2\/media\/255"}],"wp:attachment":[{"href":"https:\/\/ccoo.app\/diputacio-de-barcelona\/wp-json\/wp\/v2\/media?parent=1307"}],"wp:term":[{"taxonomy":"category","embeddable":true,"href":"https:\/\/ccoo.app\/diputacio-de-barcelona\/wp-json\/wp\/v2\/categories?post=1307"},{"taxonomy":"post_tag","embeddable":true,"href":"https:\/\/ccoo.app\/diputacio-de-barcelona\/wp-json\/wp\/v2\/tags?post=1307"}],"curies":[{"name":"wp","href":"https:\/\/api.w.org\/{rel}","templated":true}]}}