{"id":1301,"date":"2017-04-06T13:05:02","date_gmt":"2017-04-06T12:05:02","guid":{"rendered":"https:\/\/diba.ccoo.cat\/?p=1301"},"modified":"2023-02-22T19:15:07","modified_gmt":"2023-02-22T18:15:07","slug":"curs-convocatoria-p-0114-administratiu-reclassificacio-pamo","status":"publish","type":"post","link":"https:\/\/ccoo.app\/diputacio-de-barcelona\/curs-convocatoria-p-0114-administratiu-reclassificacio-pamo\/","title":{"rendered":"CURS CONVOCAT\u00d2RIA P-01\/14 ADMINISTRATIU (RECLASSIFICACI\u00d3) PAMO"},"content":{"rendered":"<div id=\"pl-1301\" class=\"panel-layout\">\n<div id=\"pg-1301-0\" class=\"panel-grid panel-no-style\">\n<div id=\"pgc-1301-0-0\" class=\"panel-grid-cell\">\n<div id=\"panel-1301-0-0-0\" class=\"so-panel widget widget_sow-editor panel-first-child panel-last-child\">\n<div class=\"so-widget-sow-editor so-widget-sow-editor-base\">\n<div class=\"siteorigin-widget-tinymce textwidget\">\n<p>\u00a0<\/p>\n<figure id=\"attachment_189\" aria-describedby=\"caption-attachment-189\" style=\"width: 459px\" class=\"wp-caption aligncenter\"><img loading=\"lazy\" decoding=\"async\" class=\"wp-image-189\" title=\"Secci\u00f3 Sindical de la Diutaci\u00f3 de Barcelona de la Federaci\u00f3 Sindical de Catalunya\" src=\"http:\/\/ccoo.app\/diputacio-de-barcelona\/wp-content\/blogs.dir\/6\/files\/sites\/186\/2015\/12\/ccoo-fsc-cat.png\" alt=\"Secci\u00f3 Sindical de la Diputaci\u00f3 de Barcelona de la Federaci\u00f3 Sindical de Catalunya\" width=\"469\" height=\"90\" \/><figcaption id=\"caption-attachment-189\" class=\"wp-caption-text\">Secci\u00f3 Sindical de la Diputaci\u00f3 de Barcelona<\/figcaption><\/figure>\n<h3 style=\"text-align: center\">\u00a0<\/h3>\n<\/div>\n<\/div>\n<\/div>\n<\/div>\n<\/div>\n<div id=\"pg-1301-1\" class=\"panel-grid panel-no-style\">\n<div id=\"pgc-1301-1-0\" class=\"panel-grid-cell\">\n<div id=\"panel-1301-1-0-0\" class=\"so-panel widget widget_sow-editor panel-first-child panel-last-child\">\n<div class=\"so-widget-sow-editor so-widget-sow-editor-base\">\n<h3 class=\"widget-title\">CURS CONVOCAT\u00d2RIA P-01\/14 ADMINISTRATIU (RECLASSIFICACI\u00d3) PAMO<\/h3>\n<div class=\"siteorigin-widget-tinymce textwidget\">\n<h3 style=\"text-align: center\"><strong><span style=\"color: #ff0000\">CURS CONVOCAT\u00d2RIA P-01\/14 ADMINISTRATIU (RECLASSIFICACI\u00d3) PAMO<\/span><\/strong><\/h3>\n<p style=\"text-align: center\">\u00a0<\/p>\n<p style=\"text-align: center\">\u00a0<\/p>\n<p style=\"text-align: justify\"><span class=\"TextRun SCX56928558\" lang=\"CA-ES\" xml:lang=\"CA-ES\"><span class=\"NormalTextRun SCX56928558\">Resum de la informaci\u00f3 rebuda ahir a la Comissi\u00f3 de Formaci\u00f3<\/span><\/span><span class=\"TextRun SCX56928558\" lang=\"CA-ES\" xml:lang=\"CA-ES\"><span class=\"NormalTextRun SCX56928558\"> respecte al curs formatiu per la convocat\u00f2ria P-01\/14<\/span><\/span><span class=\"TextRun SCX56928558\" lang=\"CA-ES\" xml:lang=\"CA-ES\"><span class=\"NormalTextRun SCX56928558\">:<\/span><\/span><span class=\"EOP SCX56928558\">\u00a0<\/span><\/p>\n<ul>\n<li>S\u2019iniciar\u00e0 passat el per\u00edode estival (Previsiblement Octubre 2017)\u00a0<\/li>\n<li>La formaci\u00f3 ser\u00e0 presencial i fora de la jornada laboral\u00a0<\/li>\n<li>2 sessions per setmana\u00a0<\/li>\n<li>Duraci\u00f3: 77 hores<\/li>\n<\/ul>\n<p><b>VALORACI\u00d3 DE CCOO:<\/b>\u00a0<\/p>\n<ol>\n<li><b>EL COL\u00b7LECTIU <\/b><b>ENCARA <\/b><b>HAUR\u00c0 D\u2019ESPERAR 6 MESOS\u00a0<\/b>\u00a0<\/li>\n<\/ol>\n<p>Aix\u00f2 suposar\u00e0 que previsiblement fins al 2018 no s\u2019executar\u00e0 la convocat\u00f2ria. Heu de tenir en compte que <b>CCOO vam demanar aquesta formaci\u00f3 a final de l\u2019any de 2015.<\/b> Llavors se\u2019ns va dir que no es faria, per la qual cosa, vam preparar formaci\u00f3 (presencial i online) amb l\u2019ajuda de l\u2019acad\u00e8mia <i>Formar-te.<\/i>\u00a0<\/p>\n<p>Ten\u00edem clar que el col\u00b7lectiu necessitava ajuda per fer front a la convocat\u00f2ria. Posteriorment, despr\u00e9s de la petici\u00f3 d\u2019un altra sindicat es va decidir tirar endavant aquest curs. Vam recolzar aquesta petici\u00f3 amb entusiasme. Ara b\u00e9, <b>si la corporaci\u00f3 ens hagu\u00e9s fet<\/b><b> cas des del principi, aq<\/b><b>uesta formaci\u00f3 ja estaria feta<\/b> i la convocat\u00f2ria resolta.\u00a0<\/p>\n<ol>\n<li><b>NOM\u00c9S CURS PRESENCIAL I FORA JORNADA LABORAL<\/b>\u00a0<\/li>\n<\/ol>\n<p>El que vam proposar a la corporaci\u00f3 inicialment van ser dues modalitats de formaci\u00f3, presencial i online. <b>Pensem que per raons pe<\/b><b>rsonals i familiars, alg\u00fa pot<\/b><b> tenir dificultat per assistir-hi.<\/b> Recentment, vam posar en contacte <i>Formar-te<\/i> amb la corporaci\u00f3 tenint en compte que aquesta acad\u00e8mia t\u00e9 un curs Online vigent i actualitzat per aquest proc\u00e9s selectiu. Com veiem, no s\u2019ha fet res al respecte.\u00a0<\/p>\n<ol>\n<li><b>JA <\/b><b>VAM DEMANAR <\/b><b>M\u00c9S PLACES<\/b> <b>(Veieu <\/b><b>document adjunt<\/b> <b>Apartat n\u00famero 2 del <\/b><b><i>COMUNICAT JULIOL 2016<\/i><\/b><b>)<\/b>\u00a0<\/li>\n<\/ol>\n<p><b>CCOO ens vam quedar sols amb la nostra petici\u00f3 de m\u00e9s places.<\/b> A l\u2019acord de PAMO 2014 es va pactar 76 places i \u201c<i>per als exercicis 2015 i els seg\u00fcents treure a <\/i><i>PAMO<\/i><i> com a m\u00ednim el 25 % de les <\/i><i>places ocupades per personal del subgrup C2<\/i>\u201d.\u00a0<\/p>\n<p>Tenint en compte que al PAMO 2015 no es va incloure cap pla\u00e7a d\u2019administratiu\/va, en la negociaci\u00f3 del PAMO 2016 vam demanar 55 places m\u00e9s. Sense oblidar que hi ha un comprom\u00eds de negociar PAMO 2017 que haur\u00e0 d\u2019incloure\u2019n m\u00e9s.\u00a0<\/p>\n<p>El que desitjar\u00edem es que <b>totes aquestes places poguessin sortir a l\u2019hora<\/b> per evitar la possibilitat que el personal s\u2019hagi de presentar a m\u00e9s d\u2019una convocat\u00f2ria. De fet, ens agradaria que qui aprovi sense pla\u00e7a no tingui que presentar-se de nou.\u00a0<\/p>\n<ol>\n<li><b>DEMANEM QUE ES TIRI ENDAVANT JA LA RESTA DE CONVOCAT\u00d2RIES DE <\/b><b>PAMO<\/b><b> 2014 \/2015<\/b>\u00a0<\/li>\n<\/ol>\n<p>Lamentablement, els Auxiliars Administratiu encara hauran d\u2019esperar mesos abans de que es convoquin les seves places.\u00a0\u00a0<\/p>\n<p>Entenem que aix\u00f2 no t\u00e9 res a veure amb la resta de convocat\u00f2ries. <b>No voldr\u00edem pensar que la demora <\/b><b>en l\u2019execuci\u00f3 <\/b><b>de la resta<\/b><b> de convocat\u00f2ries t\u00e9 res a veure amb <\/b><b>el calendari de la <\/b><b>promoci\u00f3 dels <\/b><b>Auxiliars Administratiu<\/b><b>s<\/b><b>.<\/b>\u00a0<\/p>\n<p>Per tant, <b>demanem que s\u2019executin immediatament.<\/b> No existeix cap impediment perqu\u00e8 aix\u00f2 no es faci ja!\u00a0\u00a0<\/p>\n<p style=\"text-align: center\">* \u00a0* \u00a0* \u00a0* \u00a0*<\/p>\n<\/div>\n<\/div>\n<\/div>\n<\/div>\n<\/div>\n<div id=\"pg-1301-2\" class=\"panel-grid panel-no-style\">\n<div id=\"pgc-1301-2-0\" class=\"panel-grid-cell\">\n<div id=\"panel-1301-2-0-0\" class=\"so-panel widget widget_sow-editor panel-first-child panel-last-child\">\n<div class=\"so-widget-sow-editor so-widget-sow-editor-base\">\n<div class=\"siteorigin-widget-tinymce textwidget\">\n<p><img loading=\"lazy\" decoding=\"async\" class=\"alignleft wp-image-226\" src=\"http:\/\/ccoo.app\/diputacio-de-barcelona\/wp-content\/blogs.dir\/6\/files\/sites\/186\/2016\/04\/estem-decidits-acontinuar-lluitant.png\" alt=\"Estem decidits a continuar lluitant !\" width=\"213\" height=\"89\" \/><\/p>\n<p><img loading=\"lazy\" decoding=\"async\" class=\"wp-image-262 alignright\" src=\"http:\/\/ccoo.app\/diputacio-de-barcelona\/wp-content\/blogs.dir\/6\/files\/sites\/186\/2016\/04\/afiliat_ccoo_cat.gif\" alt=\"Tota la informaci\u00f3 de com afiliar-se a CCOO Catalunya i forlmulari d'alta o baxia.\" width=\"90\" height=\"80\" \/><\/p>\n<p><img loading=\"lazy\" decoding=\"async\" class=\"wp-image-227 aligncenter\" src=\"http:\/\/ccoo.app\/diputacio-de-barcelona\/wp-content\/blogs.dir\/6\/files\/sites\/186\/2016\/04\/logo-peu-300x69.png\" alt=\"logo-peu\" width=\"952\" height=\"219\" srcset=\"https:\/\/ccoo.app\/diputacio-de-barcelona\/wp-content\/blogs.dir\/6\/files\/sites\/186\/2016\/04\/logo-peu-300x69.png 300w, https:\/\/ccoo.app\/diputacio-de-barcelona\/wp-content\/blogs.dir\/6\/files\/sites\/186\/2016\/04\/logo-peu.png 557w\" sizes=\"auto, (max-width: 952px) 100vw, 952px\" \/><\/p>\n<p style=\"text-align: center\"><small><\/small><small>Formulari d&#8217;<a href=\"\/afiliat\/\">alta<\/a>, <a href=\"\/afiliat\/\">baixa <\/a>o <a href=\"\/afiliat\/\">modificaci\u00f3 <\/a>de les dades personals o<br \/>\n contacta&#8217;ns a trav\u00e9s del tel\u00e8fon<strong> 934 022 985<\/strong> o correu: <a href=\"mailto:ccoo@diba.cat\"><strong>ccoo@diba.cat<\/strong><\/a><\/small><\/p>\n<\/div>\n<\/div>\n<\/div>\n<\/div>\n<\/div>\n<\/div>\n","protected":false},"excerpt":{"rendered":"<p>\u00a0 \u00a0 CURS CONVOCAT\u00d2RIA P-01\/14 ADMINISTRATIU (RECLASSIFICACI\u00d3) PAMO CURS CONVOCAT\u00d2RIA P-01\/14 ADMINISTRATIU (RECLASSIFICACI\u00d3) PAMO \u00a0 \u00a0 Resum de la informaci\u00f3 rebuda ahir a la Comissi\u00f3 de Formaci\u00f3 respecte al curs &#8230; <\/p>\n<p class=\"read-more-container\"><a title=\"CURS CONVOCAT\u00d2RIA P-01\/14 ADMINISTRATIU (RECLASSIFICACI\u00d3) PAMO\" class=\"read-more button\" href=\"https:\/\/ccoo.app\/diputacio-de-barcelona\/curs-convocatoria-p-0114-administratiu-reclassificacio-pamo\/#more-1301\" aria-label=\"Leer m\u00e1s sobre CURS CONVOCAT\u00d2RIA P-01\/14 ADMINISTRATIU (RECLASSIFICACI\u00d3) PAMO\">Continuar llegint<\/a><\/p>\n","protected":false},"author":4519,"featured_media":255,"comment_status":"open","ping_status":"open","sticky":false,"template":"","format":"standard","meta":{"footnotes":""},"categories":[38,19,20],"tags":[169,196],"class_list":["post-1301","post","type-post","status-publish","format-standard","has-post-thumbnail","hentry","category-a-tot-el-personal","category-comunicats","category-cursos","tag-pamo","tag-promocio-interna","generate-columns","tablet-grid-50","mobile-grid-100","grid-parent","grid-50"],"_links":{"self":[{"href":"https:\/\/ccoo.app\/diputacio-de-barcelona\/wp-json\/wp\/v2\/posts\/1301","targetHints":{"allow":["GET"]}}],"collection":[{"href":"https:\/\/ccoo.app\/diputacio-de-barcelona\/wp-json\/wp\/v2\/posts"}],"about":[{"href":"https:\/\/ccoo.app\/diputacio-de-barcelona\/wp-json\/wp\/v2\/types\/post"}],"author":[{"embeddable":true,"href":"https:\/\/ccoo.app\/diputacio-de-barcelona\/wp-json\/wp\/v2\/users\/4519"}],"replies":[{"embeddable":true,"href":"https:\/\/ccoo.app\/diputacio-de-barcelona\/wp-json\/wp\/v2\/comments?post=1301"}],"version-history":[{"count":1,"href":"https:\/\/ccoo.app\/diputacio-de-barcelona\/wp-json\/wp\/v2\/posts\/1301\/revisions"}],"predecessor-version":[{"id":52237,"href":"https:\/\/ccoo.app\/diputacio-de-barcelona\/wp-json\/wp\/v2\/posts\/1301\/revisions\/52237"}],"wp:featuredmedia":[{"embeddable":true,"href":"https:\/\/ccoo.app\/diputacio-de-barcelona\/wp-json\/wp\/v2\/media\/255"}],"wp:attachment":[{"href":"https:\/\/ccoo.app\/diputacio-de-barcelona\/wp-json\/wp\/v2\/media?parent=1301"}],"wp:term":[{"taxonomy":"category","embeddable":true,"href":"https:\/\/ccoo.app\/diputacio-de-barcelona\/wp-json\/wp\/v2\/categories?post=1301"},{"taxonomy":"post_tag","embeddable":true,"href":"https:\/\/ccoo.app\/diputacio-de-barcelona\/wp-json\/wp\/v2\/tags?post=1301"}],"curies":[{"name":"wp","href":"https:\/\/api.w.org\/{rel}","templated":true}]}}