{"id":1291,"date":"2017-03-22T12:19:53","date_gmt":"2017-03-22T11:19:53","guid":{"rendered":"https:\/\/diba.ccoo.cat\/?p=1291"},"modified":"2023-02-22T19:15:15","modified_gmt":"2023-02-22T18:15:15","slug":"volem-carrera-professional-i-promocio-interna-no-al-perfil-professional-fora-del-proces-selectiu","status":"publish","type":"post","link":"https:\/\/ccoo.app\/diputacio-de-barcelona\/volem-carrera-professional-i-promocio-interna-no-al-perfil-professional-fora-del-proces-selectiu\/","title":{"rendered":"VOLEM CARRERA PROFESSIONAL I PROMOCI\u00d3 INTERNA NO AL PERFIL PROFESSIONAL FORA DEL PROC\u00c9S SELECTIU"},"content":{"rendered":"<div id=\"pl-1291\" class=\"panel-layout\">\n<div id=\"pg-1291-0\" class=\"panel-grid panel-no-style\">\n<div id=\"pgc-1291-0-0\" class=\"panel-grid-cell\">\n<div id=\"panel-1291-0-0-0\" class=\"so-panel widget widget_sow-editor panel-first-child panel-last-child\">\n<div class=\"so-widget-sow-editor so-widget-sow-editor-base\">\n<div class=\"siteorigin-widget-tinymce textwidget\">\n<p>\u00a0<\/p>\n<figure id=\"attachment_189\" aria-describedby=\"caption-attachment-189\" style=\"width: 459px\" class=\"wp-caption aligncenter\"><img loading=\"lazy\" decoding=\"async\" class=\"wp-image-189\" title=\"Secci\u00f3 Sindical de la Diutaci\u00f3 de Barcelona de la Federaci\u00f3 Sindical de Catalunya\" src=\"http:\/\/ccoo.app\/diputacio-de-barcelona\/wp-content\/blogs.dir\/6\/files\/sites\/186\/2015\/12\/ccoo-fsc-cat.png\" alt=\"Secci\u00f3 Sindical de la Diputaci\u00f3 de Barcelona de la Federaci\u00f3 Sindical de Catalunya\" width=\"469\" height=\"90\" \/><figcaption id=\"caption-attachment-189\" class=\"wp-caption-text\">Secci\u00f3 Sindical de la Diputaci\u00f3 de Barcelona<\/figcaption><\/figure>\n<h3 style=\"text-align: center\">\u00a0<\/h3>\n<\/div>\n<\/div>\n<\/div>\n<\/div>\n<\/div>\n<div id=\"pg-1291-1\" class=\"panel-grid panel-no-style\">\n<div id=\"pgc-1291-1-0\" class=\"panel-grid-cell\">\n<div id=\"panel-1291-1-0-0\" class=\"so-panel widget widget_sow-editor panel-first-child panel-last-child\">\n<div class=\"so-widget-sow-editor so-widget-sow-editor-base\">\n<h3 class=\"widget-title\">VOLEM CARRERA PROFESSIONAL I PROMOCI\u00d3 INTERNA NO AL PERFIL PROFESSIONAL FORA DEL PROC\u00c9S SELECTIU<\/h3>\n<div class=\"siteorigin-widget-tinymce textwidget\">\n<h3 style=\"text-align: center\">\u00a0<\/h3>\n<p style=\"text-align: center\"><span style=\"color: #ff0000\">VOLEM CARRERA PROFESSIONAL I PROMOCI\u00d3 INTERNA\u00a0NO AL PERFIL PROFESSIONAL FORA DEL PROC\u00c9S SELECTIU<\/span><\/p>\n<p>Estem impressionats de la molt bona acollida que ha tingut el nostre comunicat de la setmana passada. El nivell de resposta que ha tingut demostra la preocupaci\u00f3 que desperta l&#8217;actitud impositiva de la Diputaci\u00f3 respecte al Reglament de Borses i la gesti\u00f3 que vol fer d&#8217;aquest amb una afectaci\u00f3 tan important per al personal inter\u00ed i funcionari de carrera.\u00a0<\/p>\n<p>Tot i aix\u00f2, amb aquest comunicat volem aclarir dubtes i q\u00fcestions que ens heu plantejat. Amb l&#8217;objectiu de fer-nos entendre de la millor manera possible, hem preparat diversos ESQUEMES en diversos <b><i>documents adjunts<\/i><\/b> com a complement de la informaci\u00f3 d&#8217;aquest comunicat. Us aconsellem que els hi doneu un cop d&#8217;ull.\u00a0<\/p>\n<ul>\n<li><b>QUINES DIFER\u00c8<\/b><b>NCIES HI HA ENTRE CARRERA PROFESSIONAL, LA PROMOCI\u00d3 INTERNA I LA MOBILITAT INTERNA?<\/b>\u00a0<\/li>\n<li><b>QU\u00c8 <\/b><b>E<\/b><b>S FA A LA DIPUTACI\u00d3 AL RESPECTE?<\/b>\u00a0<\/li>\n<li><b>CCOO EXIGIM QUE S<\/b><b>\u2019A<\/b><b>COMPLEIXI<\/b><b>N<\/b><b> ELS ACORDS I DIEM NO ALS POSICIONAMENTS UNILATERALS.<\/b>\u00a0<\/li>\n<li><b>QUINES DIFER\u00c8NCIES HI HA ENTRE CARRERA PROFESSIONAL, LA PROMOCI\u00d3 INTERNA I LA MOBILITAT INTERNA?<\/b>\u00a0<\/li>\n<\/ul>\n<p>Hem de saber que el que anomenem \u201c<i>carrera professional<\/i>\u201d \u00e9s diferent al que coneixem com a \u201c<i>promoci\u00f3 interna<\/i>\u201d:\u00a0<\/p>\n<p><strong>CARRERA PROFESSIONAL &#8211;\u00a0Pregressi\u00f3 personal &#8211; Progressi\u00f3 horitzontal<\/strong><\/p>\n<p><strong>PROMOCI\u00d3 INTERNA -Progressi\u00f3 subjecta a vacants &#8211; Progressi\u00f3 vertical<\/strong><\/p>\n<p><b><br \/>\nQU\u00c8 E<\/b><b>S FA A LA DIPUTACI\u00d3 AL RESPECTE?<\/b>\u00a0<\/p>\n<p>Des del 2012 a la Diputaci\u00f3 no nom\u00e9s NO TENIM \u201c<i>carrera professional<\/i><i>,<\/i>\u201d sin\u00f3 tampoc \u201c<i>promoci\u00f3 interna<\/i>\u201d.\u00a0<\/p>\n<p style=\"text-align: left\"><b>CCOO EXIGIM QUE S<\/b><b>\u2019A<\/b><b>COMPLEIXI<\/b><b>N<\/b><b> ELS ACORDS\u00a0<\/b><b>\u00a0\u00a0<\/b><b>I DIEM NO<\/b><b> ALS POSICIONAMENTS UNILATERALS<\/b>\u00a0<\/p>\n<p>La <b>Carrera Professional (progressi\u00f3 horitzontal)<\/b> va ser suspesa per motius econ\u00f2mics, tot i que va tenir partida pressupost\u00e0ria diversos anys. Per tant, el motiu per suspendre-la \u00e9s m\u00e9s que q\u00fcestionable.\u00a0<\/p>\n<p>Respecte a la <b>Promoci\u00f3 I<\/b><b>nterna (progressi\u00f3 vertical)<\/b> la cosa \u00e9s diferent. En aquest cas, des del 2012 la Diputaci\u00f3 senzillament va deixar de realitzar convocat\u00f2ries i tot just ara, insisteix que qui vulgui promocionar ho faci presentant-se a una borsa.\u00a0\u00a0<\/p>\n<p>En aquest cas, el motiu per suspendre la promoci\u00f3 interna \u00e9s tamb\u00e9 econ\u00f2mic? Impossible! Penseu que es tracta de cobrir una vacant (per exemple d&#8217;alg\u00fa que s&#8217;ha jubilat) amb personal de la mateixa diputaci\u00f3 que treballa en un subgrup inferior. Aix\u00f2 no suposa cap increment econ\u00f2mic, al contrari.\u00a0<\/p>\n<p>En vista que no sembla que hi hagi arguments m\u00ednimament comprensibles per no realitzar convocat\u00f2ries de Promoci\u00f3 Interna, \u00e9s oport\u00fa fer-nos les seg\u00fcents preguntes:\u00a0<\/p>\n<ul>\n<li>Pot haver-hi altres motius?\u00a0<\/li>\n<li>\u00c9s possible que aquests motius estiguin relacionats amb el fet que vulguin que el personal es presenti (com \u00fanic mecanisme de progressi\u00f3 vertical) a les borses de treball?\u00a0<\/li>\n<\/ul>\n<p>Recordeu el moment negocial en el qu\u00e8 estem: ens volen imposar un reglament de borses on la corporaci\u00f3 tingui capacitat de seleccionar a qui vulgui sota l\u2019eufemisme del perfil professional.\u202f Per tant, tot el personal de borsa, <b>fins i tot el personal intern que s&#8217;hagi presentat per a promocionar <\/b>dependr\u00e0 en \u00faltima inst\u00e0ncia de tenir o no el \u00abperfil\u00bb (recordeu que no tindran l&#8217;obligaci\u00f3 de respectar l&#8217;ordre de la llista de la borsa).\u00a0<\/p>\n<p>Enteneu potser ara per qu\u00e8 aquesta obcecaci\u00f3 amb que tamb\u00e9 la Promoci\u00f3 Interna passi per les borses?\u00a0\u00a0<\/p>\n<p>Portem anys exigint que les coses es facin correctament, de fet que s\u2019acompleixi l&#8217;Acord del 2013 (fixeu-vos en el punt 2, lletra a i b):\u00a0<\/p>\n<p><span style=\"color: #0000ff\"><a style=\"color: #0000ff\" href=\"https:\/\/intradiba2.diba.cat\/documents\/28776273\/0\/ACORD+DIRECTRIUS+GESTI%C3%93%20NECESSITATS+PERSONAL\/64cf1580-d447-46ed-b89e-766fa1e91455\">https:\/\/intradiba2.diba.cat\/documents\/28776273\/0\/ACORD+DIRECTRIUS+GESTI%C3%93%20NECESSITATS+PERSONAL\/64cf1580-d447-46ed-b89e-766fa1e91455<\/a><\/span><\/p>\n<p>Extracte de L&#8217;ACORD 2013:<\/p>\n<p><i>2. La <\/i><b><i>cobertura de les necessitats de personal<\/i><\/b> <i>de la Diputaci\u00f3 de Barcelona, <\/i><b><i>es regir\u00e0 pels criteris seg\u00fcents:<\/i><\/b><\/p>\n<p><i>a) Les necessitats de personal que es generin a partir de l\u2019aprovaci\u00f3 d\u2019aquests acords <\/i><i>s\u2019atendran, <\/i><b><i>priorit\u00e0riament, amb personal funcionari de carrera de la corporaci\u00f3<\/i><\/b><i>, <\/i><i>mitjan\u00e7ant els <\/i><b><i>sistemes de provisi\u00f3 ordinaris<\/i><\/b> <i>legalment previstos i l\u2019efectivitat dels <\/i><i>reingressos al servei actiu dels empleats p\u00fablics que aix\u00ed ho sol\u00b7licitin. <strong>(Concurs de m\u00e8rits)<\/strong><\/i><\/p>\n<p><i>De manera excepcional i per motius d\u2019urg\u00e8ncia degudament justificats, es podr\u00e0 fer \u00fas dels sistemes de provisi\u00f3 extraordinaris els en termes previstos en l\u2019ordenament jur\u00eddic.\u00a0<\/i>\u00a0<\/p>\n<p><i>b) <\/i><b><i>Es faran convocat\u00f2ries de promoci\u00f3 interna<\/i><\/b> <i>amb la finalitat de mantenir la qualitat <\/i><i>dels serveis i de racionalitzar l\u2019efic\u00e0cia i efici\u00e8ncia dels <\/i><b><i>recursos humans existents<\/i><\/b> <b><i>sense haver de rec\u00f3rrer a la incorporaci\u00f3 de personal de nou ingr\u00e9s,<\/i><\/b> <i>quan el <\/i><i>servei ho requereixi i sempre que les esmentades convocat\u00f2ries s\u2019acompanyin de <\/i><i>l\u2019amortitzaci\u00f3 de les places que quedin vacants en el grup immediatament inferior, <\/i><i>excepte si en termes d\u2019an\u00e0lisi organitzativa fos necessari mantenir-les. \u00a0<strong>(Promoci\u00f3 interna)<\/strong><\/i><\/p>\n<p>En comptes de complir amb aquest acord, el que ens trobem a la Mesa de Negociaci\u00f3 \u00e9s un ultim\u00e0tum: si no acceptem el que la Diputaci\u00f3 proposa, aprovaran el Reglament com feia els divendres el <i>Consell de ministre<\/i><i>s<\/i><i>: <\/i><b>via \u00ab<\/b><b>decretazo<\/b><b>\u00ab.\u00a0\u00a0<\/b>\u00a0<\/p>\n<p>Des de CCOO no creiem que aquest sigui el cam\u00ed m\u00e9s prudent a seguir. Esperem que la Diputaci\u00f3 abandoni la seva actitud inflexible i doni cabuda en el nou reglament a les propostes que els diferents sindicats hem estat aportant.\u00a0\u00a0<\/p>\n<p>Exigim que es convoquin processos de Promoci\u00f3 Interna i desisteixin de la decisi\u00f3 no pactada d&#8217;eliminar dits processos i supeditar-los a presentar-se a una borsa de treball. Aix\u00f2 \u00e9s inadmissible!\u00a0\u00a0<\/p>\n<p style=\"text-align: center\"><b>Volem Promoci\u00f3 interna!<\/b>\u00a0<\/p>\n<p style=\"text-align: center\"><b>Volem Borses de Treball on es respectin els principis d&#8217;igualtat, capacitat i m\u00e8rit!<\/b>\u00a0<\/p>\n<p style=\"text-align: center\"><b>Volem Carrera Professional!<\/b>\u00a0<\/p>\n<p>Ja n&#8217;hi ha prou de retallar-nos el nostres drets!!!\u00a0<\/p>\n<p style=\"text-align: center\">* \u00a0* \u00a0* \u00a0* \u00a0*<\/p>\n<\/div>\n<\/div>\n<\/div>\n<\/div>\n<\/div>\n<div id=\"pg-1291-2\" class=\"panel-grid panel-no-style\">\n<div id=\"pgc-1291-2-0\" class=\"panel-grid-cell\">\n<div id=\"panel-1291-2-0-0\" class=\"so-panel widget widget_sow-editor panel-first-child panel-last-child\">\n<div class=\"so-widget-sow-editor so-widget-sow-editor-base\">\n<div class=\"siteorigin-widget-tinymce textwidget\">\n<p><img loading=\"lazy\" decoding=\"async\" class=\"alignleft wp-image-226\" src=\"http:\/\/ccoo.app\/diputacio-de-barcelona\/wp-content\/blogs.dir\/6\/files\/sites\/186\/2016\/04\/estem-decidits-acontinuar-lluitant.png\" alt=\"Estem decidits a continuar lluitant !\" width=\"213\" height=\"89\" \/><\/p>\n<p><img loading=\"lazy\" decoding=\"async\" class=\"wp-image-262 alignright\" src=\"http:\/\/ccoo.app\/diputacio-de-barcelona\/wp-content\/blogs.dir\/6\/files\/sites\/186\/2016\/04\/afiliat_ccoo_cat.gif\" alt=\"Tota la informaci\u00f3 de com afiliar-se a CCOO Catalunya i forlmulari d'alta o baxia.\" width=\"90\" height=\"80\" \/><\/p>\n<p><img loading=\"lazy\" decoding=\"async\" class=\"wp-image-227 aligncenter\" src=\"http:\/\/ccoo.app\/diputacio-de-barcelona\/wp-content\/blogs.dir\/6\/files\/sites\/186\/2016\/04\/logo-peu-300x69.png\" alt=\"logo-peu\" width=\"952\" height=\"219\" srcset=\"https:\/\/ccoo.app\/diputacio-de-barcelona\/wp-content\/blogs.dir\/6\/files\/sites\/186\/2016\/04\/logo-peu-300x69.png 300w, https:\/\/ccoo.app\/diputacio-de-barcelona\/wp-content\/blogs.dir\/6\/files\/sites\/186\/2016\/04\/logo-peu.png 557w\" sizes=\"auto, (max-width: 952px) 100vw, 952px\" \/><\/p>\n<p style=\"text-align: center\"><small><\/small><small>Formulari d&#8217;<a href=\"\/afiliat\/\">alta<\/a>, <a href=\"\/afiliat\/\">baixa <\/a>o <a href=\"\/afiliat\/\">modificaci\u00f3 <\/a>de les dades personals o<br \/>\n contacta&#8217;ns a trav\u00e9s del tel\u00e8fon<strong> 934 022 985<\/strong> o correu: <a href=\"mailto:ccoo@diba.cat\"><strong>ccoo@diba.cat<\/strong><\/a><\/small><\/p>\n<\/div>\n<\/div>\n<\/div>\n<\/div>\n<\/div>\n<\/div>\n","protected":false},"excerpt":{"rendered":"<p>\u00a0 \u00a0 VOLEM CARRERA PROFESSIONAL I PROMOCI\u00d3 INTERNA NO AL PERFIL PROFESSIONAL FORA DEL PROC\u00c9S SELECTIU \u00a0 VOLEM CARRERA PROFESSIONAL I PROMOCI\u00d3 INTERNA\u00a0NO AL PERFIL PROFESSIONAL FORA DEL PROC\u00c9S SELECTIU &#8230; <\/p>\n<p class=\"read-more-container\"><a title=\"VOLEM CARRERA PROFESSIONAL I PROMOCI\u00d3 INTERNA NO AL PERFIL PROFESSIONAL FORA DEL PROC\u00c9S SELECTIU\" class=\"read-more button\" href=\"https:\/\/ccoo.app\/diputacio-de-barcelona\/volem-carrera-professional-i-promocio-interna-no-al-perfil-professional-fora-del-proces-selectiu\/#more-1291\" aria-label=\"Leer m\u00e1s sobre VOLEM CARRERA PROFESSIONAL I PROMOCI\u00d3 INTERNA NO AL PERFIL PROFESSIONAL FORA DEL PROC\u00c9S SELECTIU\">Continuar llegint<\/a><\/p>\n","protected":false},"author":4519,"featured_media":255,"comment_status":"open","ping_status":"open","sticky":false,"template":"","format":"standard","meta":{"footnotes":""},"categories":[38,40,16,17,19,31,33],"tags":[180],"class_list":["post-1291","post","type-post","status-publish","format-standard","has-post-thumbnail","hentry","category-a-tot-el-personal","category-carrera-horitzontal","category-carrera-professional","category-carrera-vertical","category-comunicats","category-personal-interi-comunicats","category-propostes-sindicals","tag-personal-interi","generate-columns","tablet-grid-50","mobile-grid-100","grid-parent","grid-50"],"_links":{"self":[{"href":"https:\/\/ccoo.app\/diputacio-de-barcelona\/wp-json\/wp\/v2\/posts\/1291","targetHints":{"allow":["GET"]}}],"collection":[{"href":"https:\/\/ccoo.app\/diputacio-de-barcelona\/wp-json\/wp\/v2\/posts"}],"about":[{"href":"https:\/\/ccoo.app\/diputacio-de-barcelona\/wp-json\/wp\/v2\/types\/post"}],"author":[{"embeddable":true,"href":"https:\/\/ccoo.app\/diputacio-de-barcelona\/wp-json\/wp\/v2\/users\/4519"}],"replies":[{"embeddable":true,"href":"https:\/\/ccoo.app\/diputacio-de-barcelona\/wp-json\/wp\/v2\/comments?post=1291"}],"version-history":[{"count":1,"href":"https:\/\/ccoo.app\/diputacio-de-barcelona\/wp-json\/wp\/v2\/posts\/1291\/revisions"}],"predecessor-version":[{"id":52242,"href":"https:\/\/ccoo.app\/diputacio-de-barcelona\/wp-json\/wp\/v2\/posts\/1291\/revisions\/52242"}],"wp:featuredmedia":[{"embeddable":true,"href":"https:\/\/ccoo.app\/diputacio-de-barcelona\/wp-json\/wp\/v2\/media\/255"}],"wp:attachment":[{"href":"https:\/\/ccoo.app\/diputacio-de-barcelona\/wp-json\/wp\/v2\/media?parent=1291"}],"wp:term":[{"taxonomy":"category","embeddable":true,"href":"https:\/\/ccoo.app\/diputacio-de-barcelona\/wp-json\/wp\/v2\/categories?post=1291"},{"taxonomy":"post_tag","embeddable":true,"href":"https:\/\/ccoo.app\/diputacio-de-barcelona\/wp-json\/wp\/v2\/tags?post=1291"}],"curies":[{"name":"wp","href":"https:\/\/api.w.org\/{rel}","templated":true}]}}