{"id":1253,"date":"2017-03-31T13:26:13","date_gmt":"2017-03-31T12:26:13","guid":{"rendered":"https:\/\/diba.ccoo.cat\/?p=1253"},"modified":"2023-02-22T19:15:12","modified_gmt":"2023-02-22T18:15:12","slug":"resum-de-la-reunio-de-la-mesa-de-negociacio-del-23-de-marc","status":"publish","type":"post","link":"https:\/\/ccoo.app\/diputacio-de-barcelona\/resum-de-la-reunio-de-la-mesa-de-negociacio-del-23-de-marc\/","title":{"rendered":"RESUM DE LA REUNI\u00d3 DE LA MESA DE (NEGOCIACI\u00d3?) DEL 23 DE MAR\u00c7"},"content":{"rendered":"<div id=\"pl-1253\" class=\"panel-layout\">\n<div id=\"pg-1253-0\" class=\"panel-grid panel-no-style\">\n<div id=\"pgc-1253-0-0\" class=\"panel-grid-cell\">\n<div id=\"panel-1253-0-0-0\" class=\"so-panel widget widget_sow-editor panel-first-child panel-last-child\">\n<div class=\"so-widget-sow-editor so-widget-sow-editor-base\">\n<div class=\"siteorigin-widget-tinymce textwidget\">\n<p>\u00a0<\/p>\n<figure id=\"attachment_189\" aria-describedby=\"caption-attachment-189\" style=\"width: 459px\" class=\"wp-caption aligncenter\"><img loading=\"lazy\" decoding=\"async\" class=\"wp-image-189\" title=\"Secci\u00f3 Sindical de la Diutaci\u00f3 de Barcelona de la Federaci\u00f3 Sindical de Catalunya\" src=\"http:\/\/ccoo.app\/diputacio-de-barcelona\/wp-content\/blogs.dir\/6\/files\/sites\/186\/2015\/12\/ccoo-fsc-cat.png\" alt=\"Secci\u00f3 Sindical de la Diputaci\u00f3 de Barcelona de la Federaci\u00f3 Sindical de Catalunya\" width=\"469\" height=\"90\" \/><figcaption id=\"caption-attachment-189\" class=\"wp-caption-text\">Secci\u00f3 Sindical de la Diputaci\u00f3 de Barcelona<\/figcaption><\/figure>\n<h3 style=\"text-align: center\">\u00a0<\/h3>\n<\/div>\n<\/div>\n<\/div>\n<\/div>\n<\/div>\n<div id=\"pg-1253-1\" class=\"panel-grid panel-no-style\">\n<div id=\"pgc-1253-1-0\" class=\"panel-grid-cell\">\n<div id=\"panel-1253-1-0-0\" class=\"so-panel widget widget_sow-editor panel-first-child panel-last-child\">\n<div class=\"so-widget-sow-editor so-widget-sow-editor-base\">\n<h3 class=\"widget-title\">RESUM DE LA REUNI\u00d3 DE LA MESA DE (NEGOCIACI\u00d3?) DEL 23 DE MAR\u00c7<\/h3>\n<div class=\"siteorigin-widget-tinymce textwidget\">\n<h3 style=\"text-align: center\"><strong><span style=\"color: #ff0000\"><b>RESUM DE LA REUNI\u00d3 DE LA MESA DE (NEGOCIACI\u00d3?) DEL 23 DE MAR\u00c7<\/b>\u00a0<\/span><\/strong><\/h3>\n<p><b>Molt d<\/b><b>ecebedora reuni\u00f3 <\/b><b>la <\/b><b>del dia 23 de mar\u00e7<\/b><b>.<\/b> <b>Tot i <\/b><b>que tractav<\/b><b>a exclusivament <\/b><b>de <\/b><b>temes de RESPIR creiem que <\/b><b>\u00e9s important que coneixeu qu\u00e8 va passar<\/b><b>, <\/b><b>perqu\u00e8<\/b><b> il\u00b7lustra molt b\u00e9 el tarann\u00e0 actual de la Diputaci\u00f3.<\/b>\u00a0<\/p>\n<p>Una de les coses que m\u00e9s preocupa al personal de RESPIR s\u00f3n les c\u00e0rregues de treball. Al desembre, la corporaci\u00f3 va prendre el comprom\u00eds de fer un estudi. De moment, qu\u00e8 s\u2019ha fet? Res de res! Aix\u00f2 s\u00ed, ens van avan\u00e7ar all\u00f2 de <b><i>\u00abal <\/i><\/b><b><i>loro<\/i><\/b><b><i>, que no <\/i><\/b><b><i>estamos<\/i><\/b><b><i> tan mal\u00bb.<\/i><\/b> \u00c9s a dir, que la Diputaci\u00f3 compleix amb la legalitat i que a la Generalitat i a la privada estan pitjors: pat\u00e8tic!\u00a0<\/p>\n<p>Sobre la resta de propostes que vam fer (sorprenentment) ens van dir que aquesta reuni\u00f3 <b>no<\/b><b> era una reuni\u00f3 de \u201cnegociaci\u00f3\u201d<\/b> (podeu veure totes les nostres propostes al <b>document adjunt<\/b> <i>PROPOSTES CCOO MILLORES RESPIR<\/i>).\u00a0\u00a0<\/p>\n<p>Fins i tot, a propostes en qu\u00e8 ens van donar la ra\u00f3, tampoc ens van donar solucions. Per exemple, CCOO vam exigir un calendari tancat respecte a la col\u00b7locaci\u00f3 d&#8217;aparells d\u2019aire condicionat per evitar que torni a passar la situaci\u00f3 de calor extrema al Pavell\u00f3 Nord. Doncs b\u00e9, tant la Ger\u00e8ncia de RESPIR com la Direcci\u00f3 de RRHH ens van dir que saben que <b>s\u00f3n necessaris per\u00f2 que no dep\u00e8n d\u2019ells<\/b> la seva instal\u00b7laci\u00f3. A qui, doncs, hem d&#8217;exigir que es prenguin mesures per a que s\u2019eviti una situaci\u00f3 de risc?\u00a0<\/p>\n<p><img decoding=\"async\" class=\"WACImage SCX37193191 aligncenter\" src=\"https:\/\/word-edit.officeapps.live.com\/we\/ResReader.ashx?v=00000000-0000-0000-0000-000000000014&amp;n=E2o11.img&amp;rndm=c4e4e44e-34b0-47d4-a18a-972698559167&amp;WOPIsrc=https%3A%2F%2Fwopi%2Dtest%2Edropbox%2Ecom%2Fwopi%2Ffiles%2FsOUhOhT5gcAAAAAAAAABrw&amp;access_token=1%7EAAO3EHKZYOklD9MTIe2K2AlolmjPNJi12EoMt9eJeVnaRQnl2KpJZ0%2DplUN6%2DwUbW%2DOtj6rFjTd3squP43bfngp0mzl9geroq6iALejko%2D%5FrO69jnq6cfGk9R24eYxN%2DcnGD%2DkjsKdHyldTgFDYUFWPxTZlt16nB8U3BFX0ykRbahFrgnaT%5FDcNvfpV%5F3mhWN7CMw72S6IT6s707rMS%5FcVaPNc3yPJngwRvPRSRBwjwZDIcAH9AmBX%5FzDAD%2DH2AunYZBBSH9WUhWy7eBSOlKOEypae2tNjhKriehLtXKQzmYuOQbcgvZ%2DQmluku33n4Im4FEYfg0kQ49lcoeYgrrMfcw&amp;access_token_ttl=1491407458000&amp;usid=2ebd9484-b2c2-4347-8fdf-d66ef5c96ada&amp;build=16.0.8031.3701&amp;waccluster=NL1\" alt=\"Cuadro de texto\" \/><\/p>\n<p>Tal com diu l&#8217;Acord de PAMO 2014, en una fase inicial es reclassificarien tots els col\u00b7lectius comen\u00e7ant pels grups AP i C2. Recordem que aquesta negociaci\u00f3 va ser conseq\u00fc\u00e8ncia d&#8217;una sent\u00e8ncia dels Xofers que va evidenciar la manca d&#8217;ordre i criteri que hi havia a la Diputaci\u00f3, permetent tenir personal a dos subgrups diferents de classificaci\u00f3 (C1 i C2) amb nom\u00e9s un manual de funcions, \u00e9s a dir les mateixes funcions, per a ambd\u00f3s grups.\u00a0<\/p>\n<p>Llavors vam revisar tots els col\u00b7lectius d&#8217;AP i C2, menys el personal Auxiliar de Geriatria. Per qu\u00e8? Doncs per deixar temps suficient a que tot el personal pogu\u00e9s tenir la nova acreditaci\u00f3 exigida per al col\u00b7lectiu. <b>CCOO hem reiterat (consta en acta) tant a la negociaci\u00f3 dels diferents <\/b><b>PAMOs<\/b><b> seg\u00fcents com en <\/b><b>d\u2019<\/b><b>altres <\/b><b>reuni<\/b><b>ons que s\u2019inclogu\u00e9s al personal Auxiliar de <\/b><b>G<\/b><b>eriatria.<\/b> Ara ho hem reiterat.\u00a0\u00a0<\/p>\n<p>Qu\u00e8 ens diu la corporaci\u00f3? Que si volem negociar aix\u00f2, hem de deixar de banda altres temes. CCOO considerem que el que ha de fer la corporaci\u00f3 \u00e9s complir amb els seus compromisos. <b>El col\u00b7lectiu havia de tenir l&#8217;acreditaci\u00f3: ja la tenen. Ara que ja est\u00e0 fet toca<\/b><b> la<\/b><b> reclassificaci\u00f3. No hi ha res m\u00e9s a afegir!<\/b>\u00a0<\/p>\n<p>CCOO vam aprofitar per insistir que tal com li passa a la resta de personal de Diputaci\u00f3, tampoc el personal de RESPIR pot presentar-se a <b>convocat\u00f2ries<\/b><b> de Promoci\u00f3 Interna perqu\u00e8 s\u00f3n inexistent<\/b><b>s<\/b><b>.<\/b>\u00a0<\/p>\n<p>Hem de tenir en compte que una reclassificaci\u00f3 suposa reconvertir llocs de treball d&#8217;un subgrup en un altre. En canvi, quan parlem de convocat\u00f2ries de Promoci\u00f3 Interna, del que estem parlant \u00e9s de cobrir vacants d&#8217;un subgrup superior amb personal intern d&#8217;un subgrup inferior mitjan\u00e7ant una convocat\u00f2ria espec\u00edfica (no per borsa de treball).\u00a0<\/p>\n<p>A la reuni\u00f3 de Mesa va quedar clar que o <b>no ens entenen o <\/b><b>&#8211;<\/b><b>el que es m\u00e9s probable<\/b><b>&#8211;<\/b> <b>no ens volen ent<\/b><b>endre.<\/b> L&#8217;Acord del 2013, punt 2b ho diu clar i catal\u00e0. Nom\u00e9s exigim que es compleixi i lluitarem fins aconseguir-ho!\u00a0<\/p>\n<p><span style=\"color: #0000ff\"><a style=\"color: #0000ff\" href=\"http:\/\/intradiba.diba.cat\/documents\/28776273\/0\/ACORD+DIRECTRIUS+GESTI%C3%93%20NECESSITATS+PERSONAL\/64cf1580-d447-46ed-b89e-766fa1e91455\">http:\/\/intradiba.diba.cat\/documents\/28776273\/0\/ACORD+DIRECTRIUS+GESTI%C3%93%20NECESSITATS+PERSONAL\/64cf1580-d447-46ed-b89e-766fa1e91455<\/a>\u00a0<\/span><\/p>\n<p>Fixeu-vos en el \u00faltim par\u00e0graf del punt Primer del <b><i>ACUERDO<\/i><\/b><b><i> PARA LA <\/i><\/b><b><i>MEJORA<\/i><\/b><b><i> DEL <\/i><\/b><b><i>EMPLEO<\/i><\/b><b><i> P\u00daBLICO:\u00a0<\/i><\/b>\u00a0<\/p>\n<p><span style=\"color: #0000ff\"><a style=\"color: #0000ff\" href=\"http:\/\/www.ccoo.es\/cms\/g\/public\/o\/2\/o214794.pdf\"><b><i>http:\/\/www.ccoo.es\/cms\/g\/public\/o\/2\/o214794.pdf<\/i><\/b><\/a>\u00a0<\/span><\/p>\n<p><img decoding=\"async\" class=\"WACImage SCX109212331 aligncenter\" src=\"https:\/\/word-edit.officeapps.live.com\/we\/ResReader.ashx?v=00000000-0000-0000-0000-000000000014&amp;n=E2o12.img&amp;rndm=a578d65c-05d3-4d16-80fb-43ede02e071f&amp;WOPIsrc=https%3A%2F%2Fwopi%2Dtest%2Edropbox%2Ecom%2Fwopi%2Ffiles%2FsOUhOhT5gcAAAAAAAAABrw&amp;access_token=1%7EAAO3EHKZYOklD9MTIe2K2AlolmjPNJi12EoMt9eJeVnaRQnl2KpJZ0%2DplUN6%2DwUbW%2DOtj6rFjTd3squP43bfngp0mzl9geroq6iALejko%2D%5FrO69jnq6cfGk9R24eYxN%2DcnGD%2DkjsKdHyldTgFDYUFWPxTZlt16nB8U3BFX0ykRbahFrgnaT%5FDcNvfpV%5F3mhWN7CMw72S6IT6s707rMS%5FcVaPNc3yPJngwRvPRSRBwjwZDIcAH9AmBX%5FzDAD%2DH2AunYZBBSH9WUhWy7eBSOlKOEypae2tNjhKriehLtXKQzmYuOQbcgvZ%2DQmluku33n4Im4FEYfg0kQ49lcoeYgrrMfcw&amp;access_token_ttl=1491407458000&amp;usid=2ebd9484-b2c2-4347-8fdf-d66ef5c96ada&amp;build=16.0.8031.3701&amp;waccluster=NL1\" alt=\"Cuadro de texto\" \/><\/p>\n<p>Ens diuen que a la Diputaci\u00f3 hi ha Promoci\u00f3 Interna. \u00c9s aix\u00ed?\u00a0<\/p>\n<p>Fixeu-nos en el PAMO 2014 i 2015: quantes places inclouen de Promoci\u00f3 Interna? Si tenim en compte que la majoria \u00e9s reclassificaci\u00f3 (entenent qu\u00e8 \u00e9s d\u2019acord amb el que us hem explicat anteriorment) podem veure que hi ha menys de 50 places de Promoci\u00f3 Interna al PAMO 2014 <b>(veure document adjunt).<\/b> Per\u00f2 s&#8217;ha de dir que aquestes places ja estan ocupades (per un motiu o un altre, no entrarem en detalls) interinament per funcionaris\/\u00e0ries. Per tant, ja no es tractaria de vacants que es cobreixen de manera immediata mitjan\u00e7ant promoci\u00f3.\u00a0<\/p>\n<p>Tot i aix\u00f2, les donem per v\u00e0lides i <b>considerem que des del 2012, s\u2019han <\/b><b>convocat <\/b><b>(en n\u00fameros rodons) <\/b><b>50 places de Promoci\u00f3 I<\/b><b>nterna.<\/b> Segons les dades que tenim, m\u00e9s o menys, es jubila una mitjana de 100 persones\/any. Des del 2012, 500 persones jubilades, aix\u00f2 \u00e9s, 500 vacants. \u00c9s a dir, <b>nom\u00e9s un 10% de les vacants s\u00f3n per a la Promoci\u00f3 Interna.<\/b> I diuen que hi ha Promoci\u00f3 Interna?\u00a0<\/p>\n<p>\u00a0<img decoding=\"async\" class=\"WACImage SCX167105124 aligncenter\" src=\"https:\/\/word-edit.officeapps.live.com\/we\/ResReader.ashx?v=00000000-0000-0000-0000-000000000014&amp;n=E2o13.img&amp;rndm=aefb2421-03c6-41be-a071-b4d0d61f6664&amp;WOPIsrc=https%3A%2F%2Fwopi%2Dtest%2Edropbox%2Ecom%2Fwopi%2Ffiles%2FsOUhOhT5gcAAAAAAAAABrw&amp;access_token=1%7EAAO3EHKZYOklD9MTIe2K2AlolmjPNJi12EoMt9eJeVnaRQnl2KpJZ0%2DplUN6%2DwUbW%2DOtj6rFjTd3squP43bfngp0mzl9geroq6iALejko%2D%5FrO69jnq6cfGk9R24eYxN%2DcnGD%2DkjsKdHyldTgFDYUFWPxTZlt16nB8U3BFX0ykRbahFrgnaT%5FDcNvfpV%5F3mhWN7CMw72S6IT6s707rMS%5FcVaPNc3yPJngwRvPRSRBwjwZDIcAH9AmBX%5FzDAD%2DH2AunYZBBSH9WUhWy7eBSOlKOEypae2tNjhKriehLtXKQzmYuOQbcgvZ%2DQmluku33n4Im4FEYfg0kQ49lcoeYgrrMfcw&amp;access_token_ttl=1491407458000&amp;usid=2ebd9484-b2c2-4347-8fdf-d66ef5c96ada&amp;build=16.0.8031.3701&amp;waccluster=NL1\" alt=\"Cuadro de texto\" \/><\/p>\n<p>A finals de l\u2019any passat, tenint en compte les din\u00e0miques lentes i els molts temes importants pendents de tractar, CCOO vam proposar un calendari m\u00e9s intens de negociaci\u00f3, que va ser acceptat.\u00a0<\/p>\n<p>Hem de dir que, encara que hem tingut m\u00e9s reunions, les din\u00e0miques han estat les mateixes. Per\u00f2 ara ens trobem amb novetats.\u00a0<\/p>\n<p>Volen aprovar reglaments via \u201cdecretazo\u201d i ara la novetat \u00e9s que <b>amb una reuni\u00f3 <\/b><b>de mesa de negociaci\u00f3 <\/b><b>al mes ja n\u2019<\/b><b>hi ha prou!<\/b>\u00a0<\/p>\n<p>Amb la direcci\u00f3 de RH anterior, vam proposar i acordar un <b>calendari d\u2019una reuni\u00f3 al mes COM A <\/b><b>M\u00cdNIM<\/b><b>.<\/b> <b>Ara l\u2019<\/b><b>actual d<\/b><b>irecci\u00f3 ens vol imposar una COM A <\/b><b>M\u00c0XIM<\/b><b>.<\/b> No \u00e9s potser aix\u00f2 un mena de provocaci\u00f3?\u00a0<\/p>\n<p>\u00a0<img decoding=\"async\" class=\"WACImage SCX178955539 aligncenter\" src=\"https:\/\/word-edit.officeapps.live.com\/we\/ResReader.ashx?v=00000000-0000-0000-0000-000000000014&amp;n=E2o14.img&amp;rndm=456557d9-4e24-49d6-b8b3-43148b6dc311&amp;WOPIsrc=https%3A%2F%2Fwopi%2Dtest%2Edropbox%2Ecom%2Fwopi%2Ffiles%2FsOUhOhT5gcAAAAAAAAABrw&amp;access_token=1%7EAAO3EHKZYOklD9MTIe2K2AlolmjPNJi12EoMt9eJeVnaRQnl2KpJZ0%2DplUN6%2DwUbW%2DOtj6rFjTd3squP43bfngp0mzl9geroq6iALejko%2D%5FrO69jnq6cfGk9R24eYxN%2DcnGD%2DkjsKdHyldTgFDYUFWPxTZlt16nB8U3BFX0ykRbahFrgnaT%5FDcNvfpV%5F3mhWN7CMw72S6IT6s707rMS%5FcVaPNc3yPJngwRvPRSRBwjwZDIcAH9AmBX%5FzDAD%2DH2AunYZBBSH9WUhWy7eBSOlKOEypae2tNjhKriehLtXKQzmYuOQbcgvZ%2DQmluku33n4Im4FEYfg0kQ49lcoeYgrrMfcw&amp;access_token_ttl=1491407458000&amp;usid=2ebd9484-b2c2-4347-8fdf-d66ef5c96ada&amp;build=16.0.8031.3701&amp;waccluster=NL1\" alt=\"Cuadro de texto\" \/><\/p>\n<p>De manera efectiva, <b>la negociaci\u00f3<\/b><b> est\u00e0 estancada<\/b>. El temps juga a favor de la corporaci\u00f3. No tenen cap pressa, per\u00f2 nosaltres s\u00ed.\u00a0<\/p>\n<p>Fins i tot, en temes ja pactats, l\u2019execuci\u00f3 \u00e9s desesperant. <b>Fixeu-vos en les convocat\u00f2ries de <\/b><b>PAMOs<\/b><b>;<\/b><b> a qu\u00e8 esperen per tirar-les endavant?.<\/b>\u00a0<\/p>\n<p>No creiem que la Diputaci\u00f3 hagi ent\u00e8s com se sent el personal. Si haguessin assistit a les assemblees que vam convocar fa setmanes, haurien vist que el personal est\u00e0 cansat d\u2019esperar millores que no arriben mai. Un personal que <b>demana<\/b> <b>drets: a la Promoci\u00f3 interna <\/b><b>pactada<\/b><b>, a la Carrera Professional <\/b><b>pactada<\/b><b>, al<\/b><b>s<\/b><b> incentius per jubilaci\u00f3 <\/b><b>pactats<\/b><b>&#8230;<\/b> Demanem que es complexin els acords.\u00a0<\/p>\n<p><b>Potser \u00e9s que no hi ha voluntat pol\u00edtica?<\/b> Potser \u00e9s que consideren que vivim massa b\u00e9? Que som uns privilegiats? Al Pla de Mandat 2015-2019, la l\u00ednia d\u2019actuaci\u00f3 5.6 parla \u201cd\u2019afavorir el di\u00e0leg i la participaci\u00f3\u201d. Anem cap al cam\u00ed contrari. <b>Es diria que la majoria de govern actual prefereix el <\/b><b><i>\u201c<\/i><\/b><b><i>decretazo<\/i><\/b><b><i>\u201d<\/i><\/b><b> davant del di\u00e0leg i la negociaci\u00f3<\/b><b>.<\/b>\u00a0<\/p>\n<p>Arribats a aquest punt, <b>CCOO ja estem valorant tots els escenaris per fer canviar de posicionament <\/b><b>a<\/b> <b>la Diputaci\u00f3 de Barcelona.<\/b>\u00a0\u00a0<\/p>\n<p>Sindicalment, entenem que <b>hem d\u2019afavorir la unitat d\u2019acci\u00f3<\/b><b>,<\/b> motiu pel qual ja hem encetat contactes amb la resta de representaci\u00f3 sindical.\u00a0<\/p>\n<p style=\"text-align: center\">* \u00a0* \u00a0* \u00a0* \u00a0*<\/p>\n<\/div>\n<\/div>\n<\/div>\n<\/div>\n<\/div>\n<div id=\"pg-1253-2\" class=\"panel-grid panel-no-style\">\n<div id=\"pgc-1253-2-0\" class=\"panel-grid-cell\">\n<div id=\"panel-1253-2-0-0\" class=\"so-panel widget widget_sow-editor panel-first-child panel-last-child\">\n<div class=\"so-widget-sow-editor so-widget-sow-editor-base\">\n<div class=\"siteorigin-widget-tinymce textwidget\">\n<p><img loading=\"lazy\" decoding=\"async\" class=\"alignleft wp-image-226\" src=\"http:\/\/ccoo.app\/diputacio-de-barcelona\/wp-content\/blogs.dir\/6\/files\/sites\/186\/2016\/04\/estem-decidits-acontinuar-lluitant.png\" alt=\"Estem decidits a continuar lluitant !\" width=\"213\" height=\"89\" \/><\/p>\n<p><img loading=\"lazy\" decoding=\"async\" class=\"wp-image-262 alignright\" src=\"http:\/\/ccoo.app\/diputacio-de-barcelona\/wp-content\/blogs.dir\/6\/files\/sites\/186\/2016\/04\/afiliat_ccoo_cat.gif\" alt=\"Tota la informaci\u00f3 de com afiliar-se a CCOO Catalunya i forlmulari d'alta o baxia.\" width=\"90\" height=\"80\" \/><\/p>\n<p><img loading=\"lazy\" decoding=\"async\" class=\"wp-image-227 aligncenter\" src=\"http:\/\/ccoo.app\/diputacio-de-barcelona\/wp-content\/blogs.dir\/6\/files\/sites\/186\/2016\/04\/logo-peu-300x69.png\" alt=\"logo-peu\" width=\"952\" height=\"219\" srcset=\"https:\/\/ccoo.app\/diputacio-de-barcelona\/wp-content\/blogs.dir\/6\/files\/sites\/186\/2016\/04\/logo-peu-300x69.png 300w, https:\/\/ccoo.app\/diputacio-de-barcelona\/wp-content\/blogs.dir\/6\/files\/sites\/186\/2016\/04\/logo-peu.png 557w\" sizes=\"auto, (max-width: 952px) 100vw, 952px\" \/><\/p>\n<p style=\"text-align: center\"><small><\/small><small>Formulari d&#8217;<a href=\"\/afiliat\/\">alta<\/a>, <a href=\"\/afiliat\/\">baixa <\/a>o <a href=\"\/afiliat\/\">modificaci\u00f3 <\/a>de les dades personals o<br \/>\n contacta&#8217;ns a trav\u00e9s del tel\u00e8fon<strong> 934 022 985<\/strong> o correu: <a href=\"mailto:ccoo@diba.cat\"><strong>ccoo@diba.cat<\/strong><\/a><\/small><\/p>\n<\/div>\n<\/div>\n<\/div>\n<\/div>\n<\/div>\n<\/div>\n","protected":false},"excerpt":{"rendered":"<p>\u00a0 \u00a0 RESUM DE LA REUNI\u00d3 DE LA MESA DE (NEGOCIACI\u00d3?) DEL 23 DE MAR\u00c7 RESUM DE LA REUNI\u00d3 DE LA MESA DE (NEGOCIACI\u00d3?) DEL 23 DE MAR\u00c7\u00a0 Molt decebedora &#8230; <\/p>\n<p class=\"read-more-container\"><a title=\"RESUM DE LA REUNI\u00d3 DE LA MESA DE (NEGOCIACI\u00d3?) DEL 23 DE MAR\u00c7\" class=\"read-more button\" href=\"https:\/\/ccoo.app\/diputacio-de-barcelona\/resum-de-la-reunio-de-la-mesa-de-negociacio-del-23-de-marc\/#more-1253\" aria-label=\"Leer m\u00e1s sobre RESUM DE LA REUNI\u00d3 DE LA MESA DE (NEGOCIACI\u00d3?) DEL 23 DE MAR\u00c7\">Continuar llegint<\/a><\/p>\n","protected":false},"author":4519,"featured_media":255,"comment_status":"open","ping_status":"open","sticky":false,"template":"","format":"standard","meta":{"footnotes":""},"categories":[38,19,26,34],"tags":[148,196],"class_list":["post-1253","post","type-post","status-publish","format-standard","has-post-thumbnail","hentry","category-a-tot-el-personal","category-comunicats","category-mgn","category-respir","tag-mesa-general-negociacio","tag-promocio-interna","generate-columns","tablet-grid-50","mobile-grid-100","grid-parent","grid-50"],"_links":{"self":[{"href":"https:\/\/ccoo.app\/diputacio-de-barcelona\/wp-json\/wp\/v2\/posts\/1253","targetHints":{"allow":["GET"]}}],"collection":[{"href":"https:\/\/ccoo.app\/diputacio-de-barcelona\/wp-json\/wp\/v2\/posts"}],"about":[{"href":"https:\/\/ccoo.app\/diputacio-de-barcelona\/wp-json\/wp\/v2\/types\/post"}],"author":[{"embeddable":true,"href":"https:\/\/ccoo.app\/diputacio-de-barcelona\/wp-json\/wp\/v2\/users\/4519"}],"replies":[{"embeddable":true,"href":"https:\/\/ccoo.app\/diputacio-de-barcelona\/wp-json\/wp\/v2\/comments?post=1253"}],"version-history":[{"count":1,"href":"https:\/\/ccoo.app\/diputacio-de-barcelona\/wp-json\/wp\/v2\/posts\/1253\/revisions"}],"predecessor-version":[{"id":52240,"href":"https:\/\/ccoo.app\/diputacio-de-barcelona\/wp-json\/wp\/v2\/posts\/1253\/revisions\/52240"}],"wp:featuredmedia":[{"embeddable":true,"href":"https:\/\/ccoo.app\/diputacio-de-barcelona\/wp-json\/wp\/v2\/media\/255"}],"wp:attachment":[{"href":"https:\/\/ccoo.app\/diputacio-de-barcelona\/wp-json\/wp\/v2\/media?parent=1253"}],"wp:term":[{"taxonomy":"category","embeddable":true,"href":"https:\/\/ccoo.app\/diputacio-de-barcelona\/wp-json\/wp\/v2\/categories?post=1253"},{"taxonomy":"post_tag","embeddable":true,"href":"https:\/\/ccoo.app\/diputacio-de-barcelona\/wp-json\/wp\/v2\/tags?post=1253"}],"curies":[{"name":"wp","href":"https:\/\/api.w.org\/{rel}","templated":true}]}}