{"id":1175,"date":"2017-04-05T08:29:21","date_gmt":"2017-04-05T07:29:21","guid":{"rendered":"https:\/\/diba.ccoo.cat\/?p=1175"},"modified":"2023-02-22T19:15:08","modified_gmt":"2023-02-22T18:15:08","slug":"vols-ser-membre-dun-tribunal","status":"publish","type":"post","link":"https:\/\/ccoo.app\/diputacio-de-barcelona\/vols-ser-membre-dun-tribunal\/","title":{"rendered":"VOLS SER MEMBRE D&#8217;UN TRIBUNAL ?"},"content":{"rendered":"<div id=\"pl-1175\" class=\"panel-layout\">\n<div id=\"pg-1175-0\" class=\"panel-grid panel-no-style\">\n<div id=\"pgc-1175-0-0\" class=\"panel-grid-cell\">\n<div id=\"panel-1175-0-0-0\" class=\"so-panel widget widget_sow-editor panel-first-child panel-last-child\">\n<div class=\"so-widget-sow-editor so-widget-sow-editor-base\">\n<div class=\"siteorigin-widget-tinymce textwidget\">\n<figure id=\"attachment_189\" aria-describedby=\"caption-attachment-189\" style=\"width: 459px\" class=\"wp-caption aligncenter\"><img loading=\"lazy\" decoding=\"async\" class=\"wp-image-189\" title=\"Secci\u00f3 Sindical de la Diutaci\u00f3 de Barcelona de la Federaci\u00f3 Sindical de Catalunya\" src=\"http:\/\/ccoo.app\/diputacio-de-barcelona\/wp-content\/blogs.dir\/6\/files\/sites\/186\/2015\/12\/ccoo-fsc-cat.png\" alt=\"Secci\u00f3 Sindical de la Diputaci\u00f3 de Barcelona de la Federaci\u00f3 Sindical de Catalunya\" width=\"469\" height=\"90\" \/><figcaption id=\"caption-attachment-189\" class=\"wp-caption-text\">Secci\u00f3 Sindical de la Diputaci\u00f3 de Barcelona<\/figcaption><\/figure>\n<h3 style=\"text-align: center\"><\/h3>\n<\/div>\n<\/div>\n<\/div>\n<\/div>\n<\/div>\n<div id=\"pg-1175-1\" class=\"panel-grid panel-no-style\">\n<div id=\"pgc-1175-1-0\" class=\"panel-grid-cell\">\n<div id=\"panel-1175-1-0-0\" class=\"so-panel widget widget_sow-editor panel-first-child panel-last-child\">\n<div class=\"so-widget-sow-editor so-widget-sow-editor-base\">\n<h3 class=\"widget-title\">VOLS SER MEMBRE D&#8217;UN TRIBUNAL<\/h3>\n<div class=\"siteorigin-widget-tinymce textwidget\">\n<h3 style=\"text-align: center\"><span style=\"font-family: 'arial black', sans-serif;font-size: 28px\"><strong><span style=\"color: #ff0000\">VOLS SER MEMBRE D&#8217;UN TRIBUNAL?<\/span><\/strong><\/span><\/h3>\n<p style=\"text-align: center\"><span style=\"color: #ff0000\">-5\u00a0ABRIL DE 2017-<\/span><\/p>\n<p style=\"text-align: center\"><strong><span style=\"color: #ff0000\"><span style=\"color: #0000ff;font-family: 'arial black', sans-serif;font-size: 24px\">CCOO Et Convida a Participar<\/span><br \/>\n<\/span><\/strong><\/p>\n<p>&nbsp;<\/p>\n<p style=\"text-align: justify\"><span style=\"font-family: 'arial black', sans-serif;color: #0000ff;font-size: 20px\"><a href=\"https:\/\/diba.ccoo.cat\/wp-content\/uploads\/sites\/37\/2017\/04\/TRIBUNALS-DE-SELECCI%C3%93.pdf\">Cliqueu aqu\u00ed<\/a> <\/span><span style=\"font-family: arial, helvetica, sans-serif;color: #000000\">constatar com la PROPOSTA CCOO es difer\u00e8ncia del que es feia a l&#8217;anterior mandat.<\/span><\/p>\n<p style=\"text-align: justify\"><span style=\"font-family: arial, helvetica, sans-serif;color: #000000\">Segons l\u2019article 60 de l\u2019EBEP, els \u00f2rgans de selecci\u00f3 s\u00f3n \u00f2rgans col\u00b7legiats i la seva composici\u00f3 s\u2019ha d\u2019ajustar al dos principis: imparcialitat i professionalitat<\/span><\/p>\n<p style=\"text-align: justify\"><span style=\"font-family: arial, helvetica, sans-serif;color: #000000\">El <strong><u>principi d\u2019imparcialitat<\/u><\/strong> implica, entre altres coses, que la participaci\u00f3 a un \u00f2rgan de selecci\u00f3 ser\u00e0 sempre a t\u00edtol individual, i no es podr\u00e0 exercir en representaci\u00f3 o per compte de ning\u00fa.<\/span><\/p>\n<p style=\"text-align: justify\"><span style=\"font-family: arial, helvetica, sans-serif;color: #000000\">El <strong><u>principi de professionalitat<\/u><\/strong> est\u00e0 relacionat amb el fet que aquest \u00f2rgan estigui format per membres amb la qualificaci\u00f3 t\u00e8cnica necess\u00e0ria per valorar els m\u00e8rits i les capacitats dels aspirants. Posseir igual o superior nivell de titulaci\u00f3 que l\u2019exigit per a l\u2019ingr\u00e9s al cos o escala de qu\u00e8 es tracti i tenir coneixements sobre el contingut del lloc de treball a proveir.<\/span><\/p>\n<p style=\"text-align: justify\"><span style=\"font-family: arial, helvetica, sans-serif;color: #000000\">Com sabeu, a la Diputaci\u00f3, dels cinc membres d\u2019un \u00f2rgan de selecci\u00f3, la Junta de Personal, pot proposar una persona que <u>actuar\u00e0 sempre a t\u00edtol individual<\/u> sense exercir-ne la representaci\u00f3.<\/span><\/p>\n<p style=\"text-align: justify\"><span style=\"font-family: arial, helvetica, sans-serif;color: #000000\">Des de les darreres eleccions i introduint un canvi radical respecte al que s\u2019havia fet abans, <strong>CCOO vam proposar que tots els sindicats <\/strong>amb presencia a la Junta de Personal <strong>poguessin proposar persones pels \u00f2rgans de selecci\u00f3<\/strong>, adjudicant-los de manera aleat\u00f2ria i evitant aix\u00ed la possibilitat d\u2019escollir un proc\u00e9s selectiu concret.<\/span><\/p>\n<p style=\"text-align: justify\"><span style=\"font-family: arial, helvetica, sans-serif;color: #000000\">Inicialment, v\u00e0rem proposar la creaci\u00f3 borses unit\u00e0ries diferenciades, per grau i titulaci\u00f3; proposta que no va rebre els suports necessaris. Davant aquest impediment, i cercant f\u00f3rmules de participaci\u00f3, que reverteixin en la imparcialitat i professionalitat dels tribunals, ho vam obrir a la participaci\u00f3 de la nostra afiliaci\u00f3. <strong>Ara volem donar un pas m\u00e9s.<\/strong><\/span><\/p>\n<p style=\"text-align: justify\"><span style=\"font-family: arial, helvetica, sans-serif;color: #000000\">Per la qual cosa, amb <u>l\u2019objectiu de crear una borsa extensa<\/u> de persones que vulguin ser membres dels tribunals de selecci\u00f3, TORNEM A <strong><u>convidar a tothom que ho desitgi<\/u><\/strong>, a qu\u00e8 es posi en contacte amb nosaltres a:<\/span><\/p>\n<p style=\"text-align: center\"><span style=\"font-family: 'arial black', sans-serif;font-size: 20px\"><a href=\"ccoo@diba.cat\">ccoo@diba.cat<\/a><\/span><\/p>\n<p style=\"text-align: justify\"><span style=\"font-family: arial, helvetica, sans-serif;color: #000000\">Si vols ser membre d\u2019un tribunal de selecci\u00f3, envia\u2019ns les seg\u00fcents dades:<\/span><\/p>\n<ul style=\"text-align: justify\">\n<li><span style=\"font-family: arial, helvetica, sans-serif;color: #000000\">Nom i cognoms<\/span><\/li>\n<li><span style=\"font-family: arial, helvetica, sans-serif;color: #000000\">Nivell de titulaci\u00f3<\/span><\/li>\n<li><span style=\"font-family: arial, helvetica, sans-serif;color: #000000\">Tel\u00e8fon de contacte laboral i\/o personal<\/span><\/li>\n<li><span style=\"font-family: arial, helvetica, sans-serif;color: #000000\">Categoria ocupada<\/span><\/li>\n<li><span style=\"font-family: arial, helvetica, sans-serif;color: #000000\">Departament d\u2019adscripci\u00f3 i recinte de treball<\/span><\/li>\n<li><span style=\"font-family: arial, helvetica, sans-serif;color: #000000\">\u00c0mbits de participaci\u00f3 als tribunals<\/span><\/li>\n<\/ul>\n<p style=\"text-align: justify\"><span style=\"font-family: arial, helvetica, sans-serif;color: #000000\">Aix\u00ed doncs, quan la nostra representaci\u00f3 a la Junta proposi una persona per ser membre d\u2019un tribunal, utilitzarem aquesta borsa per proposar una persona. D\u2019aquesta manera, obrint a una major participaci\u00f3, ens reafirma en la nostra voluntat de treballar per donar m\u00e9s garanties d\u2019imparcialitat, d\u2019idone\u00eftat i professionalitat.<\/span><\/p>\n<p style=\"text-align: justify\"><span style=\"font-family: arial, helvetica, sans-serif;color: #000000\">Tots els candidats i les candidates rebran la formaci\u00f3 (estem preparant un sessi\u00f3 formativa especifica) pertinent per exercir la seva responsabilitat amb imparcialitat, professionalitat, independ\u00e8ncia i sense pressions de cap mena.<\/span><\/p>\n<p style=\"text-align: center\">* \u00a0* \u00a0* \u00a0* \u00a0*<\/p>\n<\/div>\n<\/div>\n<\/div>\n<\/div>\n<\/div>\n<div id=\"pg-1175-2\" class=\"panel-grid panel-no-style\">\n<div id=\"pgc-1175-2-0\" class=\"panel-grid-cell\">\n<div id=\"panel-1175-2-0-0\" class=\"so-panel widget widget_sow-editor panel-first-child panel-last-child\">\n<div class=\"so-widget-sow-editor so-widget-sow-editor-base\">\n<div class=\"siteorigin-widget-tinymce textwidget\">\n<p><img loading=\"lazy\" decoding=\"async\" class=\"alignleft wp-image-226\" src=\"http:\/\/ccoo.app\/diputacio-de-barcelona\/wp-content\/blogs.dir\/6\/files\/sites\/186\/2016\/04\/estem-decidits-acontinuar-lluitant.png\" alt=\"Estem decidits a continuar lluitant !\" width=\"213\" height=\"89\" \/><\/p>\n<p><img loading=\"lazy\" decoding=\"async\" class=\"wp-image-262 alignright\" src=\"http:\/\/ccoo.app\/diputacio-de-barcelona\/wp-content\/blogs.dir\/6\/files\/sites\/186\/2016\/04\/afiliat_ccoo_cat.gif\" alt=\"Tota la informaci\u00f3 de com afiliar-se a CCOO Catalunya i forlmulari d'alta o baxia.\" width=\"90\" height=\"80\" \/><\/p>\n<p><img loading=\"lazy\" decoding=\"async\" class=\"wp-image-227 aligncenter\" src=\"http:\/\/ccoo.app\/diputacio-de-barcelona\/wp-content\/blogs.dir\/6\/files\/sites\/186\/2016\/04\/logo-peu-300x69.png\" alt=\"logo-peu\" width=\"952\" height=\"219\" srcset=\"https:\/\/ccoo.app\/diputacio-de-barcelona\/wp-content\/blogs.dir\/6\/files\/sites\/186\/2016\/04\/logo-peu-300x69.png 300w, https:\/\/ccoo.app\/diputacio-de-barcelona\/wp-content\/blogs.dir\/6\/files\/sites\/186\/2016\/04\/logo-peu.png 557w\" sizes=\"auto, (max-width: 952px) 100vw, 952px\" \/><\/p>\n<p style=\"text-align: center\"><small><\/small><small>Formulari d&#8217;<a href=\"\/afiliat\/\">alta<\/a>, <a href=\"\/afiliat\/\">baixa <\/a>o <a href=\"\/afiliat\/\">modificaci\u00f3 <\/a>de les dades personals o<br \/>\ncontacta&#8217;ns a trav\u00e9s del tel\u00e8fon<strong> 934 022 985<\/strong> o correu: <a href=\"mailto:ccoo@diba.cat\"><strong>ccoo@diba.cat<\/strong><\/a><\/small><\/p>\n<\/div>\n<\/div>\n<\/div>\n<\/div>\n<\/div>\n<\/div>\n","protected":false},"excerpt":{"rendered":"<p>VOLS SER MEMBRE D&#8217;UN TRIBUNAL VOLS SER MEMBRE D&#8217;UN TRIBUNAL? -5\u00a0ABRIL DE 2017- CCOO Et Convida a Participar &nbsp; Cliqueu aqu\u00ed constatar com la PROPOSTA CCOO es difer\u00e8ncia del que &#8230; <\/p>\n<p class=\"read-more-container\"><a title=\"VOLS SER MEMBRE D&#8217;UN TRIBUNAL ?\" class=\"read-more button\" href=\"https:\/\/ccoo.app\/diputacio-de-barcelona\/vols-ser-membre-dun-tribunal\/#more-1175\" aria-label=\"Leer m\u00e1s sobre VOLS SER MEMBRE D&#8217;UN TRIBUNAL ?\">Continuar llegint<\/a><\/p>\n","protected":false},"author":4519,"featured_media":2964,"comment_status":"open","ping_status":"open","sticky":false,"template":"","format":"standard","meta":{"footnotes":""},"categories":[38,17,19,33],"tags":[],"class_list":["post-1175","post","type-post","status-publish","format-standard","has-post-thumbnail","hentry","category-a-tot-el-personal","category-carrera-vertical","category-comunicats","category-propostes-sindicals","generate-columns","tablet-grid-50","mobile-grid-100","grid-parent","grid-50"],"_links":{"self":[{"href":"https:\/\/ccoo.app\/diputacio-de-barcelona\/wp-json\/wp\/v2\/posts\/1175","targetHints":{"allow":["GET"]}}],"collection":[{"href":"https:\/\/ccoo.app\/diputacio-de-barcelona\/wp-json\/wp\/v2\/posts"}],"about":[{"href":"https:\/\/ccoo.app\/diputacio-de-barcelona\/wp-json\/wp\/v2\/types\/post"}],"author":[{"embeddable":true,"href":"https:\/\/ccoo.app\/diputacio-de-barcelona\/wp-json\/wp\/v2\/users\/4519"}],"replies":[{"embeddable":true,"href":"https:\/\/ccoo.app\/diputacio-de-barcelona\/wp-json\/wp\/v2\/comments?post=1175"}],"version-history":[{"count":1,"href":"https:\/\/ccoo.app\/diputacio-de-barcelona\/wp-json\/wp\/v2\/posts\/1175\/revisions"}],"predecessor-version":[{"id":52238,"href":"https:\/\/ccoo.app\/diputacio-de-barcelona\/wp-json\/wp\/v2\/posts\/1175\/revisions\/52238"}],"wp:featuredmedia":[{"embeddable":true,"href":"https:\/\/ccoo.app\/diputacio-de-barcelona\/wp-json\/wp\/v2\/media\/2964"}],"wp:attachment":[{"href":"https:\/\/ccoo.app\/diputacio-de-barcelona\/wp-json\/wp\/v2\/media?parent=1175"}],"wp:term":[{"taxonomy":"category","embeddable":true,"href":"https:\/\/ccoo.app\/diputacio-de-barcelona\/wp-json\/wp\/v2\/categories?post=1175"},{"taxonomy":"post_tag","embeddable":true,"href":"https:\/\/ccoo.app\/diputacio-de-barcelona\/wp-json\/wp\/v2\/tags?post=1175"}],"curies":[{"name":"wp","href":"https:\/\/api.w.org\/{rel}","templated":true}]}}