{"id":1174,"date":"2017-04-05T08:10:13","date_gmt":"2017-04-05T07:10:13","guid":{"rendered":"https:\/\/diba.ccoo.cat\/?p=1174"},"modified":"2023-02-22T19:15:10","modified_gmt":"2023-02-22T18:15:10","slug":"informacio-al-col%c2%b7lectiu-de-bibliotecaris-i-bibliotecaries-i-personal-diba-vinculat-directament-a-la-xarxa-de-biblioteques-de-la-provincia-sota-la-gestio-de-la-diputacio-de-barcelona","status":"publish","type":"post","link":"https:\/\/ccoo.app\/diputacio-de-barcelona\/informacio-al-col%c2%b7lectiu-de-bibliotecaris-i-bibliotecaries-i-personal-diba-vinculat-directament-a-la-xarxa-de-biblioteques-de-la-provincia-sota-la-gestio-de-la-diputacio-de-barcelona\/","title":{"rendered":"INFORMACI\u00d3 AL COL\u00b7LECTIU DE BIBLIOTECARIS I BIBLIOTEC\u00c0RIES, I PERSONAL DIBA VINCULAT DIRECTAMENT A LA XARXA DE BIBLIOTEQUES DE LA  PROV\u00cdNCIA SOTA LA GESTI\u00d3  DE LA DIPUTACI\u00d3 DE BARCELONA."},"content":{"rendered":"<div id=\"pl-1174\" class=\"panel-layout\">\n<div id=\"pg-1174-0\" class=\"panel-grid panel-no-style\">\n<div id=\"pgc-1174-0-0\" class=\"panel-grid-cell\">\n<div id=\"panel-1174-0-0-0\" class=\"so-panel widget widget_sow-editor panel-first-child panel-last-child\">\n<div class=\"so-widget-sow-editor so-widget-sow-editor-base\">\n<div class=\"siteorigin-widget-tinymce textwidget\">\n<p>\u00a0<\/p>\n<figure id=\"attachment_189\" aria-describedby=\"caption-attachment-189\" style=\"width: 459px\" class=\"wp-caption aligncenter\"><img loading=\"lazy\" decoding=\"async\" class=\"wp-image-189\" title=\"Secci\u00f3 Sindical de la Diutaci\u00f3 de Barcelona de la Federaci\u00f3 Sindical de Catalunya\" src=\"http:\/\/ccoo.app\/diputacio-de-barcelona\/wp-content\/blogs.dir\/6\/files\/sites\/186\/2015\/12\/ccoo-fsc-cat.png\" alt=\"Secci\u00f3 Sindical de la Diputaci\u00f3 de Barcelona de la Federaci\u00f3 Sindical de Catalunya\" width=\"469\" height=\"90\" \/><figcaption id=\"caption-attachment-189\" class=\"wp-caption-text\">Secci\u00f3 Sindical de la Diputaci\u00f3 de Barcelona<\/figcaption><\/figure>\n<h3 style=\"text-align: center\">\u00a0<\/h3>\n<\/div>\n<\/div>\n<\/div>\n<\/div>\n<\/div>\n<div id=\"pg-1174-1\" class=\"panel-grid panel-no-style\">\n<div id=\"pgc-1174-1-0\" class=\"panel-grid-cell\">\n<div id=\"panel-1174-1-0-0\" class=\"so-panel widget widget_sow-editor panel-first-child panel-last-child\">\n<div class=\"so-widget-sow-editor so-widget-sow-editor-base\">\n<h3 class=\"widget-title\">INFORMACI\u00d3 AL COL\u00b7LECTIU DE BIBLIOTECARIS I BIBLIOTEC\u00c0RIES, I PERSONAL DIBA VINCULAT DIRECTAMENT A LA XARXA DE BIBLIOTEQUES DE LA  PROV\u00cdNCIA SOTA LA GESTI\u00d3  DE LA DIPUTACI\u00d3 DE BARCELONA.<\/h3>\n<div class=\"siteorigin-widget-tinymce textwidget\">\n<h3 style=\"text-align: center\"><span style=\"color: #ff0000\"><b>INFORMACI\u00d3<\/b><b> AL COL\u00b7LECTIU DE BIBLIOTECARIS I BIBLIOTEC\u00c0RIES,<\/b>\u00a0<b>I PERSONAL DIBA VINCULAT DIRECTAMENT<\/b>\u00a0<b>A LA <\/b><b>XARXA DE BIBLIOTEQUES<\/b><b> DE LA\u00a0<\/b>\u00a0<b>PROV\u00cdNCIA SOTA LA GESTI\u00d3\u00a0 DE LA DIPUTACI\u00d3 DE BARCELONA<\/b><\/span><\/h3>\n<h3>\u00a0<strong>ACLARIMENTS RESPECTE AL PROC\u00c9S SELECTIU S-15\/17 T\u00e8cnic\/a Mitj\u00e0\/na Bibliologia (BORSA DE TREBALL)\u00a0<\/strong><\/h3>\n<ul>\n<li>\n<h2><span style=\"color: #ff0000\"><b>S\u2019ha de presentar obligat\u00f2riament tot el personal inter\u00ed al proc\u00e9s S-15\/17?<\/b>\u00a0<\/span><\/h2>\n<\/li>\n<\/ul>\n<p>Les bases diuen: \u201c<i>La Diputaci\u00f3 de Barcelona convoca un proc\u00e9s selectiu per tal de cobrir, mitjan\u00e7ant nomenament de personal funcionari inter\u00ed, <\/i><b><i>possibles supl\u00e8ncies del personal de plantilla<\/i><\/b><i> i per a llocs de treball inclosos en la categoria de T\u00c8CNIC\/A MITJ\u00c0\/ANA BIBLIOLOGIA\u201d<\/i>.<\/p>\n<p>Per tant, l\u2019objecte de la borsa \u00e9s cobrir possibles <b>SUPL\u00c8NCIES del<\/b> <b>personal de<\/b> <b>plantilla<\/b>.<\/p>\n<p>S\u2019ha de tenir en compte que qui tingui un nomenament inter\u00ed <b>\u201cfins a provisi\u00f3\u201d<\/b> (funcionari\/\u00e0ria inter\u00ed; regim jur\u00eddic 03) \u00e9s personal de <b>plantilla<\/b>. Per tant, la seva continu\u00eftat no est\u00e0 <b>en cap cas<\/b> supeditada a la presentaci\u00f3 o no a aquesta borsa.<\/p>\n<ul>\n<li>\n<h2><span style=\"color: #ff0000\"><b>\u00c9s aconsellable presentar-se al <\/b><b>proc\u00e9s S15\/17 tot i ser personal inter\u00ed \u201cfins a provisi\u00f3?<\/b>\u00a0<\/span><\/h2>\n<\/li>\n<\/ul>\n<p>En aquest cas, com en molts altres, el posicionament de CCOO \u00e9s el seg\u00fcent: el personal en q\u00fcesti\u00f3 t\u00e9 un nomenament fins a que es faci la provisi\u00f3 reglament\u00e0ria. \u00c9s a dir, si hi ha Oferta d\u2019Ocupaci\u00f3 P\u00fablica, podria ser que la nostra pla\u00e7a surti publicada. Si en l\u2019hipot\u00e8tic cas que no l\u2019aprov\u00e9ssim i no estigu\u00e9ssim en cap borsa de treball, aleshores la nostra continu\u00eftat s\u00ed estaria en q\u00fcesti\u00f3.<\/p>\n<p>Per tant, nosaltres aconsellem que tothom es presenti al proc\u00e9s selectiu de borsa per\u00f2 <b>no acceptem que es mantingui des de la <\/b><b>GSB<\/b><b> que la nostra continu\u00eftat actual i immediata est\u00e0 en joc,<\/b> perqu\u00e8 aix\u00f2 no \u00e9s aix\u00ed.<\/p>\n<ul>\n<li>\n<h2><span style=\"color: #ff0000\"><b>Per qu\u00e8 he de realitzar una prova <\/b><b>te\u00f2rico<\/b><b>-pr\u00e0ctica?<\/b>\u00a0<\/span><\/h2>\n<\/li>\n<\/ul>\n<p>L\u2019acta de la Mesa General de Negociaci\u00f3 del 4 de mar\u00e7 de 2004 recull:<\/p>\n<ul>\n<li>Validesa duratn 5 anys dels processos selectius superats, inclosa l&#8217;Oferta P\u00fablica.<\/li>\n<li>Mantenir en les diferents borses de les quals formin part i fins a la seva jubilaci\u00f3, les persones majors de 55 anys, sempre que acumulin un m\u00ednim de 8 anys de serveis efedtius prestats a la Corporaci\u00f3 i que acreditin un m\u00ednim de 3 anys en el desenvolupament dels llocs de treball corresponents a les borses. Ser\u00e0 d&#8217;aplicaci\u00f3 als grups D i E, podent-se fer extensiu a personal T. A. Educador, T. M. Bibliologia i T. M. Sanitat.<\/li>\n<\/ul>\n<p>Com veieu, aquest acord <b>\u00e9s d\u2019aplicaci\u00f3<\/b> al nostre col\u00b7lectiu. Si a m\u00e9s tenim en compte que la data de resoluci\u00f3 de la darrera borsa (S-02\/12) \u00e9s de juliol de 2013, \u00e9s obvi que encara no han passat 5 anys.<\/p>\n<p>Per tant, si les bases de la convocat\u00f2ria no contemplen o inclouen aix\u00f2 (declarar com a APTES el personal contemplat a l\u2019acord) no \u00e9s en conseq\u00fc\u00e8ncia del proc\u00e9s obert de negociaci\u00f3 del nou reglament de borses de treball sin\u00f3\u00a0<b>EXCLUSIVAMENT per voluntat corporativa.\u00a0<\/b><\/p>\n<ul>\n<li>\n<h2><span style=\"color: #ff0000\"><b>Qu\u00e8 es pot fer per modificar aquesta imposici\u00f3 unilateral?<\/b><\/span><\/h2>\n<\/li>\n<\/ul>\n<p>Moltes i molts de vosaltres ens esteu contactant amb molts dubtes donat l\u2019anunci d\u2019aquesta convocat\u00f2ria, encara pendent de publicaci\u00f3 al DOGC, i tamb\u00e9 per demanar si s\u00f3n o no <b>impugnables<\/b> les bases de la convocat\u00f2ria.<\/p>\n<p>Des de CCOO DiBa i despr\u00e9s de realitzar consultes al Gabinet Tecnicojur\u00eddic de CCOO Catalunya entenem que <b>s\u00ed<\/b>, no nom\u00e9s perqu\u00e8 s\u2019estan incomplint els acords pactats sin\u00f3 per altres aspectes com ara el punt 7.2, relatiu al <b>perfil professional fora del proc\u00e9s selectiu.<\/b><\/p>\n<p><b>Una vegada m\u00e9s demanem<\/b> la comunicaci\u00f3 directa i sense interlocutors\/es de la GSB cap al personal d\u2019XBM: tamb\u00e9 ens heu fet saber que tot i haver-se enviat l\u2019anunci a les b\u00fasties de les biblioteques i a la de caps de zona, no l\u2019heu rebut per cap d\u2019aquests dos canals.<\/p>\n<p>\u00a0<\/p>\n<p style=\"text-align: center\">* \u00a0* \u00a0* \u00a0* \u00a0*<\/p>\n<\/div>\n<\/div>\n<\/div>\n<\/div>\n<\/div>\n<div id=\"pg-1174-2\" class=\"panel-grid panel-no-style\">\n<div id=\"pgc-1174-2-0\" class=\"panel-grid-cell\">\n<div id=\"panel-1174-2-0-0\" class=\"so-panel widget widget_sow-editor panel-first-child panel-last-child\">\n<div class=\"so-widget-sow-editor so-widget-sow-editor-base\">\n<div class=\"siteorigin-widget-tinymce textwidget\">\n<p><img loading=\"lazy\" decoding=\"async\" class=\"alignleft wp-image-226\" src=\"http:\/\/ccoo.app\/diputacio-de-barcelona\/wp-content\/blogs.dir\/6\/files\/sites\/186\/2016\/04\/estem-decidits-acontinuar-lluitant.png\" alt=\"Estem decidits a continuar lluitant !\" width=\"213\" height=\"89\" \/><\/p>\n<p><img loading=\"lazy\" decoding=\"async\" class=\"wp-image-262 alignright\" src=\"http:\/\/ccoo.app\/diputacio-de-barcelona\/wp-content\/blogs.dir\/6\/files\/sites\/186\/2016\/04\/afiliat_ccoo_cat.gif\" alt=\"Tota la informaci\u00f3 de com afiliar-se a CCOO Catalunya i forlmulari d'alta o baxia.\" width=\"90\" height=\"80\" \/><\/p>\n<p><img loading=\"lazy\" decoding=\"async\" class=\"wp-image-227 aligncenter\" src=\"http:\/\/ccoo.app\/diputacio-de-barcelona\/wp-content\/blogs.dir\/6\/files\/sites\/186\/2016\/04\/logo-peu-300x69.png\" alt=\"logo-peu\" width=\"952\" height=\"219\" srcset=\"https:\/\/ccoo.app\/diputacio-de-barcelona\/wp-content\/blogs.dir\/6\/files\/sites\/186\/2016\/04\/logo-peu-300x69.png 300w, https:\/\/ccoo.app\/diputacio-de-barcelona\/wp-content\/blogs.dir\/6\/files\/sites\/186\/2016\/04\/logo-peu.png 557w\" sizes=\"auto, (max-width: 952px) 100vw, 952px\" \/><\/p>\n<p style=\"text-align: center\"><small><\/small><small>Formulari d&#8217;<a href=\"\/afiliat\/\">alta<\/a>, <a href=\"\/afiliat\/\">baixa <\/a>o <a href=\"\/afiliat\/\">modificaci\u00f3 <\/a>de les dades personals o<br \/>\n contacta&#8217;ns a trav\u00e9s del tel\u00e8fon<strong> 934 022 985<\/strong> o correu: <a href=\"mailto:ccoo@diba.cat\"><strong>ccoo@diba.cat<\/strong><\/a><\/small><\/p>\n<\/div>\n<\/div>\n<\/div>\n<\/div>\n<\/div>\n<\/div>\n","protected":false},"excerpt":{"rendered":"<p>\u00a0 \u00a0 INFORMACI\u00d3 AL COL\u00b7LECTIU DE BIBLIOTECARIS I BIBLIOTEC\u00c0RIES, I PERSONAL DIBA VINCULAT DIRECTAMENT A LA XARXA DE BIBLIOTEQUES DE LA PROV\u00cdNCIA SOTA LA GESTI\u00d3 DE LA DIPUTACI\u00d3 DE BARCELONA. &#8230; <\/p>\n<p class=\"read-more-container\"><a title=\"INFORMACI\u00d3 AL COL\u00b7LECTIU DE BIBLIOTECARIS I BIBLIOTEC\u00c0RIES, I PERSONAL DIBA VINCULAT DIRECTAMENT A LA XARXA DE BIBLIOTEQUES DE LA  PROV\u00cdNCIA SOTA LA GESTI\u00d3  DE LA DIPUTACI\u00d3 DE BARCELONA.\" class=\"read-more button\" href=\"https:\/\/ccoo.app\/diputacio-de-barcelona\/informacio-al-col%c2%b7lectiu-de-bibliotecaris-i-bibliotecaries-i-personal-diba-vinculat-directament-a-la-xarxa-de-biblioteques-de-la-provincia-sota-la-gestio-de-la-diputacio-de-barcelona\/#more-1174\" aria-label=\"Leer m\u00e1s sobre INFORMACI\u00d3 AL COL\u00b7LECTIU DE BIBLIOTECARIS I BIBLIOTEC\u00c0RIES, I PERSONAL DIBA VINCULAT DIRECTAMENT A LA XARXA DE BIBLIOTEQUES DE LA  PROV\u00cdNCIA SOTA LA GESTI\u00d3  DE LA DIPUTACI\u00d3 DE BARCELONA.\">Continuar llegint<\/a><\/p>\n","protected":false},"author":4519,"featured_media":255,"comment_status":"open","ping_status":"open","sticky":false,"template":"","format":"standard","meta":{"footnotes":""},"categories":[38,19,24,26,31],"tags":[148,180,239],"class_list":["post-1174","post","type-post","status-publish","format-standard","has-post-thumbnail","hentry","category-a-tot-el-personal","category-comunicats","category-interins","category-mgn","category-personal-interi-comunicats","tag-mesa-general-negociacio","tag-personal-interi","tag-xarxa-de-bibioteques-xbm","generate-columns","tablet-grid-50","mobile-grid-100","grid-parent","grid-50"],"_links":{"self":[{"href":"https:\/\/ccoo.app\/diputacio-de-barcelona\/wp-json\/wp\/v2\/posts\/1174","targetHints":{"allow":["GET"]}}],"collection":[{"href":"https:\/\/ccoo.app\/diputacio-de-barcelona\/wp-json\/wp\/v2\/posts"}],"about":[{"href":"https:\/\/ccoo.app\/diputacio-de-barcelona\/wp-json\/wp\/v2\/types\/post"}],"author":[{"embeddable":true,"href":"https:\/\/ccoo.app\/diputacio-de-barcelona\/wp-json\/wp\/v2\/users\/4519"}],"replies":[{"embeddable":true,"href":"https:\/\/ccoo.app\/diputacio-de-barcelona\/wp-json\/wp\/v2\/comments?post=1174"}],"version-history":[{"count":1,"href":"https:\/\/ccoo.app\/diputacio-de-barcelona\/wp-json\/wp\/v2\/posts\/1174\/revisions"}],"predecessor-version":[{"id":52239,"href":"https:\/\/ccoo.app\/diputacio-de-barcelona\/wp-json\/wp\/v2\/posts\/1174\/revisions\/52239"}],"wp:featuredmedia":[{"embeddable":true,"href":"https:\/\/ccoo.app\/diputacio-de-barcelona\/wp-json\/wp\/v2\/media\/255"}],"wp:attachment":[{"href":"https:\/\/ccoo.app\/diputacio-de-barcelona\/wp-json\/wp\/v2\/media?parent=1174"}],"wp:term":[{"taxonomy":"category","embeddable":true,"href":"https:\/\/ccoo.app\/diputacio-de-barcelona\/wp-json\/wp\/v2\/categories?post=1174"},{"taxonomy":"post_tag","embeddable":true,"href":"https:\/\/ccoo.app\/diputacio-de-barcelona\/wp-json\/wp\/v2\/tags?post=1174"}],"curies":[{"name":"wp","href":"https:\/\/api.w.org\/{rel}","templated":true}]}}