{"id":7055,"date":"2015-05-15T11:50:14","date_gmt":"2015-05-15T10:50:14","guid":{"rendered":"http:\/\/coty.ccoo.cat\/?p=2592"},"modified":"2022-02-02T18:38:40","modified_gmt":"2022-02-02T17:38:40","slug":"internacional-contra-lhomofobia-i-la-transfobia","status":"publish","type":"post","link":"https:\/\/ccoo.app\/coty\/internacional-contra-lhomofobia-i-la-transfobia\/","title":{"rendered":"Internacional contra l&#8217;Homof\u00f2bia i la Transf\u00f2bia"},"content":{"rendered":"<h1 class=\"titolnoticia\"><\/h1>\n<p><img decoding=\"async\" id=\"ctl00_ContentPlaceHolder1_noticia1_imgNoticia\" class=\"imagefloatleft\" src=\"http:\/\/www.ccoo.cat\/imatges\/fotos_100_75\/dia_homofobia_14maig2015_.jpg\" alt=\"Foto\" align=\"left\" \/>Als voltants del Dia Internacional contra l\u2019Homof\u00f2bia i la Transf\u00f2bia, que se celebra el 17 de maig, CCOO de Catalunya ha organitzat, el dijous 14 de maig, al vest\u00edbul de la seu del sindicat a Barcelona (Via Laietana, 16, planta baixa) la lectura del manifest de CCOO contra l\u2019Homof\u00f2bia i la Transf\u00f2bia. Tamb\u00e9 s&#8217;ha penjat a la fa\u00e7ana de l\u2019edifici la bandera de l\u2019arc de Sant Mart\u00ed i s&#8217;ha fet un photocall col\u00b7lectiu amb la campanya \u201cLluitem per eradicar la LGTBIf\u00f2bia al treball\u201d.<\/p>\n<p>Feu clic per veure:<br \/>\n-el <a href=\"http:\/\/www.ccoo.cat\/pdf_documents\/2015\/manifest_dia_homofobia_2015.pdf\" target=\"_blank\" rel=\"noopener noreferrer\">manifest de CCOO del Dia Internacional contra l&#8217;Homof\u00f2bia i la Transf\u00f2bia<\/a><br \/>\n-les <a href=\"https:\/\/www.facebook.com\/media\/set\/?set=a.845678855468800.1073741887.114847455218614&amp;type=1\" target=\"_blank\" rel=\"noopener noreferrer\">fotografies de l&#8217;acte de lectura del manifest de CCOO del Dia Internacional contra l&#8217;Homof\u00f2bia i la Transf\u00f2bia<\/a>, fet el dijous 14 de maig de 2015.<\/p>\n<div class=\"peunoticia\"><span id=\"ctl00_ContentPlaceHolder1_noticia1_lbSignatura\">14\/05\/2015<\/span><\/div>\n","protected":false},"excerpt":{"rendered":"<p>Als voltants del Dia Internacional contra l\u2019Homof\u00f2bia i la Transf\u00f2bia, que se celebra el 17 de maig, CCOO de Catalunya ha organitzat, el dijous 14 de maig, al vest\u00edbul de &#8230; <a title=\"Internacional contra l&#8217;Homof\u00f2bia i la Transf\u00f2bia\" class=\"read-more\" href=\"https:\/\/ccoo.app\/coty\/internacional-contra-lhomofobia-i-la-transfobia\/\" aria-label=\"Leer m\u00e1s sobre Internacional contra l&#8217;Homof\u00f2bia i la Transf\u00f2bia\">Leer m\u00e1s<\/a><\/p>\n","protected":false},"author":6,"featured_media":2594,"comment_status":"closed","ping_status":"closed","sticky":false,"template":"","format":"standard","meta":{"footnotes":""},"categories":[30],"tags":[],"class_list":["post-7055","post","type-post","status-publish","format-standard","has-post-thumbnail","hentry","category-app-push-coty-granolles","generate-columns","tablet-grid-50","mobile-grid-100","grid-parent","grid-33"],"_links":{"self":[{"href":"https:\/\/ccoo.app\/coty\/wp-json\/wp\/v2\/posts\/7055","targetHints":{"allow":["GET"]}}],"collection":[{"href":"https:\/\/ccoo.app\/coty\/wp-json\/wp\/v2\/posts"}],"about":[{"href":"https:\/\/ccoo.app\/coty\/wp-json\/wp\/v2\/types\/post"}],"author":[{"embeddable":true,"href":"https:\/\/ccoo.app\/coty\/wp-json\/wp\/v2\/users\/6"}],"replies":[{"embeddable":true,"href":"https:\/\/ccoo.app\/coty\/wp-json\/wp\/v2\/comments?post=7055"}],"version-history":[{"count":1,"href":"https:\/\/ccoo.app\/coty\/wp-json\/wp\/v2\/posts\/7055\/revisions"}],"predecessor-version":[{"id":7675,"href":"https:\/\/ccoo.app\/coty\/wp-json\/wp\/v2\/posts\/7055\/revisions\/7675"}],"wp:featuredmedia":[{"embeddable":true,"href":"https:\/\/ccoo.app\/coty\/wp-json\/wp\/v2\/media\/2594"}],"wp:attachment":[{"href":"https:\/\/ccoo.app\/coty\/wp-json\/wp\/v2\/media?parent=7055"}],"wp:term":[{"taxonomy":"category","embeddable":true,"href":"https:\/\/ccoo.app\/coty\/wp-json\/wp\/v2\/categories?post=7055"},{"taxonomy":"post_tag","embeddable":true,"href":"https:\/\/ccoo.app\/coty\/wp-json\/wp\/v2\/tags?post=7055"}],"curies":[{"name":"wp","href":"https:\/\/api.w.org\/{rel}","templated":true}]}}