{"id":6067,"date":"2018-10-15T19:39:53","date_gmt":"2018-10-15T17:39:53","guid":{"rendered":"https:\/\/coty.ccoo.cat\/?p=6067"},"modified":"2022-02-02T18:35:27","modified_gmt":"2022-02-02T17:35:27","slug":"normativa-regulacion-registros-a-los-trabajadores-as-en-la-empresa","status":"publish","type":"post","link":"https:\/\/ccoo.app\/coty\/normativa-regulacion-registros-a-los-trabajadores-as-en-la-empresa\/","title":{"rendered":"Normativa regulaci\u00f3n registros a los trabajadores\/as en la empresa e vigilancia c\u00e1maras ."},"content":{"rendered":"<p>&nbsp;<\/p>\n<p><img loading=\"lazy\" decoding=\"async\" class=\"alignnone size-medium wp-image-6100\" src=\"https:\/\/coty.ccoo.cat\/wp-content\/uploads\/sites\/104\/2018\/10\/REGISTRO-ICONO-VIGILANTE-APP-300x300.jpg\" alt=\"\" width=\"300\" height=\"300\" \/><\/p>\n<p><span style=\"font-family: georgia, palatino, serif\">CCOO os informamos de la empresa nos comunico en\u00a0 a los representantes de los trabajadores que pr\u00f3ximamente empezaran los registros en el centro de Coty .<\/span><\/p>\n<p><span style=\"font-family: georgia, palatino, serif\">Los registros se realizara a toda persona que entre en las instalaciones y recinto de Coty , sea empleado de Coty o para Coty\u00a0 , empresa externa , visitantes . y el<\/span><\/p>\n<p><span style=\"font-family: georgia, palatino, serif\">La empresa informo en mes Abril del 2018.<\/span><\/p>\n<p><span style=\"font-size: 18pt;font-family: georgia, palatino, serif\"><strong>Normativa vigente\u00a0<\/strong><\/span><\/p>\n<p><span style=\"font-size: 14pt\"><strong><span style=\"color: #ff0000;font-family: georgia, palatino, serif\">Art\u00edculo 18. Inviolabilidad de la persona del trabajador<\/span><\/strong><\/span><br \/>\n<span style=\"font-family: georgia, palatino, serif\">Redacci\u00f3n inicial<\/span><br \/>\n<span style=\"font-family: georgia, palatino, serif\">S\u00f3lo podr\u00e1n realizarse registros sobre la persona del trabajador, en sus taquillas y efectos<\/span><br \/>\n<span style=\"font-family: georgia, palatino, serif\">particulares, cuando sean necesarios para la protecci\u00f3n del patrimonio empresarial y del de los<\/span><br \/>\n<span style=\"font-family: georgia, palatino, serif\">dem\u00e1s trabajadores de la empresa, dentro del centro de trabajo y en horas de trabajo.\u00a0 \u00a0 \u00a0 \u00a0 \u00a0 \u00a0 \u00a0 \u00a0 \u00a0 \u00a0 \u00a0 \u00a0 \u00a0 \u00a0 \u00a0 \u00a0 \u00a0 \u00a0 \u00a0 \u00a0 \u00a0 \u00a0 \u00a0 \u00a0 \u00a0 \u00a0 \u00a0 \u00a0 \u00a0 \u00a0 \u00a0 \u00a0 \u00a0 \u00a0 \u00a0 \u00a0 \u00a0\u00a0 \u00a0 \u00a0 \u00a0 \u00a0 \u00a0 \u00a0 \u00a0 \u00a0 \u00a0 \u00a0 \u00a0 \u00a0 \u00a0 \u00a0 \u00a0 \u00a0 \u00a0 \u00a0 \u00a0 \u00a0 \u00a0 \u00a0 \u00a0 \u00a0 \u00a0 \u00a0 \u00a0 \u00a0\u00a0\u00a0 \u00a0 \u00a0Con su realizaci\u00f3n se respetar\u00e1 al m\u00e1ximo la dignidad e intimidad del trabajador y se contar\u00e1 con la<\/span><\/p>\n<p><span style=\"font-family: georgia, palatino, serif\">asistencia de un representante legal de los trabajadores o, en su ausencia del centro de trabajo,<\/span><br \/>\n<span style=\"font-family: georgia, palatino, serif\">de otro trabajador de la empresa, siempre que ello fuera posible.<\/span><br \/>\n<span style=\"font-family: georgia, palatino, serif\">Redacci\u00f3n vigente<\/span><\/p>\n<p><strong><span style=\"color: #ff0000;font-family: georgia, palatino, serif;font-size: 14pt\">Art\u00edculo 1. \u00c1mbito de aplicaci\u00f3n.<\/span><\/strong><\/p>\n<h4><span style=\"font-family: georgia, palatino, serif\">1. La presente Ley ser\u00e1 de aplicaci\u00f3n a los trabajadores que voluntariamente presten sus servicios retribuidos por cuenta ajena y dentro del \u00e1mbito de organizaci\u00f3n y direcci\u00f3n de otra persona, f\u00edsica o jur\u00eddica, denominada empleador o empresario.<\/span><\/h4>\n<p><span style=\"font-size: 14pt\"><strong><span style=\"font-family: georgia, palatino, serif\"><span style=\"color: #ff0000\">Art\u00edculo 20. Direcci\u00f3n y control de la actividad laboral<\/span>.<\/span><\/strong><\/span><\/p>\n<p><span style=\"font-family: georgia, palatino, serif\">1. El trabajador estar\u00e1 obligado a realizar el trabajo convenido bajo la direcci\u00f3n del empresario o persona en quien \u00e9ste delegue.<\/span><\/p>\n<p><span style=\"font-family: georgia, palatino, serif\">3. El empresario podr\u00e1 adoptar las medidas que estime m\u00e1s oportunas de vigilancia y control para verificar el cumplimiento por el trabajador de sus obligaciones y deberes laborales, guardando en su adopci\u00f3n y aplicaci\u00f3n la consideraci\u00f3n debida a su dignidad humana y teniendo en cuenta la capacidad real de los trabajadores disminuidos, en su caso.<\/span><\/p>\n<p><span style=\"font-family: georgia, palatino, serif\">Esta es la Ley actual y los art\u00edculos que aplican la empresa en materia de vigilancia y registros.<\/span><\/p>\n<h2><span id=\"Normativa_de_Proteccion_de_Datos_sobre_camaras_de_seguridad_para_la_vigilancia_de_trabajadores\" class=\"ez-toc-section\">NORMATIVA DE PROTECCI\u00d3N DE DATOS SOBRE C\u00c1MARAS DE SEGURIDAD PARA LA VIGILANCIA DE TRABAJADORES que<\/span><\/h2>\n<h3><span id=\"Grabar_empleados_robando_es_legal\" class=\"ez-toc-section\" style=\"color: #ff0000\">Grabar empleados robando, \u00bfes legal?<\/span><\/h3>\n<p>Por si no tienes tiempo para seguir leyendo, la respuesta aqu\u00ed mismo.\u00a0<strong>S\u00ed, est\u00e1 permitido instalar c\u00e1maras de videovigilancia que graben a los empleados<\/strong>.<\/p>\n<p>Esta afirmaci\u00f3n se encuentra avalada por la\u00a0<a href=\"http:\/\/www.expansion.com\/juridico\/sentencias\/2016\/12\/28\/5863f5c6e5fdea72078b464e.html\" target=\"_blank\" rel=\"noopener noreferrer\">decisi\u00f3n del\u00a0Tribunal Constitucional<\/a>\u00a0ante la denuncia de una trabajadora del grupo Inditex (Zara, Pull and Bear,\u00a0Bershka\u2026).<\/p>\n<h4><span id=\"Requisitos_a_cumplir_para_grabar_a_un_trabajador\" class=\"ez-toc-section\" style=\"color: #ff0000\">Requisitos a cumplir para grabar a un\u00a0trabajador<\/span><\/h4>\n<p>Se deben cumplir una serie de requisitos:<\/p>\n<ul>\n<li>El tratamiento se limitar\u00e1 a las finalidades previstas en el Estatuto de los Trabajadores.<\/li>\n<li>Respetar\u00e1n rigurosamente el principio de proporcionalidad:\n<ul>\n<li>se adoptar\u00e1n cuando no existan otras medidas m\u00e1s id\u00f3neas,<\/li>\n<li>grabar\u00e1n \u00fanicamente espacios indispensables para satisfacer la finalidades de control laboral y<\/li>\n<li>no se utilizar\u00e1n para fines distintos de los del propio control laboral.<\/li>\n<\/ul>\n<\/li>\n<li>Deben tener en cuenta los derechos espec\u00edficos de los trabajadores (no grabar\u00e1n en espacios vetados como vestuarios o ba\u00f1os).<\/li>\n<li>Se garantizar\u00e1 el derecho a la informaci\u00f3n en la recogida de im\u00e1genes:\n<ul>\n<li>informaci\u00f3n a la representaci\u00f3n sindical,<\/li>\n<li>cartel anunciador e<\/li>\n<li>informaci\u00f3n personalizada.<\/li>\n<\/ul>\n<\/li>\n<li>Debe incluirse en el Registro de actividades de tratamiento. Y realizar el correspondiente An\u00e1lisis de riesgos.<\/li>\n<li>Se cancelar\u00e1n las im\u00e1genes en un m\u00e1ximo de 30 d\u00edas. Conservando \u00fanicamente aquellas que sean constitutivas de infracci\u00f3n o incumplimiento de los deberes laborales.<\/li>\n<li>Garantizar los\u00a0derechos de acceso y cancelaci\u00f3n.<\/li>\n<li>Formalizar los contratos de acceso a datos por cuenta de terceros.<\/li>\n<li>Adoptar las correspondientes medidas de seguridad.<\/li>\n<\/ul>\n<div class=\"row\">\n<div class=\"card card-shadowed\">\n<div class=\"card-block px-30\">\n<div class=\"row\">\n<div class=\"col-md-4\"><img loading=\"lazy\" decoding=\"async\" class=\"aligncenter size-thumbnail wp-image-3078\" src=\"https:\/\/ayudaleyprotecciondatos.es\/wp-content\/uploads\/2017\/10\/sancion-de-lopd.png\" alt=\"sancion proteccion de datos\" width=\"150\" height=\"120\" \/><\/div>\n<div class=\"col-md-8\">\n<p class=\"text-quoted mb-0\"><em><strong>No cumplir con el deber de informaci\u00f3n en videovigilancia, con el nuevo RGPD, puede ser multado con hasta 10 millones de euros o el 2% del volumen de facturaci\u00f3n anual total de la empresa. Ya no existe obligaci\u00f3n de inscribir los ficheros de videovigilancia en la AEPD pero es necesario llevar un registro de actividades de tratamiento en el que debe incluirse este tratamiento de videovigilancia.<\/strong><\/em><\/p>\n<\/div>\n<\/div>\n<\/div>\n<\/div>\n<\/div>\n<h3><span id=\"Es_legal_grabar_audio_en_el_trabajo\" class=\"ez-toc-section\">\u00bfEs legal grabar audio en el trabajo?<\/span><\/h3>\n<p>Este es un tema muy controvertido y al que se han dado multitud de respuestas. Con car\u00e1cter general, la voz de una persona se considera dato de car\u00e1cter personal estando sujeto al cumplimiento de la LOPD.<\/p>\n<p>Sin embargo, el Estatuto de los trabajadores (art. 20), permite que las empresas adopten medidas oportunas de vigilancia y control para verificar el cumplimiento por el trabajador de sus obligaciones y deberes laborales. Guardando en su adopci\u00f3n y aplicaci\u00f3n la consideraci\u00f3n debida a su dignidad humana.<\/p>\n<p>La doctrina de la AEPD y del Tribunal Constitucional indica que se pueden poner micr\u00f3fonos en el trabajo. Siempre que contemos con un\u00a0<strong>informe favorable por el Comit\u00e9 de Empresa.<\/strong>\u00a0E\u00a0<strong>informando de la misma a los trabajadores<\/strong>. Y, por supuesto, cumpliendo unos requisitos:<\/p>\n<ul>\n<li>Necesidad real de la empresa<\/li>\n<li>No pueden violar dignidad ni \u00e1mbito razonable de privacidad del trabajador<\/li>\n<li>El almacenamiento de las grabaciones debe ser temporal, no ilimitado<\/li>\n<\/ul>\n<p>La ley tambi\u00e9n limita la grabaci\u00f3n de sonidos, ya que solo se admitir\u00e1 cuando resulten relevantes los riesgos para la seguridad de las instalaciones, bienes y personas derivados de la actividad que se desarrolle en el centro de trabajo. Y siempre respetando el principio de proporcionalidad, el de intervenci\u00f3n m\u00ednima y las garant\u00edas previstas.<\/p>\n<h2><span id=\"Legislacion_de_videovigilancia_imprescindible_el_deber_de_informacion\" class=\"ez-toc-section\">LEGISLACI\u00d3N DE VIDEOVIGILANCIA: IMPRESCINDIBLE EL DEBER DE INFORMACI\u00d3N.<\/span><\/h2>\n<p>Una de las garant\u00edas para que la videovigilancia se considere legal es advertir a la plantilla de su uso (no basta con un cartel anunciador). E indicarles los casos en los que las grabaciones ser\u00e1n revisadas por la direcci\u00f3n de la empresa. Y aquellos en los que ser\u00e1n entregadas a las autoridades judiciales. El deber de informaci\u00f3n es necesario aunque no lo sea el consentimiento del trabajador.<\/p>\n<blockquote class=\"blockquote\">\n<p class=\"lead\">Legislaci\u00f3n videovigilancia: ser\u00eda suficiente con la colocaci\u00f3n de un distintivo informativo sobre la existencia de las c\u00e1maras de vigilancia y la finalidad de la instalaci\u00f3n de estas.<\/p>\n<\/blockquote>\n<p>Sin embargo, el Tribunal Constitucional entiende que ese deber de informaci\u00f3n se cumple al instalar la empresa un cartel anunciador en el escaparate. As\u00ed, el trabajador pod\u00eda conocer la existencia de un sistema de vigilancia sin que sea necesario informarle de la finalidad exacta asignada a ese control. Seg\u00fan la sentencia, ser\u00eda suficiente con la colocaci\u00f3n de un\u00a0<strong>distintivo informativo\u00a0<\/strong>sobre la existencia de las c\u00e1maras de vigilancia y la finalidad de la instalaci\u00f3n de estas<strong>.<\/strong><\/p>\n<h3><span id=\"No_es_necesario_el_consentimiento_expreso_del_empleado\" class=\"ez-toc-section\" style=\"color: #ff0000\">No es necesario el consentimiento expreso del empleado<\/span><\/h3>\n<p>Vamos a utilizar como caso de estudio una reciente sentencia del Tribunal Constitucional.<\/p>\n<div class=\"row\">\n<div class=\"card card-shadowed\">\n<div class=\"card-block px-30\">\n<div class=\"row\">\n<div class=\"col-md-4\"><img loading=\"lazy\" decoding=\"async\" class=\"aligncenter size-thumbnail wp-image-3078\" src=\"https:\/\/ayudaleyprotecciondatos.es\/wp-content\/uploads\/2016\/01\/ejemplos-proteccion-datos-150x120.png\" alt=\"ejemplos proteccion de datos\" width=\"150\" height=\"120\" \/><\/div>\n<div class=\"col-md-8\">\n<p class=\"text-quoted mb-0\"><em><strong>Un trabajadora de Bershka sustrajo unos 200 \u20ac de la caja de la tienda de ropa. Los responsables les despidieron tras verificar sus sospechas gracias a las grabaciones que realizaron con una c\u00e1mara de videovigilancia.<\/strong><\/em><\/p>\n<\/div>\n<\/div>\n<\/div>\n<\/div>\n<\/div>\n<p>La\u00a0<strong>Constituci\u00f3n Espa\u00f1ola<\/strong>\u00a0garantiza el derecho al honor, a la intimidad personal y a la propia imagen (art. 18). Por su parte, la LOPD, considera como dato personal toda informaci\u00f3n, num\u00e9rica, alfab\u00e9tica, gr\u00e1fica, fotogr\u00e1fica, ac\u00fastica o de cualquier otro tipo referida a personas identificadas o identificables. La obtenci\u00f3n de im\u00e1genes a trav\u00e9s de una c\u00e1mara se considera, por tanto, dato de car\u00e1cter personal y sometido a la normativa de protecci\u00f3n de datos. Se exige\u00a0informaci\u00f3n al afectado\u00a0sobre la recogida y tratamiento de estos datos y el consentimiento del mismo.<\/p>\n<p>La\u00a0<strong>Ley de Protecci\u00f3n de Datos<\/strong>\u00a0establece excepciones a esa regla general. Exime de la obligaci\u00f3n de cumplir esa obligaci\u00f3n de consentimiento cuando el tratamiento de los datos de car\u00e1cter personal sea necesario para el cumplimiento y mantenimiento del contrato firmado por las partes.<\/p>\n<p>Por otro lado, el<strong>\u00a0Estatuto de los Trabajadores\u00a0<\/strong>\u00a0faculta al empresario para establecer la medidas de vigilancia y control que considere oportunas para verificar el cumplimiento por el trabajador de sus obligaciones y deberes laborales, guardando la consideraci\u00f3n debida a su dignidad humana. Esto incluye la captaci\u00f3n y tratamiento de datos sin consentimiento.<\/p>\n<h3><span id=\"Consentimos_que_nos_graben_al_firmar_un_contrato\" class=\"ez-toc-section\" style=\"color: #ff0000\">Consentimos que nos graben al firmar un contrato<\/span><\/h3>\n<p>Cuando firmamos un contrato consentimos que se recoja nuestras im\u00e1genes y se traten para\u00a0fines estrictamente laborales. Al empresario se le atribuye la\u00a0<strong>facultad de direcci\u00f3n<\/strong>\u00a0por lo que no necesita el consentimiento de los trabajadores para adoptar esas medidas de vigilancia para controlar el cumplimento del contrato.<\/p>\n<p>En este caso, se considera que el uso de las c\u00e1maras de videovigilancia est\u00e1 justificado, es id\u00f3neo, necesario y equilibrado.<\/p>\n<h3><span id=\"Contenido_del_cartel_informativo\" class=\"ez-toc-section\" style=\"color: #ff0000\">Contenido del cartel informativo<\/span><\/h3>\n<p>En el cartel informativo de la existencia de c\u00e1maras debe incluirse:<\/p>\n<ul>\n<li>La identidad y el domicilio del Responsable de Tratamiento.<\/li>\n<li>Finalidad del tratamiento de datos de Car\u00e1cter Personal.<\/li>\n<li>Posibilidad de ejercer los derechos de Acceso, Rectificaci\u00f3n, Oposici\u00f3n o Cancelaci\u00f3n, limitaci\u00f3n y potabilidad.<\/li>\n<\/ul>\n<h3><span id=\"Prohibicion_de_grabar_en_zonas_de_descanso_de_la_empresa\" class=\"ez-toc-section\" style=\"color: #ff0000\">Prohibici\u00f3n de grabar en zonas de descanso de la empresa<\/span><\/h3>\n<p>La nueva ley de Protecci\u00f3n de Datos, pendiente de aprobar en el Congreso, introduce expresamente la prohibici\u00f3n de instalar c\u00e1maras en zonas de ocio y descanso de los trabajadores.<\/p>\n<p>Por ejemplo, en comedores, salas de descanso, vestuarios y aseos.<\/p>\n<p>No obstante, el tratamiento de las im\u00e1genes obtenidas con esas c\u00e1maras solo podr\u00e1 realizarse para el ejercicio de las funciones de control por parte del empresario. Y siempre dentro del marco legal y los l\u00edmites inherentes a ese control.<\/p>\n<p>Por eso se establece la obligaci\u00f3n de informar a los trabajadores de forma expresa y concisa de la instalaci\u00f3n de c\u00e1maras de videovigilancia en el trabajo.<\/p>\n<h2><span id=\"Comunicado_informando_a_los_trabajadores_sobre_la_instalacion_de_camaras_de_vigilancia\" class=\"ez-toc-section\">COMUNICADO INFORMANDO A LOS TRABAJADORES SOBRE LA INSTALACI\u00d3N DE C\u00c1MARAS DE VIGILANCIA<\/span><\/h2>\n<p>Pese a que, como mencionamos anteriormente, no es obligatorio solicitar el consentimiento\u00a0de los trabajadores para\u00a0la instalaci\u00f3n de c\u00e1maras, a continuaci\u00f3n un ejemplo de comunicado sobre videovigilancia.<\/p>\n<h3><span id=\"Ejemplo_de_comunicado\" class=\"ez-toc-section\" style=\"color: #ff0000\">Ejemplo de comunicado<\/span><\/h3>\n<p>Al instalar c\u00e1maras de Videovigilancia en el centro de trabajo es conveniente informar a los empleados sobre la existencia de esas c\u00e1maras. En el comunicado informativo debe constar:<\/p>\n<ul>\n<li>Que se ha instalado un sistema de vigilancia mediante c\u00e1maras en el interior del local para\u00a0<strong>garantizar la seguridad<\/strong>\u00a0de los trabajadores, clientes, usuarios y todas aquellas personas que concurran al interior de las instalaciones de la empresa.<\/li>\n<li>La utilizaci\u00f3n de la informaci\u00f3n obtenida y almacenada mediante el sistema de grabaci\u00f3n exclusivamente para fines de prevenci\u00f3n, seguridad y protecci\u00f3n de personas y bienes que se encuentren en el establecimiento o instalaci\u00f3n sometida a protecci\u00f3n.<\/li>\n<li>Que la anterior informaci\u00f3n se somete a los derechos que le reconoce al trabajador la normativa de Protecci\u00f3n de Datos de Car\u00e1cter Personal, as\u00ed como a su legislaci\u00f3n de desarrollo.<\/li>\n<\/ul>\n<h3><span id=\"Descargar_modelo_comunicacion_trabajadores_instalacion_camaras\" class=\"ez-toc-section\" style=\"color: #ff0000\">Descargar modelo comunicaci\u00f3n trabajadores instalaci\u00f3n c\u00e1maras<\/span><\/h3>\n<p>Aqu\u00ed puedes descargar en PDF un modelo de comunicado de videovigilancia\u00a0modelo de comunicado de videovigilancia\u00a0a\u00a0firmar por el\u00a0trabajador.<\/p>\n<div class=\"row gap-y\">\n<div class=\"col-12 col-md-6 col-lg-4\"><\/div>\n<div class=\"col-12 col-md-6 col-lg-4\">\n<div class=\"card card-bordered card-hover-shadow text-center\"><\/div>\n<\/div>\n<\/div>\n<p>Informaci\u00f3n pagina web:\u00a0 \u00a0<span style=\"color: #ff0000\">https: ayudaleyprotecciondatos.es<\/span><\/p>\n<p>&nbsp;<\/p>\n<p><img loading=\"lazy\" decoding=\"async\" class=\"alignnone size-medium wp-image-5552\" src=\"https:\/\/coty.ccoo.cat\/wp-content\/uploads\/sites\/104\/2018\/02\/ccoo-informa-afiliate-300x36.png\" alt=\"\" width=\"300\" height=\"36\" \/><\/p>\n<p>&nbsp;    \t    \t<\/p>\n","protected":false},"excerpt":{"rendered":"<p>&nbsp; CCOO os informamos de la empresa nos comunico en\u00a0 a los representantes de los trabajadores que pr\u00f3ximamente empezaran los registros en el centro de Coty . Los registros se &#8230; <a title=\"Normativa regulaci\u00f3n registros a los trabajadores\/as en la empresa e vigilancia c\u00e1maras .\" class=\"read-more\" href=\"https:\/\/ccoo.app\/coty\/normativa-regulacion-registros-a-los-trabajadores-as-en-la-empresa\/\" aria-label=\"Leer m\u00e1s sobre Normativa regulaci\u00f3n registros a los trabajadores\/as en la empresa e vigilancia c\u00e1maras .\">Leer m\u00e1s<\/a><\/p>\n","protected":false},"author":6,"featured_media":6100,"comment_status":"closed","ping_status":"closed","sticky":false,"template":"","format":"standard","meta":{"footnotes":""},"categories":[30,33],"tags":[],"class_list":["post-6067","post","type-post","status-publish","format-standard","has-post-thumbnail","hentry","category-app-push-coty-granolles","category-salud-laboral","generate-columns","tablet-grid-50","mobile-grid-100","grid-parent","grid-33"],"_links":{"self":[{"href":"https:\/\/ccoo.app\/coty\/wp-json\/wp\/v2\/posts\/6067","targetHints":{"allow":["GET"]}}],"collection":[{"href":"https:\/\/ccoo.app\/coty\/wp-json\/wp\/v2\/posts"}],"about":[{"href":"https:\/\/ccoo.app\/coty\/wp-json\/wp\/v2\/types\/post"}],"author":[{"embeddable":true,"href":"https:\/\/ccoo.app\/coty\/wp-json\/wp\/v2\/users\/6"}],"replies":[{"embeddable":true,"href":"https:\/\/ccoo.app\/coty\/wp-json\/wp\/v2\/comments?post=6067"}],"version-history":[{"count":1,"href":"https:\/\/ccoo.app\/coty\/wp-json\/wp\/v2\/posts\/6067\/revisions"}],"predecessor-version":[{"id":7371,"href":"https:\/\/ccoo.app\/coty\/wp-json\/wp\/v2\/posts\/6067\/revisions\/7371"}],"wp:featuredmedia":[{"embeddable":true,"href":"https:\/\/ccoo.app\/coty\/wp-json\/"}],"wp:attachment":[{"href":"https:\/\/ccoo.app\/coty\/wp-json\/wp\/v2\/media?parent=6067"}],"wp:term":[{"taxonomy":"category","embeddable":true,"href":"https:\/\/ccoo.app\/coty\/wp-json\/wp\/v2\/categories?post=6067"},{"taxonomy":"post_tag","embeddable":true,"href":"https:\/\/ccoo.app\/coty\/wp-json\/wp\/v2\/tags?post=6067"}],"curies":[{"name":"wp","href":"https:\/\/api.w.org\/{rel}","templated":true}]}}