{"id":6027,"date":"2018-10-13T19:55:47","date_gmt":"2018-10-13T17:55:47","guid":{"rendered":"https:\/\/coty.ccoo.cat\/?p=6027"},"modified":"2022-02-02T18:35:31","modified_gmt":"2022-02-02T17:35:31","slug":"coty-arma-su-cupula-en-espana-coloca-al-frente-de-cosmetica-a-un-directivo-de-la-casa","status":"publish","type":"post","link":"https:\/\/ccoo.app\/coty\/coty-arma-su-cupula-en-espana-coloca-al-frente-de-cosmetica-a-un-directivo-de-la-casa\/","title":{"rendered":"Coty arma su c\u00fapula en Espa\u00f1a: coloca al frente de cosm\u00e9tica a un directivo de la casa"},"content":{"rendered":"<p>El gigante de la cosm\u00e9tica y la perfumer\u00eda ha ascendido al equipo directivo para la Pen\u00ednsula Ib\u00e9rica a Ricardo Pedro, hasta ahora vicepresidente de\u00a0<em>body care&amp;lifestyle scenting<\/em>, dentro del departamento de m\u00e1rketing global.<\/p>\n<p><img loading=\"lazy\" decoding=\"async\" class=\"aligncenter\" src=\"https:\/\/www.modaes.es\/files\/\/000_2016\/coty\/coty-espana-ricardo-pedro-728.jpg\" alt=\"Coty arma su c\u00c3\u00bapula en Espa\u00c3\u00b1a: coloca al frente de cosm\u00c3\u00a9tica a un directivo de la casa\" width=\"656\" height=\"310\" \/><\/p>\n<p>Coty mueve ficha en su c\u00fapula en Espa\u00f1a. El gigante de la cosm\u00e9tica y la perfumer\u00eda ha ascendido al equipo directivo para la Pen\u00ednsula Ib\u00e9rica a Ricardo Pedro, hasta ahora vicepresidente de\u00a0<em>body care&amp;lifestyle scenting<\/em>, dentro del departamento de m\u00e1rketing global. Pedro se coloca al frente de la divisi\u00f3n\u00a0<em>consumer beaty<\/em>\u00a0para la Pen\u00ednsula Ib\u00e9rica.<\/p>\n<p>&nbsp;<\/p>\n<p><strong>El ejecutivo se encargar\u00e1 de supervisar el negocio en Espa\u00f1a y Portugal de la cosm\u00e9tica de color, las fragancias y los desodorantes<\/strong>\u00a0para el gran consumo de Coty. Bajo esta divisi\u00f3n, Pedro gestionar\u00e1 en el territorio marcas como Adidas, Astor, Bourjois, Max Factor o Rimmel, entre otras.<\/p>\n<p>&nbsp;<\/p>\n<p>El directivo cuenta con una extensa trayectoria profesional en el negocio de gran consumo, en empresas como Henkel Ib\u00e9rica y Reckitt Benckiser. Licenciado en Administraci\u00f3n de Empresas por la Universidad Nova de Lisboa, Pedro se incorpor\u00f3 a Coty en 2016.<\/p>\n<p>&nbsp;<\/p>\n<h2 class=\"news_featured_text\">Ricardo Pedro pilotar\u00e1 en Espa\u00f1a y Portugal el negocio de la cosm\u00e9tica de color, las fragancias y los desodorantes para el gran consumo de Coty<\/h2>\n<p>&nbsp;<\/p>\n<p>Con este nombramiento, el gigante de la cosm\u00e9tica y la perfumer\u00eda replica en la Pen\u00ednsula Ib\u00e9rica la misma estructura global, que incorpor\u00f3 el a\u00f1o pasado despu\u00e9s de la\u00a0<em>macro operaci\u00f3n<\/em>\u00a0corporativa que ejecut\u00f3 en 2016 con la que asumi\u00f3 el negocio de belleza de Procter&amp;Gamble.<\/p>\n<p>&nbsp;<\/p>\n<p><strong>La compa\u00f1\u00eda estadounidense concluy\u00f3 el ejercicio de 2018 (que finaliz\u00f3 el pasado 30 de junio) con unos n\u00fameros rojos de 168,8 millones<\/strong>\u00a0de d\u00f3lares (147,5 millones de euros).\u00a0No obstante, las p\u00e9rdidas fueron menores a las registradas un a\u00f1o atr\u00e1s, cuando ascendieron a 422,2 millones de d\u00f3lares (369millones de euros).<\/p>\n<p>&nbsp;<\/p>\n<p>Por otro lado,\u00a0Coty mantuvo el ritmo de crecimiento y dispar\u00f3 su cifra de negocio, que situ\u00f3 en 9.390 millones de d\u00f3lares\u00a0(8.206,8 millones de euros), un 23% m\u00e1s que un a\u00f1o atr\u00e1s. Por regiones geogr\u00e1ficas, Europa contin\u00faa generando el grueso de su negocio, concentrando el 44,7% de sus ingresos.    \t    \t<\/p>\n","protected":false},"excerpt":{"rendered":"<p>El gigante de la cosm\u00e9tica y la perfumer\u00eda ha ascendido al equipo directivo para la Pen\u00ednsula Ib\u00e9rica a Ricardo Pedro, hasta ahora vicepresidente de\u00a0body care&amp;lifestyle scenting, dentro del departamento de &#8230; <a title=\"Coty arma su c\u00fapula en Espa\u00f1a: coloca al frente de cosm\u00e9tica a un directivo de la casa\" class=\"read-more\" href=\"https:\/\/ccoo.app\/coty\/coty-arma-su-cupula-en-espana-coloca-al-frente-de-cosmetica-a-un-directivo-de-la-casa\/\" aria-label=\"Leer m\u00e1s sobre Coty arma su c\u00fapula en Espa\u00f1a: coloca al frente de cosm\u00e9tica a un directivo de la casa\">Leer m\u00e1s<\/a><\/p>\n","protected":false},"author":6,"featured_media":0,"comment_status":"closed","ping_status":"closed","sticky":false,"template":"","format":"standard","meta":{"footnotes":""},"categories":[30],"tags":[],"class_list":["post-6027","post","type-post","status-publish","format-standard","hentry","category-app-push-coty-granolles","generate-columns","tablet-grid-50","mobile-grid-100","grid-parent","grid-33"],"_links":{"self":[{"href":"https:\/\/ccoo.app\/coty\/wp-json\/wp\/v2\/posts\/6027","targetHints":{"allow":["GET"]}}],"collection":[{"href":"https:\/\/ccoo.app\/coty\/wp-json\/wp\/v2\/posts"}],"about":[{"href":"https:\/\/ccoo.app\/coty\/wp-json\/wp\/v2\/types\/post"}],"author":[{"embeddable":true,"href":"https:\/\/ccoo.app\/coty\/wp-json\/wp\/v2\/users\/6"}],"replies":[{"embeddable":true,"href":"https:\/\/ccoo.app\/coty\/wp-json\/wp\/v2\/comments?post=6027"}],"version-history":[{"count":1,"href":"https:\/\/ccoo.app\/coty\/wp-json\/wp\/v2\/posts\/6027\/revisions"}],"predecessor-version":[{"id":7376,"href":"https:\/\/ccoo.app\/coty\/wp-json\/wp\/v2\/posts\/6027\/revisions\/7376"}],"wp:attachment":[{"href":"https:\/\/ccoo.app\/coty\/wp-json\/wp\/v2\/media?parent=6027"}],"wp:term":[{"taxonomy":"category","embeddable":true,"href":"https:\/\/ccoo.app\/coty\/wp-json\/wp\/v2\/categories?post=6027"},{"taxonomy":"post_tag","embeddable":true,"href":"https:\/\/ccoo.app\/coty\/wp-json\/wp\/v2\/tags?post=6027"}],"curies":[{"name":"wp","href":"https:\/\/api.w.org\/{rel}","templated":true}]}}