{"id":5856,"date":"2018-07-03T09:51:25","date_gmt":"2018-07-03T07:51:25","guid":{"rendered":"https:\/\/coty.ccoo.cat\/?p=5856"},"modified":"2022-02-02T18:35:38","modified_gmt":"2022-02-02T17:35:38","slug":"residencias-de-tiempo-libre-2018-afiliados-as-ccoo","status":"publish","type":"post","link":"https:\/\/ccoo.app\/coty\/residencias-de-tiempo-libre-2018-afiliados-as-ccoo\/","title":{"rendered":"Residencias de tiempo libre 2018 Afiliados\/as CCOO"},"content":{"rendered":"<p>Para disfrutar de unas vacaciones a precios muy asequibles puedes solicitar plaza en cualquiera de las residencias de tiempo libre:<\/p>\n<div class=\"row\">\n<div class=\"span6\">\n<h2>Residencia de Carballi\u00f1o<\/h2>\n<p><em>Zona del Parque, 32500 Carballi\u00f1o (Ourense)<\/em>\u00a0.<\/p>\n<p class=\"block\"><img decoding=\"async\" class=\"imagefloatleft\" src=\"https:\/\/www.ccoo.cat\/imatges\/v5\/carballino2.jpg\" alt=\"Carballino\" \/><img decoding=\"async\" class=\"imagefloatleft\" src=\"https:\/\/www.ccoo.cat\/imatges\/v5\/carballino.jpg\" alt=\"Carballino\" \/>Situada en el municipio de Carballi\u00f1o, en la provincia de Ourense, e inmersa en la cuenca del r\u00edo Arenteiro, entre los declives meridionales de la sierra do Faro en el norte y el valle del r\u00edo Avia al sur. Es un lugar que se debe tener en cuenta por su excelente clima tibio. Se puede aprovechar la estancia para disfrutar de sus relajantes aguas termales, la pesca fluvial, la sabrosa gastronom\u00eda y los reconocidos vinos de Ribeiro.<\/p>\n<p>Ascensor. Tiene biblioteca, sala de reposo y de juegos, bar, jardines y parque infantil, TV y v\u00eddeo, comedor autoservicio, lavander\u00eda, sala de plancha y sala de lactancia. Aparcamiento cubierto opcional.<\/p>\n<p>Dispone de habitaciones de 1, 2 y 4 plazas. Las habitaciones cu\u00e1druples s\u00f3lo pueden estar ocupadas por 2 adultos y 2 ni\u00f1os menores de 12 a\u00f1os.<\/p>\n<p>Turnos de 9 y 10 d\u00edas entre el 1 de julio y el 10 de septiembre.<\/p>\n<p><a href=\"https:\/\/www.ccoo.cat\/tempslliure\/preus_carballino.pdf\" target=\"_blank\" rel=\"noopener noreferrer\">precios Carballi\u00f1o<\/a><br \/>\n<a href=\"https:\/\/www.ccoo.cat\/tempslliure\/solicitud_carballino_i_panxon.pdf\" target=\"_blank\" rel=\"noopener noreferrer\">Solicitud Panx\u00f3n y Carballi\u00f1o<\/a><\/p>\n<h2>Residencia de Panx\u00f3n<\/h2>\n<p><em>R\u00faa Cansadoura, 2. 36340 Nigr\u00e1n (Pontevedra).<\/em><\/p>\n<p class=\"block\"><img decoding=\"async\" class=\"imagefloatleft\" src=\"https:\/\/www.ccoo.cat\/imatges\/v5\/panxon.jpg\" alt=\"Panx\u00f3n\" \/><img decoding=\"async\" class=\"imagefloatleft\" src=\"https:\/\/www.ccoo.cat\/imatges\/v5\/panxon2.jpg\" alt=\"Panx\u00f3n\" \/>Panx\u00f3n se encuentra en el municipio de Nigr\u00e1n, a 15 km de Vigo, los estribos del valle de Mi\u00f1or, entre la r\u00eda de Vigo y la cala de Bayona, limitado por las sierras que separan el valle del Fragoso y costas que nos llevan a las islas v\u00edrgenes de las C\u00edes.<\/p>\n<p>La residencia est\u00e1 situada en primera l\u00ednea, a ra\u00edz de la costa, en la playa de Patos, y permite disfrutar de la gastronom\u00eda t\u00edpica de la zona, como el pescado, los mariscos y otros productos del mar.<\/p>\n<p>Tiene biblioteca, sala de reposo y de juegos, bar, \u00e1rea de lavado, jardines y parque infantil, aparcamiento, TV y v\u00eddeo, comedor autoservicio y \u00e1rea de lactancia (no tiene ascensor).<\/p>\n<p>Dispone de habitaciones de 2, 3 y 4 plazas. Las habitaciones cu\u00e1druples s\u00f3lo pueden estar ocupadas por 2 adultos y 2 ni\u00f1os menores de 12 a\u00f1os.<\/p>\n<p>Turnos de 9 y 10 d\u00edas entre el 1 de julio y el 10 de septiembre.<\/p>\n<p><a href=\"https:\/\/www.ccoo.cat\/tempslliure\/preus_panxon.pdf\" target=\"_blank\" rel=\"noopener noreferrer\">precios Panx\u00f3n<\/a><br \/>\n<a href=\"https:\/\/www.ccoo.cat\/tempslliure\/solicitud_carballino_i_panxon.pdf\" target=\"_blank\" rel=\"noopener noreferrer\">Solicitud Panx\u00f3n y Carballi\u00f1o<\/a><\/p>\n<h2>Residencia de La Casona del Pinar<\/h2>\n<p><em>Calzada, s \/ n. San Rafael (Segovia).<\/em><\/p>\n<p class=\"block\"><img decoding=\"async\" class=\"imagefloatleft\" src=\"https:\/\/www.ccoo.cat\/imatges\/v5\/casona_del_pinar.jpg\" alt=\"La Casona del Pinar\" \/><img decoding=\"async\" class=\"imagefloatleft\" src=\"https:\/\/www.ccoo.cat\/imatges\/v5\/casona_del_pinar2.jpg\" alt=\"La Casona del Pinar\" \/>La Casona del Pinar est\u00e1 situada dentro de un gran pinar en la Sierra de Guadarrama, junto al n\u00facleo urbano de San Rafael &#8211; El Espinar (Segovia). Es a 60 km de Madrid ya 32 km de Segovia.<\/p>\n<p>Dispone de sala de TV y de juegos, cafeter\u00eda e instalaciones deportivas, parque infantil y piscina. Dispone de habitaciones de 2, 3 y 4 plazas.<\/p>\n<p><a href=\"https:\/\/www.ccoo.cat\/tempslliure\/preus_casona_del_pinar.pdf\" target=\"_blank\" rel=\"noopener noreferrer\">Precios de La Casona del Pinar<\/a><br \/>\n<a href=\"https:\/\/www.ccoo.cat\/tempslliure\/solicitud_casona_del_pinar.pdf\" target=\"_blank\" rel=\"noopener noreferrer\">Solicitud La Casona del Pinar<\/a><\/p>\n<p>Residencia de Orihuela del Tremedal<\/p>\n<p><em>Camino Virgen del Tremedal. 44366 Orihuela del Tremedal (Teruel).<\/em><\/p>\n<p class=\"block\"><img decoding=\"async\" class=\"imagefloatleft\" src=\"https:\/\/www.ccoo.cat\/imatges\/v5\/orihuela_tremedal.jpg\" alt=\"Orihuela del Tremedal \" \/><img decoding=\"async\" class=\"imagefloatleft\" src=\"https:\/\/www.ccoo.cat\/imatges\/v5\/orihuela_tremedal2.jpg\" alt=\"Orihuela del Tremedal \" \/>Residencia situada en la sierra de Albarrac\u00edn, a 35 km de Albarrac\u00edn ya 65 km de Teruel, en el t\u00e9rmino municipal de Orihuela del Tremedal. Te encontrar\u00e1s a 1.500 m de altitud, rodeado de extensos pinares y hermosos prados, ya 1 km del pueblo de Orihuela, donde f\u00e1cilmente encontrar\u00e1s ciervos.<\/p>\n<p>Dispone de comedor, bar cafeter\u00eda, sala de estar o lectura, salas de televisi\u00f3n, sala de juegos y de actos, petanca, parque infantil y zona Wi-Fi.<\/p>\n<p>El periodo de apertura al p\u00fablico durante el 2018 ser\u00e1 del 23 de marzo al 4 de noviembre.<\/p>\n<p>Las estancias a solicitar son libres y no hay turnos.<\/p>\n<p><a href=\"https:\/\/www.ccoo.cat\/tempslliure\/preus_orihuela_del_tremedal.pdf\" target=\"_blank\" rel=\"noopener noreferrer\">Precios Orihuela del Tremedal<\/a><br \/>\n<a href=\"https:\/\/www.ccoo.cat\/tempslliure\/solicitud_orihuela_del_tremedal.pdf\" target=\"_blank\" rel=\"noopener noreferrer\">Solicitud Orihuela del Tremedal<\/a><\/p>\n<h2>Residencia de El Puig<\/h2>\n<p><em>Camino del Mar. 46540 El Puig (Valencia)<\/em><\/p>\n<p class=\"block\"><img decoding=\"async\" class=\"imagefloatleft\" src=\"https:\/\/www.ccoo.cat\/imatges\/v5\/el_puig.jpg\" alt=\"el Puig\" \/><img decoding=\"async\" class=\"imagefloatleft\" src=\"https:\/\/www.ccoo.cat\/imatges\/v5\/el_puig2.jpg\" alt=\"el Puig\" \/>Residencia situada en primera l\u00ednea de la playa, a 2 km del pueblo ya 14 km de Valencia. Tiene una parada de autob\u00fas en la puerta de la residencia que facilita los desplazamientos.<\/p>\n<p>Tiene comedor, cafeter\u00eda, sala de cine, lavander\u00eda, jard\u00edn, parque infantil y piscina. Aparcamiento subterr\u00e1neo (opcional).<\/p>\n<p>Dispone de habitaciones de 2, 3 y 4 plazas.<\/p>\n<p><a href=\"https:\/\/www.ccoo.cat\/tempslliure\/preus_el_puig.pdf\" target=\"_blank\" rel=\"noopener noreferrer\">Precios El Puig<\/a><br \/>\n<a href=\"https:\/\/www.ccoo.cat\/tempslliure\/solicitud_el_puig.pdf\" target=\"_blank\" rel=\"noopener noreferrer\">Solicitud El Puig<\/a><\/p>\n<h2>Residencia de Morillo de Tou<\/h2>\n<p><em>Carretera A-138 de Barbastro en Ainsa, Km 41,8. 22395 Morillo de Tou (Huesca)<\/em><\/p>\n<p class=\"block\"><img decoding=\"async\" class=\"imagefloatleft\" src=\"https:\/\/www.ccoo.cat\/imatges\/v5\/morillo_de_tou.jpg\" alt=\"Morillo de Tou\" \/><img decoding=\"async\" class=\"imagefloatleft\" src=\"https:\/\/www.ccoo.cat\/imatges\/v5\/morillo_de_tou2.jpg\" alt=\"Morillo de Tou\" \/>Residencia situada en el municipio de A\u00ednsa (Huesca) a la orilla del embalse de Mediano, en el Pirineo aragon\u00e9s y junto al Parque Nacional de Ordesa y Monte Perdido.<\/p>\n<p>Dispone de dos amplias salas de estar con TV, adem\u00e1s de un aula para seminarios o cursos con capacidad para 30 personas. Dispone de piscina, amplias zonas verdes y jardines con miradores, as\u00ed como zonas con columpios y animaci\u00f3n infantil.<\/p>\n<p>Se puede acceder en coche hasta la misma puerta. La zona de aparcamiento gratuito se encuentra justo detr\u00e1s del hostal.<\/p>\n<p>Dispone de habitaciones de 2, 3 y 4 plazas.<\/p>\n<p><a href=\"https:\/\/www.ccoo.cat\/tempslliure\/preus_morillo_de_tou.pdf\" target=\"_blank\" rel=\"noopener noreferrer\">Precios Morillo de Tou<\/a><br \/>\n<a href=\"https:\/\/www.ccoo.cat\/tempslliure\/solicitud_morillo_de_tou.pdf\" target=\"_blank\" rel=\"noopener noreferrer\">Solicitud Morillo de Tou<\/a><\/p>\n<h2>Residencia Hoster\u00eda del Huerna<\/h2>\n<p><em>33628. Riospaso (Asturias)<\/em><\/p>\n<p class=\"block\"><img decoding=\"async\" class=\"imagefloatleft\" src=\"https:\/\/www.ccoo.cat\/imatges\/v5\/hosteria_del_huerna.jpg\" alt=\"Hoster\u00eda del Huerna\" \/><img decoding=\"async\" class=\"imagefloatleft\" src=\"https:\/\/www.ccoo.cat\/imatges\/v5\/hosteria_del_huerna2.jpg\" alt=\"Hoster\u00eda del Huerna\" \/>Residencia situada en pleno coraz\u00f3n de la cordillera Cant\u00e1brica, se encuentra dentro del Parque Natural Las Ubi\u00f1as &#8211; La Mesa, donde est\u00e1 el valle del r\u00edo Huerna, un reducto de altas monta\u00f1as y bosques.<\/p>\n<p>Las instalaciones disponen de amplias salas de estar con chimenea que hacen, en invierno, un lugar acogedor y c\u00e1lido. El restaurante ofrece una cocina regional elaborada con productos de calidad.<\/p>\n<p>Dispone de habitaciones de 2 y 3 plazas a\u00f1adiendo una cama supletoria, todas con ba\u00f1o privado, tel\u00e9fono y televisi\u00f3n.<\/p>\n<p><a href=\"https:\/\/www.ccoo.cat\/tempslliure\/preus_hosteria_del_huerna.pdf\" target=\"_blank\" rel=\"noopener noreferrer\">Precios Hoster\u00eda del Huerna<\/a><br \/>\n<a href=\"https:\/\/www.ccoo.cat\/tempslliure\/solicitud_hosteria_del_huerna.pdf\" target=\"_blank\" rel=\"noopener noreferrer\">Solicitud Hoster\u00eda del Huerna<\/a><\/p>\n<h3 class=\"negre\">instrucciones<\/h3>\n<div class=\"gray\">\n<h3>\u00bfQu\u00e9 tienes que hacer para pedirlas?<\/h3>\n<p>Las solicitudes se remitir\u00e1n<br \/>\n&#8211;\u00a0\u00a0por correo electr\u00f3nico a\u00a0\u00a0<a href=\"mailto:tempslliure@ccoo.cat\"><strong>tempslliure@ccoo.cat<\/strong><\/a><br \/>\n&#8211; por correo postal a:<\/p>\n<p>CCOO SERVICIO DE TIEMPO LIBRE<br \/>\nVia Laietana, 16, 5\u00aa planta<br \/>\n08003 Barcelona<\/p>\n<p><strong>No se pueden presentar personalmente<br \/>\n<\/strong><\/p>\n<p>Se pueden enviar a partir\u00a0<strong>del 15 de enero y hasta el 9 de marzo de 2018<\/strong>\u00a0\u00a0(ambos inclusive).<br \/>\nDocumentaci\u00f3n enviar junto con la solicitud:<\/p>\n<p>Para todas las residencias:<br \/>\n&#8211; Fotocopia del DNI del solicitante y de todos los acompa\u00f1antes mayores de 14 a\u00f1os.<br \/>\n&#8211; Fotocopia del \u00faltimo recibo de cuotas u otro justificante (certificado del sindicato o fotocopia de la \u00faltima n\u00f3mina).<\/p>\n<p>Para las residencias donde se hagan descuentos:<br \/>\n&#8211; Fotocopia del carn\u00e9 de familia numerosa.<br \/>\n&#8211; Fotocopia del carn\u00e9 de discapacidad.<\/p>\n<p>Las normas que rigen estas solicitudes figuran en el siguiente enlace y hay que leer detenidamente.<\/p>\n<p><a class=\"linkdestacat\" href=\"https:\/\/www.ccoo.cat\/tempslliure\/normes_residencies_temps_lliure.pdf\" target=\"_blank\" rel=\"noopener noreferrer\">Normas para solicitud de estancias de tiempo libre. Afiliados y afiliadas de CCOO. 2018<\/a><\/p>\n<p>Las consultas se atender\u00e1n prioritariamente al correo electr\u00f3nico\u00a0\u00a0<a href=\"mailto:tempslliure@ccoo.cat\"><strong>tempslliure@ccoo.cat<\/strong><\/a>\u00a0o los lunes y mi\u00e9rcoles de 12 a 14 h en el tel\u00e9fono 93 481 29 15.<\/p>\n<p><strong>No gestionamos las plazas de las residencias de Andaluc\u00eda, y Navacerrada (Madrid).\u00a0<\/strong>\u00a0Los afiliados interesados en alguna de estas residencias deben enviar personalmente la solicitud al organismo que las gestiona.<\/p>\n<p>Las solicitudes para las residencias de Andaluc\u00eda env\u00edan en temporada alta en la\u00a0<em><a class=\"linkdestacat\" href=\"http:\/\/www.juntadeandalucia.es\/servicios\/otros-tramites\/detalle\/11008.html\" target=\"_blank\" rel=\"noopener noreferrer\">Junta de Andaluc\u00eda<\/a><\/em>\u00a0y el resto del a\u00f1o en las propias residencias.<em>\u00a0<\/em><a target=\"_blank\" rel=\"noopener noreferrer\"><br \/>\n<\/a><br \/>\nLas\u00a0<a class=\"linkdestacat\" href=\"http:\/\/servicios.ccoo.es\/servicios\/Ocio,_turismo_y_tiempo_libre:Alojamientos:Residencias_de_tiempo_libre:274\" target=\"_blank\" rel=\"noopener noreferrer\">solicitudes de Navacerrada<\/a>\u00a0se env\u00edan siempre a la propia residencia<\/p>\n<\/div>\n<\/div>\n<\/div>\n","protected":false},"excerpt":{"rendered":"<p>Para disfrutar de unas vacaciones a precios muy asequibles puedes solicitar plaza en cualquiera de las residencias de tiempo libre: Residencia de Carballi\u00f1o Zona del Parque, 32500 Carballi\u00f1o (Ourense)\u00a0. Situada &#8230; <a title=\"Residencias de tiempo libre 2018 Afiliados\/as CCOO\" class=\"read-more\" href=\"https:\/\/ccoo.app\/coty\/residencias-de-tiempo-libre-2018-afiliados-as-ccoo\/\" aria-label=\"Leer m\u00e1s sobre Residencias de tiempo libre 2018 Afiliados\/as CCOO\">Leer m\u00e1s<\/a><\/p>\n","protected":false},"author":6,"featured_media":6008,"comment_status":"closed","ping_status":"closed","sticky":false,"template":"","format":"standard","meta":{"footnotes":""},"categories":[14,15],"tags":[],"class_list":["post-5856","post","type-post","status-publish","format-standard","has-post-thumbnail","hentry","category-act-social","category-act-social-resto","generate-columns","tablet-grid-50","mobile-grid-100","grid-parent","grid-33"],"_links":{"self":[{"href":"https:\/\/ccoo.app\/coty\/wp-json\/wp\/v2\/posts\/5856","targetHints":{"allow":["GET"]}}],"collection":[{"href":"https:\/\/ccoo.app\/coty\/wp-json\/wp\/v2\/posts"}],"about":[{"href":"https:\/\/ccoo.app\/coty\/wp-json\/wp\/v2\/types\/post"}],"author":[{"embeddable":true,"href":"https:\/\/ccoo.app\/coty\/wp-json\/wp\/v2\/users\/6"}],"replies":[{"embeddable":true,"href":"https:\/\/ccoo.app\/coty\/wp-json\/wp\/v2\/comments?post=5856"}],"version-history":[{"count":1,"href":"https:\/\/ccoo.app\/coty\/wp-json\/wp\/v2\/posts\/5856\/revisions"}],"predecessor-version":[{"id":7390,"href":"https:\/\/ccoo.app\/coty\/wp-json\/wp\/v2\/posts\/5856\/revisions\/7390"}],"wp:featuredmedia":[{"embeddable":true,"href":"https:\/\/ccoo.app\/coty\/wp-json\/"}],"wp:attachment":[{"href":"https:\/\/ccoo.app\/coty\/wp-json\/wp\/v2\/media?parent=5856"}],"wp:term":[{"taxonomy":"category","embeddable":true,"href":"https:\/\/ccoo.app\/coty\/wp-json\/wp\/v2\/categories?post=5856"},{"taxonomy":"post_tag","embeddable":true,"href":"https:\/\/ccoo.app\/coty\/wp-json\/wp\/v2\/tags?post=5856"}],"curies":[{"name":"wp","href":"https:\/\/api.w.org\/{rel}","templated":true}]}}