{"id":5818,"date":"2018-05-03T19:50:55","date_gmt":"2018-05-03T17:50:55","guid":{"rendered":"https:\/\/coty.ccoo.cat\/?p=5818"},"modified":"2022-02-02T18:35:45","modified_gmt":"2022-02-02T17:35:45","slug":"la-perfumeria-se-abarato-un-16-en-2017-segun-el-informe-tendencias-en-belleza-y-cuidado-personal-de-nielsen","status":"publish","type":"post","link":"https:\/\/ccoo.app\/coty\/la-perfumeria-se-abarato-un-16-en-2017-segun-el-informe-tendencias-en-belleza-y-cuidado-personal-de-nielsen\/","title":{"rendered":"La perfumer\u00eda se abarat\u00f3 un 1,6% en 2017, seg\u00fan el informe \u00abTendencias en belleza y cuidado personal\u00bb, de Nielsen"},"content":{"rendered":"<p><img decoding=\"async\" class=\"aligncenter\" src=\"http:\/\/www.revistavpc.es\/images\/vpcnoticias\/Informe-Nielsen-18.jpg\" alt=\"Informe Nielsen 18\" \/><\/p>\n<article class=\"uk-article tm-article-date-true\">\n<div class=\"tm-article-wrapper\">\n<div class=\"tm-article-content\">\n<p class=\"intro\">Hace tres a\u00f1os que el mercado de gran consumo dej\u00f3 la senda de la deflaci\u00f3n y volvi\u00f3 a crecer incluso en un entorno de precios al alza. Sin embargo, todav\u00eda hay ciertas categor\u00edas que le cuestan menos al consumidor, como es el caso de la perfumer\u00eda, que se abarat\u00f3 un 1,6% en 2017, seg\u00fan el informe \u201cTendencias en belleza y cuidado personal\u201d de Nielsen. Y en ello tuvo que ver especialmente la belleza, m\u00e1s asequible ya que baj\u00f3 precios un 2,5%. De este modo, los espa\u00f1oles pudieron incluir m\u00e1s productos de perfumer\u00eda en la cesta de la compra, hasta un 3,2% m\u00e1s, por menos dinero. En total, el mercado se situ\u00f3 en los 6.087 millones de euros, con un crecimiento total del 1,7% en comparaci\u00f3n con el a\u00f1o anterior.<\/p>\n<p><strong>La belleza, en manos del especialista<\/strong><\/p>\n<p>En un an\u00e1lisis en profundidad del mercado de belleza en Espa\u00f1a, observamos que dos de cada tres euros vendidos se facturaron en una tienda especializada; mientras que el supermercado supone ya el 23% de lo que se vende de la categor\u00eda. En total, son 2.807 millones de euros, de los que la mitad es selectivo y la otra restante, el llamado \u201cmass market\u201d.<\/p>\n<p>Precisamente esta \u00faltima, m\u00e1s asequible para el bolsillo del consumidor, fue la que m\u00e1s creci\u00f3 en ventas el a\u00f1o pasado, un 4,5%. Por su parte, el selectivo creci\u00f3 un 1,5%, impulsado por las fragancias, que fue la \u00fanica de las grandes familias que creci\u00f3 (un 5%). En cambio, productos corporales, solares, maquillaje y facial en selectivo registraron ca\u00eddas, en las dos primeras incluso de hasta el 6,6%.<\/p>\n<p>En el caso de la higiene, se trata de un mercado de 3.279 millones de euros. No obstante, se trata de una categor\u00eda que se vende principalmente en supermercados, dos de cada tres euros, seguido de hipermercados (19%). El peso de las tiendas especialistas en este caso es menor, un 13% sobre el total de las ventas.<\/p>\n<p>Dentro de las principales familias de producto de higiene, corporal fue la que mejor se comport\u00f3 en ventas, hasta un 2,6%. Por su parte, el afeitado decreci\u00f3 un 1,1% en plena ola hipster y por la irrupci\u00f3n de las barber\u00edas de toda la vida, sin olvidar el contexto de poblaci\u00f3n a la baja, y por tanto menos caras que afeitar.<\/p>\n<p>Seg\u00fan el Regional Client Business Partner de Nielsen, Rafael Roche, \u201cno podemos olvidar el canal online, que en el caso de los productos de perfumer\u00eda y droguer\u00eda tiene un peso del 1,2%. Es un peso bajo pero que presenta importantes crecimientos. Internet es por tanto a\u00fan incipiente y lo utilizamos m\u00e1s sobre todo para la compra de perfumer\u00eda selectiva, que es ya el 2% de las ventas\u201d.<\/p>\n<\/div>\n<\/div>\n<\/article>\n<p><a name=\"comentarios\"><\/a><\/p>\n<div class=\"uk-panel-box tm-panel-box-primary-color uk-text-center compartir compartirFacebook\"><\/div>\n<p><a href=\"http:\/\/www.facebook.com\/sharer.php?s=100&amp;p[url]=http:\/\/www.revistavpc.es\/noticias-del-sector\/3212-la-perfumeria-se-abarato-un-1-6-en-2017-segun-el-informe-tendencias-en-belleza-y-cuidado-personal-de-nielsen.html&amp;p[title]=La%20perfumer%C3%ADa%20se%20abarat%C3%B3%20un%201,6%%20en%202017,%20seg%C3%BAn%20el%20informe\" target=\"_blank\" rel=\"noopener noreferrer\">\u00a0<\/a><\/p>\n<div class=\"uk-panel-box tm-panel-box-primary-color uk-text-center compartir compartirFacebook\"><\/div>\n<p>&nbsp;    \t    \t<\/p>\n","protected":false},"excerpt":{"rendered":"<p>Hace tres a\u00f1os que el mercado de gran consumo dej\u00f3 la senda de la deflaci\u00f3n y volvi\u00f3 a crecer incluso en un entorno de precios al alza. Sin embargo, todav\u00eda &#8230; <a title=\"La perfumer\u00eda se abarat\u00f3 un 1,6% en 2017, seg\u00fan el informe \u00abTendencias en belleza y cuidado personal\u00bb, de Nielsen\" class=\"read-more\" href=\"https:\/\/ccoo.app\/coty\/la-perfumeria-se-abarato-un-16-en-2017-segun-el-informe-tendencias-en-belleza-y-cuidado-personal-de-nielsen\/\" aria-label=\"Leer m\u00e1s sobre La perfumer\u00eda se abarat\u00f3 un 1,6% en 2017, seg\u00fan el informe \u00abTendencias en belleza y cuidado personal\u00bb, de Nielsen\">Leer m\u00e1s<\/a><\/p>\n","protected":false},"author":6,"featured_media":0,"comment_status":"closed","ping_status":"closed","sticky":false,"template":"","format":"standard","meta":{"footnotes":""},"categories":[30],"tags":[],"class_list":["post-5818","post","type-post","status-publish","format-standard","hentry","category-app-push-coty-granolles","generate-columns","tablet-grid-50","mobile-grid-100","grid-parent","grid-33"],"_links":{"self":[{"href":"https:\/\/ccoo.app\/coty\/wp-json\/wp\/v2\/posts\/5818","targetHints":{"allow":["GET"]}}],"collection":[{"href":"https:\/\/ccoo.app\/coty\/wp-json\/wp\/v2\/posts"}],"about":[{"href":"https:\/\/ccoo.app\/coty\/wp-json\/wp\/v2\/types\/post"}],"author":[{"embeddable":true,"href":"https:\/\/ccoo.app\/coty\/wp-json\/wp\/v2\/users\/6"}],"replies":[{"embeddable":true,"href":"https:\/\/ccoo.app\/coty\/wp-json\/wp\/v2\/comments?post=5818"}],"version-history":[{"count":1,"href":"https:\/\/ccoo.app\/coty\/wp-json\/wp\/v2\/posts\/5818\/revisions"}],"predecessor-version":[{"id":7400,"href":"https:\/\/ccoo.app\/coty\/wp-json\/wp\/v2\/posts\/5818\/revisions\/7400"}],"wp:attachment":[{"href":"https:\/\/ccoo.app\/coty\/wp-json\/wp\/v2\/media?parent=5818"}],"wp:term":[{"taxonomy":"category","embeddable":true,"href":"https:\/\/ccoo.app\/coty\/wp-json\/wp\/v2\/categories?post=5818"},{"taxonomy":"post_tag","embeddable":true,"href":"https:\/\/ccoo.app\/coty\/wp-json\/wp\/v2\/tags?post=5818"}],"curies":[{"name":"wp","href":"https:\/\/api.w.org\/{rel}","templated":true}]}}