{"id":5759,"date":"2018-03-25T13:05:52","date_gmt":"2018-03-25T11:05:52","guid":{"rendered":"https:\/\/coty.ccoo.cat\/?p=5759"},"modified":"2022-02-02T18:35:58","modified_gmt":"2022-02-02T17:35:58","slug":"loreal-renueva-la-licencia-de-cosmetica-de-giorgio-armani-hasta-2050","status":"publish","type":"post","link":"https:\/\/ccoo.app\/coty\/loreal-renueva-la-licencia-de-cosmetica-de-giorgio-armani-hasta-2050\/","title":{"rendered":"L\u2019Or\u00e9al renueva la licencia de cosm\u00e9tica de Giorgio Armani hasta 2050"},"content":{"rendered":"<p>Las dos compa\u00f1\u00edas han extendido la duraci\u00f3n del acuerdo que iniciaron en el a\u00f1o 1988. La divisi\u00f3n de cosm\u00e9tica del dise\u00f1ador italiano gener\u00f3 unas ventas de 1.000 millones de euros el a\u00f1o pasado.<\/p>\n<p><img decoding=\"async\" src=\"https:\/\/www.modaes.es\/thumb\/max\/727x350\/files\/\/000_2016\/armani\/giorgio-armani-tienda-728.jpg\" alt=\"L\u00e2\u0080\u0099Or\u00c3\u00a9al renueva la licencia de cosm\u00c3\u00a9tica de Giorgio Armani hasta 2050\" \/><\/p>\n<p>L\u2019Or\u00e9al y Giorgio Armani continuar\u00e1n caminando de la mano<strong>. La compa\u00f1\u00eda italiana ha renovado hasta 2050 el acuerdo que mantiene con el gigante franc\u00e9s, actual licenciatario de su l\u00ednea de cosm\u00e9tica.<\/strong><\/p>\n<p>Ambas compa\u00f1\u00edas mantienen un acuerdo desde 1988 por el cual L\u2019Oreal desarrolla las fragancias, cosm\u00e9tica para la piel y de color de Giorgio Armani.\u00a0<strong>El grupo explic\u00f3 en un comunicado que estas tres l\u00edneas generaron unas ventas de 1.000 millones de euros el a\u00f1o pasado<\/strong>, lo que supone uno de los mayores crecimientos dentro de la categor\u00eda de cosm\u00e9tica, seg\u00fan<em>\u00a0WWD<\/em>.<\/p>\n<p>La alianza con L\u2019Or\u00e9al es una de las primeras que sell\u00f3 Giorgio Armani. Las ventas de la licencia de cosm\u00e9tica del dise\u00f1ador italiano crecieron durante los \u00faltimos cinco a\u00f1os y\u00a0<strong>la compa\u00f1\u00eda est\u00e1 ahora potenciando su expansi\u00f3n en el mercado chino<\/strong>.    \t    \t<\/p>\n","protected":false},"excerpt":{"rendered":"<p>Las dos compa\u00f1\u00edas han extendido la duraci\u00f3n del acuerdo que iniciaron en el a\u00f1o 1988. La divisi\u00f3n de cosm\u00e9tica del dise\u00f1ador italiano gener\u00f3 unas ventas de 1.000 millones de euros &#8230; <a title=\"L\u2019Or\u00e9al renueva la licencia de cosm\u00e9tica de Giorgio Armani hasta 2050\" class=\"read-more\" href=\"https:\/\/ccoo.app\/coty\/loreal-renueva-la-licencia-de-cosmetica-de-giorgio-armani-hasta-2050\/\" aria-label=\"Leer m\u00e1s sobre L\u2019Or\u00e9al renueva la licencia de cosm\u00e9tica de Giorgio Armani hasta 2050\">Leer m\u00e1s<\/a><\/p>\n","protected":false},"author":6,"featured_media":0,"comment_status":"closed","ping_status":"closed","sticky":false,"template":"","format":"standard","meta":{"footnotes":""},"categories":[30],"tags":[],"class_list":["post-5759","post","type-post","status-publish","format-standard","hentry","category-app-push-coty-granolles","generate-columns","tablet-grid-50","mobile-grid-100","grid-parent","grid-33"],"_links":{"self":[{"href":"https:\/\/ccoo.app\/coty\/wp-json\/wp\/v2\/posts\/5759","targetHints":{"allow":["GET"]}}],"collection":[{"href":"https:\/\/ccoo.app\/coty\/wp-json\/wp\/v2\/posts"}],"about":[{"href":"https:\/\/ccoo.app\/coty\/wp-json\/wp\/v2\/types\/post"}],"author":[{"embeddable":true,"href":"https:\/\/ccoo.app\/coty\/wp-json\/wp\/v2\/users\/6"}],"replies":[{"embeddable":true,"href":"https:\/\/ccoo.app\/coty\/wp-json\/wp\/v2\/comments?post=5759"}],"version-history":[{"count":1,"href":"https:\/\/ccoo.app\/coty\/wp-json\/wp\/v2\/posts\/5759\/revisions"}],"predecessor-version":[{"id":7417,"href":"https:\/\/ccoo.app\/coty\/wp-json\/wp\/v2\/posts\/5759\/revisions\/7417"}],"wp:attachment":[{"href":"https:\/\/ccoo.app\/coty\/wp-json\/wp\/v2\/media?parent=5759"}],"wp:term":[{"taxonomy":"category","embeddable":true,"href":"https:\/\/ccoo.app\/coty\/wp-json\/wp\/v2\/categories?post=5759"},{"taxonomy":"post_tag","embeddable":true,"href":"https:\/\/ccoo.app\/coty\/wp-json\/wp\/v2\/tags?post=5759"}],"curies":[{"name":"wp","href":"https:\/\/api.w.org\/{rel}","templated":true}]}}