{"id":5733,"date":"2018-03-22T17:19:54","date_gmt":"2018-03-22T16:19:54","guid":{"rendered":"https:\/\/coty.ccoo.cat\/?p=5733"},"modified":"2022-02-02T18:35:58","modified_gmt":"2022-02-02T17:35:58","slug":"hoy-22-de-marzo-se-conmemora-el-dia-mundial-del-agua-con-el-lema-la-respuesta-esta-en-la-naturaleza","status":"publish","type":"post","link":"https:\/\/ccoo.app\/coty\/hoy-22-de-marzo-se-conmemora-el-dia-mundial-del-agua-con-el-lema-la-respuesta-esta-en-la-naturaleza\/","title":{"rendered":"Hoy 22 de marzo se conmemora el D\u00eda Mundial del Agua con el lema \u00abLa respuesta est\u00e1 en la naturaleza\u201d"},"content":{"rendered":"<table border=\"0\" width=\"900\" cellspacing=\"0\" cellpadding=\"0\" align=\"center\">\n<tbody>\n<tr>\n<td colspan=\"3\">\n<p align=\"justify\"><span style=\"font-size: 10pt\">El agua es un elemento esencial para el desarrollo sostenible. Una correcta gesti\u00f3n de los recursos h\u00eddricos es clave para reducir la pobreza, crear empleo verde y decente y aumentar la sostenibilidad ambiental.<\/span><\/p>\n<p><span style=\"font-size: 10pt\">La celebraci\u00f3n de este a\u00f1o se centra, en c\u00f3mo la propia naturaleza puede ayudarnos a superar los desaf\u00edos relacionados con el agua en el siglo XXI. El cambio clim\u00e1tico est\u00e1 empezando a provocar alteraciones asociadas a los recursos h\u00eddricos en todo el Planeta: inundaciones, sequ\u00edas prolongadas, contaminaci\u00f3n del agua\u2026, que se ven agravadas debido a la degradaci\u00f3n de la cubierta vegetal y del suelo. Por ello, cuando descuidamos nuestros ecosistemas estamos a la vez, dificult\u00e1ndonos el acceso a los recursos h\u00eddricos. En este sentido las soluciones naturales pueden dar respuesta a estos desaf\u00edos, a trav\u00e9s, por ejemplo, de la reforestaci\u00f3n y una adecuada gesti\u00f3n de los bosques, de la restauraci\u00f3n de los humedales, etc. En definitiva, hay que devolver el equilibrio al ciclo del agua.<\/span><\/p>\n<p><span style=\"font-size: 10pt\">En la actualidad, seg\u00fan Naciones Unidas, m\u00e1s de 650 millones de personas viven sin suministro de agua potable cerca de su hogar y m\u00e1s de 1.800 millones de personas utilizan una fuente de agua contaminada por materia fecal. El agua no potable, acompa\u00f1ado por unas infraestructuras deficientes, es el causante de casi 850.000 muertes al a\u00f1o. En pleno Siglo XXI, estos dram\u00e1ticos datos no se deben ni se pueden consentir.<\/span><\/p>\n<p><span style=\"font-size: 10pt\">Desde\u00a0 CCOO entendemos que urge, actuar frente a estos datos con pol\u00edticas globales y concretas en aras a cumplir los Objetivos de Desarrollo Sostenible (entre los que se incluyen el fin de la pobreza, hambre cero, salud y bienestar o agua limpia y saneamiento).<\/span><\/p>\n<p><span style=\"font-size: 10pt\">Centr\u00e1ndonos en nuestro pa\u00eds, Espa\u00f1a es uno de los pa\u00edses que m\u00e1s va a sufrir (y que ya est\u00e1 sufriendo) las consecuencias del cambio clim\u00e1tico. El aumento de periodos de sequias unido al aumento de episodios de fen\u00f3menos clim\u00e1ticos extremos, producir\u00e1n la degradaci\u00f3n de los ecosistemas marinos y terrestres, as\u00ed como graves afecciones en la actividad econ\u00f3mica. En especial, sobre la agricultura, el turismo y la industria. Ejemplo de ello es el \u00faltimo periodo de sequ\u00eda que estamos sufriendo. Seg\u00fan los datos oficiales, en noviembre los embalses espa\u00f1oles alcanzaron su nivel m\u00e1s bajo en los \u00faltimos 22 a\u00f1os con el 37,3 % de su capacidad total.<\/span><\/p>\n<p><span style=\"font-size: 10pt\">Es necesario pues, establecer una gesti\u00f3n eficiente del agua, as\u00ed como planes de actuaci\u00f3n con medidas destinadas a paliar el efecto de la sequ\u00eda. No podemos esperar \u00fanicamente a que nos salven las precipitaciones. Para ello, tanto CCOO como\u00a0 hemos propuesto al Gobierno la creaci\u00f3n de una Comisi\u00f3n interministerial para estudiar la situaci\u00f3n de la sequ\u00eda en Espa\u00f1a y sus consecuencias en el empleo y en desprotecci\u00f3n de los trabajadores.<\/span><\/p>\n<p><span style=\"font-size: 10pt\">Por otro lado, el Gobierno inici\u00f3 hace unos meses, un proceso de informaci\u00f3n sobre su propuesta de Pacto Pol\u00edtico del Agua.\u00a0 \u00a0CCOO comparten con el Gobierno la necesidad de abordar un gran Pacto del Agua, pero \u00e9ste debe ser enfocado desde un punto de vista social y contar con el respaldo y la participaci\u00f3n de las organizaciones sociales y de los partidos pol\u00edticos, asegurando que el acuerdo perdure en el tiempo y que no est\u00e9 sometido a vaivenes pol\u00edticos.<\/span><\/td>\n<\/tr>\n<tr>\n<td colspan=\"3\"><\/td>\n<\/tr>\n<tr>\n<td colspan=\"3\"><img loading=\"lazy\" decoding=\"async\" src=\"http:\/\/www.ccoo.cat\/mobilitat\/documentacio\/infomobilitat\/201803\/gota_6.jpg\" width=\"700\" height=\"464\" \/><\/td>\n<\/tr>\n<tr>\n<td colspan=\"3\"><\/td>\n<\/tr>\n<tr>\n<td colspan=\"3\">\n<p align=\"justify\"><span style=\"font-size: 10pt\">Para CCOO y durante el proceso del debate del Pacto Social por el Agua es necesario abordar los siguientes temas:<\/span><\/p>\n<p><span style=\"font-size: 10pt\">&#8211; Reconocer por Ley de la resoluci\u00f3n de la Asamblea General de las Naciones Unidas (ONU), que reconoce el derecho al agua potable y al saneamiento como un derecho humano esencial para el pleno disfrute de la vida y de todos los derechos humanos (A\/RES\/64\/292).<\/span><\/p>\n<p><span style=\"font-size: 10pt\">&#8211; Redimensionar los diferentes usos del agua, siendo para ello una de las referencias cient\u00edficas el Grupo Intergubernamental de Expertos sobre el Cambio Clim\u00e1tico (IPCC) que en sus distintos informes ya vienen avisando de los efectos del cambio clim\u00e1tico en la menor disponibilidad del recurso del agua.<\/span><\/p>\n<p><span style=\"font-size: 10pt\">&#8211; Poner en marcha una pol\u00edtica de inversi\u00f3n en I+D+i para actualizar los conocimientos sobre los recursos disponibles y su estado (tanto los acu\u00edferos, como la capacidad de almacenar agua en las infraestructuras existentes).<\/span><\/p>\n<p><span style=\"font-size: 10pt\">&#8211; Elaborar un cat\u00e1logo que contemple los caudales ecol\u00f3gicos m\u00ednimos y los distintos ecosistemas de cada Demarcaci\u00f3n. El impacto que generar\u00e1 el cambio clim\u00e1tico sobre el agua dulce va a implicar un alto riesgo de cambio (abrupto e irreversible), tanto en su composici\u00f3n como estructura, lo que redundar\u00e1 en una p\u00e9rdida significativa de biodiversidad y de capital natural.<\/span><\/p>\n<p><span style=\"font-size: 10pt\">&#8211; Mejorar la calidad del agua cumpliendo con la legislaci\u00f3n europea y nacional para acabar con la contaminaci\u00f3n del agua, eliminando los vertidos de productos qu\u00edmicos y materiales peligrosos.<\/span><\/p>\n<p><span style=\"font-size: 10pt\">&#8211; Crear bancos de agua p\u00fablicos que regulen las concesiones de uso y gesti\u00f3n del agua. La gesti\u00f3n del agua no puede depender de los intereses privados.<\/span><\/p>\n<p><span style=\"font-size: 10pt\">&#8211; Considerar la reutilizaci\u00f3n y la desalaci\u00f3n del agua como un recurso m\u00e1s en la gesti\u00f3n del agua.<\/span><\/p>\n<p><span style=\"font-size: 10pt\">&#8211; Reformar las cuencas hidrogr\u00e1ficas para democratizar la gesti\u00f3n y cumplir con las nuevas funciones que el desarrollo econ\u00f3mico, social y ambiental exigen.<\/span><\/p>\n<p><span style=\"font-size: 10pt\">&#8211; Democratizar los \u00f3rganos de participaci\u00f3n en la gesti\u00f3n del agua, dimension\u00e1ndolos a la actual demanda de participaci\u00f3n de la sociedad.<\/span><\/p>\n<p><span style=\"font-size: 10pt\">&#8211; Integrar el concepto de Transici\u00f3n Justa, as\u00ed como la creaci\u00f3n de empleo verde y de calidad como pilar b\u00e1sico del Pacto.<\/span><\/p>\n<p align=\"justify\"><img decoding=\"async\" src=\"https:\/\/www.ecoembes.com\/sites\/default\/files\/formacion-ccoo-.jpg\" alt=\"Resultado de imagen de ccoo medio ambiente\" \/><\/p>\n<\/td>\n<\/tr>\n<\/tbody>\n<\/table>\n","protected":false},"excerpt":{"rendered":"<p>El agua es un elemento esencial para el desarrollo sostenible. Una correcta gesti\u00f3n de los recursos h\u00eddricos es clave para reducir la pobreza, crear empleo verde y decente y aumentar &#8230; <a title=\"Hoy 22 de marzo se conmemora el D\u00eda Mundial del Agua con el lema \u00abLa respuesta est\u00e1 en la naturaleza\u201d\" class=\"read-more\" href=\"https:\/\/ccoo.app\/coty\/hoy-22-de-marzo-se-conmemora-el-dia-mundial-del-agua-con-el-lema-la-respuesta-esta-en-la-naturaleza\/\" aria-label=\"Leer m\u00e1s sobre Hoy 22 de marzo se conmemora el D\u00eda Mundial del Agua con el lema \u00abLa respuesta est\u00e1 en la naturaleza\u201d\">Leer m\u00e1s<\/a><\/p>\n","protected":false},"author":6,"featured_media":0,"comment_status":"closed","ping_status":"closed","sticky":false,"template":"","format":"standard","meta":{"footnotes":""},"categories":[30],"tags":[],"class_list":["post-5733","post","type-post","status-publish","format-standard","hentry","category-app-push-coty-granolles","generate-columns","tablet-grid-50","mobile-grid-100","grid-parent","grid-33"],"_links":{"self":[{"href":"https:\/\/ccoo.app\/coty\/wp-json\/wp\/v2\/posts\/5733","targetHints":{"allow":["GET"]}}],"collection":[{"href":"https:\/\/ccoo.app\/coty\/wp-json\/wp\/v2\/posts"}],"about":[{"href":"https:\/\/ccoo.app\/coty\/wp-json\/wp\/v2\/types\/post"}],"author":[{"embeddable":true,"href":"https:\/\/ccoo.app\/coty\/wp-json\/wp\/v2\/users\/6"}],"replies":[{"embeddable":true,"href":"https:\/\/ccoo.app\/coty\/wp-json\/wp\/v2\/comments?post=5733"}],"version-history":[{"count":1,"href":"https:\/\/ccoo.app\/coty\/wp-json\/wp\/v2\/posts\/5733\/revisions"}],"predecessor-version":[{"id":7419,"href":"https:\/\/ccoo.app\/coty\/wp-json\/wp\/v2\/posts\/5733\/revisions\/7419"}],"wp:attachment":[{"href":"https:\/\/ccoo.app\/coty\/wp-json\/wp\/v2\/media?parent=5733"}],"wp:term":[{"taxonomy":"category","embeddable":true,"href":"https:\/\/ccoo.app\/coty\/wp-json\/wp\/v2\/categories?post=5733"},{"taxonomy":"post_tag","embeddable":true,"href":"https:\/\/ccoo.app\/coty\/wp-json\/wp\/v2\/tags?post=5733"}],"curies":[{"name":"wp","href":"https:\/\/api.w.org\/{rel}","templated":true}]}}