{"id":5510,"date":"2018-02-28T21:34:40","date_gmt":"2018-02-28T20:34:40","guid":{"rendered":"https:\/\/coty.ccoo.cat\/?p=5510"},"modified":"2022-02-02T18:36:20","modified_gmt":"2022-02-02T17:36:20","slug":"8-de-marzo-de-2018-ccoo-convoca-huelga-laboral-de-2-horas","status":"publish","type":"post","link":"https:\/\/ccoo.app\/coty\/8-de-marzo-de-2018-ccoo-convoca-huelga-laboral-de-2-horas\/","title":{"rendered":"8 de Marzo de 2018: CCOO convoca HUELGA LABORAL de 2 horas"},"content":{"rendered":"<p>NOS PLANTAMOS contra la brecha salarial, contra los salarios de miseria y contra las violencias machistas en el trabajo<\/p>\n<p><img decoding=\"async\" class=\"alignleft\" src=\"https:\/\/www.ccoo.cat\/imatges\/fotos_100_75\/bretxa_salarial_vaga_8m_.jpg\" alt=\"Foto\" \/><\/p>\n<p>CCOO convoca huelga laboral de\u00a0<strong>2 horas<\/strong>\u00a0\u00a0el 8 de Marzo del 2018. Con el lema &#8216;Nos plantamos contra la brecha salarial, contra los salarios de miseria y contra las violencias machistas en el trabajo&#8217;, la convocatoria tiene los siguientes objetivos:<\/p>\n<p>&#8211; Incrementos salariales en todos los convenios. Hay que subir m\u00e1s los salarios m\u00e1s bajos.<br \/>\n&#8211; Planes de igualdad en todas las empresas para evitar la brecha salarial y todas las discriminaciones.<br \/>\n&#8211; Trabajo estable contra el uso fraudulento de la contrataci\u00f3n a tiempo parcial, la temporalidad injustificada y las horas extras no pagadas. Plan de intervenci\u00f3n de la Inspecci\u00f3n de Trabajo.<br \/>\n&#8211; Ratificaci\u00f3n, por parte del Gobierno, del Convenio 189 de la OIT, que regula los derechos y las condiciones laborales de las trabajadoras del hogar.<br \/>\n&#8211; Una Ley de igualdad salarial.<br \/>\n&#8211; Aumento del poder adquisitivo de las pensiones.<br \/>\n&#8211; Presupuestos para pol\u00edticas de bienestar: dependencia, salud, educaci\u00f3n, crianza &#8230;<br \/>\n&#8211; Protocolos contra el acoso y la violencia de g\u00e9nero en el trabajo.<\/p>\n<blockquote><p><strong><span style=\"font-size: 18pt;color: #800080\">Vives y libres!<\/span><\/strong><br \/>\n<strong><span style=\"font-size: 18pt;color: #800080\">Un\u00e1monos para la igualdad!<\/span><\/strong><\/p><\/blockquote>\n<h3>Participa en las movilizaciones!<\/h3>\n<p><strong>Convocamos huelga laboral de 2 h el 8 de Marzo<\/strong>\u00a0.<br \/>\n<strong>Apoyamos la huelga de consumo, a la huelga de cuidados ya la huelga de estudiantes.<br \/>\nConcentraciones al mediod\u00eda ante los ayuntamientos.<br \/>\nManifestaciones descentralizadas por la tarde.<\/strong><\/p>\n<p>&nbsp;<\/p>\n<p>Haga clic para descargar:<\/p>\n<p><strong>documentos<\/strong><br \/>\n&#8211; el\u00a0<a href=\"https:\/\/www.ccoo.cat\/pdf_documents\/2018\/manifest_vaga_laboral_8_marc.pdf\" target=\"_blank\" rel=\"noopener noreferrer\">manifiesto de convocatoria de la huelga laboral del 8 de Marzo<\/a><br \/>\n&#8211; el\u00a0<a href=\"https:\/\/www.ccoo.cat\/pdf_documents\/2018\/cartell_vaga_8m.pdf\" target=\"_blank\" rel=\"noopener noreferrer\">cartel de la huelga laboral del 8 de Marzo<\/a><br \/>\n&#8211; el\u00a0<a href=\"https:\/\/www.ccoo.cat\/pdf_documents\/2018\/cartell_jo_faig_vaga_8m.pdf\" target=\"_blank\" rel=\"noopener noreferrer\">cartel &#8216;Yo hago huelga el 8 de Marzo&#8217; para imprimir<\/a><br \/>\n&#8211; el\u00a0<a href=\"https:\/\/www.ccoo.cat\/pdf_documents\/2018\/cartell_blanc_convocatories_vaga_8m.pdf\" target=\"_blank\" rel=\"noopener noreferrer\">cartel en blanco para personalizar las convocatorias de asamblea u otros actos<\/a><br \/>\n&#8211; la\u00a0\u00a0<a href=\"https:\/\/www.ccoo.cat\/pdf_documents\/MOCIO%20VAGA%208%20DE%20MARC%202018%20ugt%20ccoo_060218%20definitiu.pdf\" target=\"_blank\" rel=\"noopener noreferrer\">moci\u00f3n que presentar\u00e1n CCOO y UGT los ayuntamientos de Catalu\u00f1a<\/a><br \/>\n&#8211; el\u00a0<a href=\"https:\/\/www.ccoo.cat\/noticia\/214510\/informe-sobre-bretxa-salarial-febrer-2018#.WoK0Gajia70\">informe de CCOO sobre brecha salarial (febrero de 2018)<\/a><br \/>\n&#8211; el\u00a0<a href=\"https:\/\/www.ccoo.cat\/pdf_documents\/2018\/manifest_UNITARI_Vaga8marc2018.pdf\" target=\"_blank\" rel=\"noopener noreferrer\">manifiesto de CCOO y UGT de la huelga laboral del 8 de Marzo<\/a><br \/>\n&#8211; la\u00a0<a href=\"https:\/\/www.ccoo.cat\/pdf_documents\/2018\/20180219_declaracioComitedeDonesCCOOCatalunya.pdf\" target=\"_blank\" rel=\"noopener noreferrer\">declaraci\u00f3n del Comit\u00e9 de Mujeres de CCOO ante la huelga del 8 de Marzo<\/a><br \/>\n&#8211; los\u00a0<a href=\"https:\/\/www.ccoo.cat\/pdf_documents\/2018\/horaris_vaga_8m.pdf\" target=\"_blank\" rel=\"noopener noreferrer\">horarios definitivos de la convocatoria de huelga del 8 de Marzo<\/a><\/p>\n<p><strong>Noticias y art\u00edculos<\/strong><br \/>\n&#8211; la\u00a0<a href=\"https:\/\/www.ccoo.cat\/noticia\/214662\/registre-de-la-vaga-laboral-del-8-de-marc\" target=\"_blank\" rel=\"noopener noreferrer\">noticia sobre la convocatoria de huelga presentada en el Registro del Departamento de Trabajo, Asuntos Sociales y Familias<\/a><br \/>\n&#8211; el\u00a0<a href=\"https:\/\/www.ccoo.cat\/noticia\/214717\/alba-garcia-per-que-parlem-de-bretxa-salarial\">art\u00edculo de Alba Garcia &#8216;\u00bfPor qu\u00e9 hablamos de brecha salarial?&#8217;, Publicado en el diario &#8216;ARA&#8217; el mi\u00e9rcoles 21 de febrero de 2018<\/a><\/p>\n<p><strong>octavillas:<\/strong><br \/>\n&#8211; la\u00a0<a href=\"https:\/\/www.ccoo.cat\/pdf_documents\/2018\/octaveta_ccoo_vaga_8m.pdf\" target=\"_blank\" rel=\"noopener noreferrer\">octavilla informativa de CCOO sobre la huelga laboral del 8 de Marzo<\/a><br \/>\n&#8211; la\u00a0<a href=\"https:\/\/www.ccoo.cat\/pdf_documents\/2018\/octaveta_conjunta_vaga_8m.pdf\" target=\"_blank\" rel=\"noopener noreferrer\">octavilla informativa conjunta de CCOO y UGT de Catalu\u00f1a sobre la huelga laboral del 8 de Marzo<\/a><br \/>\n&#8211; la\u00a0<a href=\"https:\/\/www.ccoo.cat\/pdf_documents\/2018\/octaveta_catala_vaga_8m.pdf\" target=\"_blank\" rel=\"noopener noreferrer\">octavilla &#8216;Nos plantamos&#8217; en color y en catal\u00e1n<\/a><br \/>\n&#8211; la\u00a0<a href=\"https:\/\/www.ccoo.cat\/pdf_documents\/2018\/octaveta_castella_vaga_8m.pdf\" target=\"_blank\" rel=\"noopener noreferrer\">octavilla &#8216;Nos plantamos&#8217; en color y en castellano<\/a><\/p>\n<p><strong>Modelos de adhesi\u00f3n a la huelga<\/strong><br \/>\n&#8211; el\u00a0<a href=\"https:\/\/www.ccoo.cat\/pdf_documents\/2018\/adhesio_vaga_8m_comites.pdf\" target=\"_blank\" rel=\"noopener noreferrer\">modelo de adhesi\u00f3n a la huelga del 8 de Marzo para Comit\u00e9s de empresa, juntas de personal y delegados de personal<\/a><br \/>\n&#8211; el\u00a0\u00a0<a href=\"https:\/\/www.ccoo.cat\/pdf_documents\/2018\/adhesio_vaga_8m_seccions_ccoo.pdf\" target=\"_blank\" rel=\"noopener noreferrer\">modelo de adhesi\u00f3n a la huelga del 8 de Marzo para secciones sindicales de CCOO de Catalu\u00f1a<\/a><\/p>\n<p><strong>elementos publicitarios<\/strong><br \/>\n&#8211; la\u00a0<a href=\"https:\/\/soundcloud.com\/ccoocatalunya\/el-8-de-marc-jo-faig-vaga-dona\" target=\"_blank\" rel=\"noopener noreferrer\">cu\u00f1a radiof\u00f3nica &#8216;Yo hago huelga&#8217; con voz final de mujer<\/a><br \/>\n&#8211; la\u00a0<a href=\"https:\/\/soundcloud.com\/ccoocatalunya\/el-8-de-marc-jo-faig-vaga-home\" target=\"_blank\" rel=\"noopener noreferrer\">cu\u00f1a radiof\u00f3nica &#8216;Yo hago huelga&#8217; con voz final de hombre<\/a><\/p>\n<p><span style=\"font-size: 18pt;color: #800080\"><strong>Ver v\u00eddeo 8 Marzo :<\/strong>\u00a0<\/span>\u00a0<a href=\"https:\/\/youtu.be\/kJLtcGDxvbg\">https:\/\/youtu.be\/kJLtcGDxvbg\u00a0<\/a><\/p>\n<p><img decoding=\"async\" src=\"http:\/\/www.sanidad.ccoo.es\/comunes\/recursos\/17617\/2380294-Huelga_8_de_marzo_Version2.png\" alt=\"Resultado de imagen de huelga 8 marzo ccoo\" \/><\/p>\n<p>&nbsp;    \t    \t<\/p>\n","protected":false},"excerpt":{"rendered":"<p>NOS PLANTAMOS contra la brecha salarial, contra los salarios de miseria y contra las violencias machistas en el trabajo CCOO convoca huelga laboral de\u00a02 horas\u00a0\u00a0el 8 de Marzo del 2018. &#8230; <a title=\"8 de Marzo de 2018: CCOO convoca HUELGA LABORAL de 2 horas\" class=\"read-more\" href=\"https:\/\/ccoo.app\/coty\/8-de-marzo-de-2018-ccoo-convoca-huelga-laboral-de-2-horas\/\" aria-label=\"Leer m\u00e1s sobre 8 de Marzo de 2018: CCOO convoca HUELGA LABORAL de 2 horas\">Leer m\u00e1s<\/a><\/p>\n","protected":false},"author":6,"featured_media":0,"comment_status":"closed","ping_status":"closed","sticky":false,"template":"","format":"standard","meta":{"footnotes":""},"categories":[30],"tags":[],"class_list":["post-5510","post","type-post","status-publish","format-standard","hentry","category-app-push-coty-granolles","generate-columns","tablet-grid-50","mobile-grid-100","grid-parent","grid-33"],"_links":{"self":[{"href":"https:\/\/ccoo.app\/coty\/wp-json\/wp\/v2\/posts\/5510","targetHints":{"allow":["GET"]}}],"collection":[{"href":"https:\/\/ccoo.app\/coty\/wp-json\/wp\/v2\/posts"}],"about":[{"href":"https:\/\/ccoo.app\/coty\/wp-json\/wp\/v2\/types\/post"}],"author":[{"embeddable":true,"href":"https:\/\/ccoo.app\/coty\/wp-json\/wp\/v2\/users\/6"}],"replies":[{"embeddable":true,"href":"https:\/\/ccoo.app\/coty\/wp-json\/wp\/v2\/comments?post=5510"}],"version-history":[{"count":1,"href":"https:\/\/ccoo.app\/coty\/wp-json\/wp\/v2\/posts\/5510\/revisions"}],"predecessor-version":[{"id":7452,"href":"https:\/\/ccoo.app\/coty\/wp-json\/wp\/v2\/posts\/5510\/revisions\/7452"}],"wp:attachment":[{"href":"https:\/\/ccoo.app\/coty\/wp-json\/wp\/v2\/media?parent=5510"}],"wp:term":[{"taxonomy":"category","embeddable":true,"href":"https:\/\/ccoo.app\/coty\/wp-json\/wp\/v2\/categories?post=5510"},{"taxonomy":"post_tag","embeddable":true,"href":"https:\/\/ccoo.app\/coty\/wp-json\/wp\/v2\/tags?post=5510"}],"curies":[{"name":"wp","href":"https:\/\/api.w.org\/{rel}","templated":true}]}}