{"id":5468,"date":"2018-02-26T18:12:50","date_gmt":"2018-02-26T17:12:50","guid":{"rendered":"https:\/\/coty.ccoo.cat\/?p=5468"},"modified":"2022-02-02T18:36:30","modified_gmt":"2022-02-02T17:36:30","slug":"formacion-fundacion-paco-puerto-ccoo","status":"publish","type":"post","link":"https:\/\/ccoo.app\/coty\/formacion-fundacion-paco-puerto-ccoo\/","title":{"rendered":"Formaci\u00f3n  Fundaci\u00f3n Paco Puerto CCOO"},"content":{"rendered":"<p><strong><img decoding=\"async\" class=\"alignleft\" src=\"https:\/\/abertis.ccoo.cat\/wp-content\/uploads\/sites\/16\/2016\/03\/formaci%C3%B3-paco-puerto.jpg\" alt=\"Resultado de imagen de FUNDACION PACO PUERTO\" \/>\u00a0\u00a0<\/strong><\/p>\n<p>&nbsp;<\/p>\n<p><strong><span style=\"color: #ff0000;font-size: 18pt\">La fundaci\u00f3n Paco Puerto CCOO\u00a0<\/span><\/strong><\/p>\n<p><strong><span style=\"color: #ff0000\">Visite la web\u00a0 :\u00a0<\/span><\/strong> \u00a0 <a href=\"https:\/\/es.fundaciopacopuerto.cat\/\">\u00a0https:\/\/es.fundaciopacopuerto.cat\/<\/a><\/p>\n<p>Cualquier informaci\u00f3n o consulta , puedes preguntar a compa\u00f1eros delegados o al delegado sindical <span style=\"color: #ff0000\">(Luis Miguel Nevado Onivenis) CCOO<\/span> en Coty . <span style=\"color: #ff0000\">Tambien puedes contactar desde la APP de CCOOCOTY.<\/span><\/p>\n<p>&nbsp;<\/p>\n<p>&nbsp;<\/p>\n<div class=\"la-fundacio_p\">\n<p><strong><span style=\"color: #ff0000\"><label class=\"la-fundacio_etq\" for=\"la-fundacio_missio\">MISI\u00d3N<\/label><\/span><\/strong><\/p>\n<p id=\"la-fundacio_missio\">Promover actuaciones que contribuyan a la igualdad de oportunidades de los trabajadores y trabajadoras, en general, mediante la cualificaci\u00f3n profesional, el asesoramiento y la orientaci\u00f3n.<\/p>\n<\/div>\n<div class=\"la-fundacio_p\">\n<p><strong><span style=\"color: #ff0000\"><label class=\"la-fundacio_etq\" for=\"la-fundacio_finalitats\"><a style=\"color: #ff0000\" name=\"finalitats\"><\/a><span style=\"color: #ff0000\">FINES<\/span><\/label><\/span><\/strong><\/p>\n<p>Asesorar y orientar a los trabajadores sobre las posibilidades y alternativas de empleo.<\/p>\n<p>Promover la inserci\u00f3n laboral y cualificaci\u00f3n profesional de los trabajadores a trav\u00e9s de una formaci\u00f3n que se adapte a sus necesidades y a las de las empresas.<\/p>\n<p>Participar en proyectos internacionales que promuevan terceros pa\u00edses en cualquiera de las finalidades anteriores.<\/p>\n<p>Promover la integraci\u00f3n de la formaci\u00f3n en la planificaci\u00f3n estrat\u00e9gica de las empresas, relacion\u00e1ndola con los propios objetivos, para hacer frente a los requerimientos de los mercados.<\/p>\n<p>&nbsp;<\/p>\n<\/div>\n<div class=\"la-fundacio_p\">\n<div id=\"main\">\n<div id=\"primary\">\n<div class=\"margen\">\n<div id=\"fpp4cols\" role=\"main\"><\/div>\n<\/div>\n<\/div>\n<\/div>\n<footer id=\"colophon\" class=\"fpp4cols\" role=\"contentinfo\">\n<div id=\"supplementary\" class=\"three\">\n<div id=\"first\" class=\"widget-area\" role=\"complementary\"><\/div>\n<\/div>\n<\/footer>\n<\/div>\n","protected":false},"excerpt":{"rendered":"<p>\u00a0\u00a0 &nbsp; La fundaci\u00f3n Paco Puerto CCOO\u00a0 Visite la web\u00a0 :\u00a0 \u00a0 \u00a0https:\/\/es.fundaciopacopuerto.cat\/ Cualquier informaci\u00f3n o consulta , puedes preguntar a compa\u00f1eros delegados o al delegado sindical (Luis Miguel Nevado &#8230; <a title=\"Formaci\u00f3n  Fundaci\u00f3n Paco Puerto CCOO\" class=\"read-more\" href=\"https:\/\/ccoo.app\/coty\/formacion-fundacion-paco-puerto-ccoo\/\" aria-label=\"Leer m\u00e1s sobre Formaci\u00f3n  Fundaci\u00f3n Paco Puerto CCOO\">Leer m\u00e1s<\/a><\/p>\n","protected":false},"author":6,"featured_media":5985,"comment_status":"closed","ping_status":"closed","sticky":false,"template":"","format":"standard","meta":{"footnotes":""},"categories":[18,23],"tags":[],"class_list":["post-5468","post","type-post","status-publish","format-standard","has-post-thumbnail","hentry","category-ben-sociales","category-formacion","generate-columns","tablet-grid-50","mobile-grid-100","grid-parent","grid-33"],"_links":{"self":[{"href":"https:\/\/ccoo.app\/coty\/wp-json\/wp\/v2\/posts\/5468","targetHints":{"allow":["GET"]}}],"collection":[{"href":"https:\/\/ccoo.app\/coty\/wp-json\/wp\/v2\/posts"}],"about":[{"href":"https:\/\/ccoo.app\/coty\/wp-json\/wp\/v2\/types\/post"}],"author":[{"embeddable":true,"href":"https:\/\/ccoo.app\/coty\/wp-json\/wp\/v2\/users\/6"}],"replies":[{"embeddable":true,"href":"https:\/\/ccoo.app\/coty\/wp-json\/wp\/v2\/comments?post=5468"}],"version-history":[{"count":1,"href":"https:\/\/ccoo.app\/coty\/wp-json\/wp\/v2\/posts\/5468\/revisions"}],"predecessor-version":[{"id":7462,"href":"https:\/\/ccoo.app\/coty\/wp-json\/wp\/v2\/posts\/5468\/revisions\/7462"}],"wp:featuredmedia":[{"embeddable":true,"href":"https:\/\/ccoo.app\/coty\/wp-json\/"}],"wp:attachment":[{"href":"https:\/\/ccoo.app\/coty\/wp-json\/wp\/v2\/media?parent=5468"}],"wp:term":[{"taxonomy":"category","embeddable":true,"href":"https:\/\/ccoo.app\/coty\/wp-json\/wp\/v2\/categories?post=5468"},{"taxonomy":"post_tag","embeddable":true,"href":"https:\/\/ccoo.app\/coty\/wp-json\/wp\/v2\/tags?post=5468"}],"curies":[{"name":"wp","href":"https:\/\/api.w.org\/{rel}","templated":true}]}}