{"id":5267,"date":"2018-01-08T19:20:24","date_gmt":"2018-01-08T18:20:24","guid":{"rendered":"http:\/\/coty.ccoo.cat\/?p=5267"},"modified":"2022-02-02T18:36:43","modified_gmt":"2022-02-02T17:36:43","slug":"la-cosmetica-coreana-de-suni-soo-abre-su-primera-tienda-en-barcelona-y-proyecta-quince-aperturas-en-espana","status":"publish","type":"post","link":"https:\/\/ccoo.app\/coty\/la-cosmetica-coreana-de-suni-soo-abre-su-primera-tienda-en-barcelona-y-proyecta-quince-aperturas-en-espana\/","title":{"rendered":"La cosm\u00e9tica coreana de Suni Soo abre su primera tienda en Barcelona y proyecta quince aperturas en Espa\u00f1a"},"content":{"rendered":"<p>La compa\u00f1\u00eda, fundada en 2016, ha puesto en marcha un establecimiento en el n\u00famero 104 de la calle Gran de Gr\u00e0cia, y quiere abrir otros cinco en otras ciudades de Catalu\u00f1a.<\/p>\n<p><img decoding=\"async\" class=\"aligncenter\" src=\"https:\/\/www.modaes.es\/thumb\/max\/727x355\/files\/\/000_2016\/suni%20soo\/suni-soo-letrero-tienda-728.jpg\" alt=\"La cosm\u00e9tica coreana de Suni Soo abre su primera tienda en Barcelona y proyecta quince aperturas en Espa\u00f1a\" \/><\/p>\n<p>&nbsp;<\/p>\n<p>Suni Soo lleva su cosm\u00e9tica coreana a Barcelona. La compa\u00f1\u00eda, dedicada a la importaci\u00f3n de art\u00edculos del pa\u00eds asi\u00e1tico, ha puesto en marcha su primera tienda en la capital catalana.\u00a0<strong>Los planes de la empresa pasan por abrir otros cinco establecimientos en Catalu\u00f1a y diez m\u00e1s en toda Espa\u00f1a hasta 2021<\/strong>, as\u00ed como alcanzar una facturaci\u00f3n anual de 450.000 euros.<\/p>\n<p>&nbsp;<\/p>\n<p><strong>El nuevo establecimiento de Suni Soo en Barcelona se encuentra en el n\u00famero 104 de la calle Gran de Gracia<\/strong>. \u201cQuer\u00edamos encontrar un p\u00fablico no demasiado tradicional, dispuesto a probar cosas nuevas, y esas son las caracter\u00edsticas que nos proporciona un barrio como Gracia\u201d, ha dicho Sergio S\u00e1nchez, socio fundador de la empresa. La operaci\u00f3n ha sido asesorada por la consultora inmobiliaria Laborde Marcet.<\/p>\n<p>&nbsp;<\/p>\n<p><strong>El plan de expansi\u00f3n de Suni Soo en Espa\u00f1a para los pr\u00f3ximos tres a\u00f1os combinar\u00e1 la puesta en marcha de tiendas propias y franquiciadas<\/strong>. Madrid y Valencia son regiones clave para su crecimiento. Asimismo, la compa\u00f1\u00eda prepara el lanzamiento de una marca propia de cosm\u00e9tica bajo su mismo nombre.<\/p>\n<p>&nbsp;<\/p>\n<p>Suni Soo ech\u00f3 a andar a mediados de 2016 y se dirige a un p\u00fablico femenino de mediana edad y poder adquisitivo medio-alto. En la actualidad, la empresa cuenta con cinco empleados.    \t    \t<\/p>\n","protected":false},"excerpt":{"rendered":"<p>La compa\u00f1\u00eda, fundada en 2016, ha puesto en marcha un establecimiento en el n\u00famero 104 de la calle Gran de Gr\u00e0cia, y quiere abrir otros cinco en otras ciudades de &#8230; <a title=\"La cosm\u00e9tica coreana de Suni Soo abre su primera tienda en Barcelona y proyecta quince aperturas en Espa\u00f1a\" class=\"read-more\" href=\"https:\/\/ccoo.app\/coty\/la-cosmetica-coreana-de-suni-soo-abre-su-primera-tienda-en-barcelona-y-proyecta-quince-aperturas-en-espana\/\" aria-label=\"Leer m\u00e1s sobre La cosm\u00e9tica coreana de Suni Soo abre su primera tienda en Barcelona y proyecta quince aperturas en Espa\u00f1a\">Leer m\u00e1s<\/a><\/p>\n","protected":false},"author":6,"featured_media":0,"comment_status":"closed","ping_status":"closed","sticky":false,"template":"","format":"standard","meta":{"footnotes":""},"categories":[22,30],"tags":[],"class_list":["post-5267","post","type-post","status-publish","format-standard","hentry","category-eess","category-app-push-coty-granolles","generate-columns","tablet-grid-50","mobile-grid-100","grid-parent","grid-33"],"_links":{"self":[{"href":"https:\/\/ccoo.app\/coty\/wp-json\/wp\/v2\/posts\/5267","targetHints":{"allow":["GET"]}}],"collection":[{"href":"https:\/\/ccoo.app\/coty\/wp-json\/wp\/v2\/posts"}],"about":[{"href":"https:\/\/ccoo.app\/coty\/wp-json\/wp\/v2\/types\/post"}],"author":[{"embeddable":true,"href":"https:\/\/ccoo.app\/coty\/wp-json\/wp\/v2\/users\/6"}],"replies":[{"embeddable":true,"href":"https:\/\/ccoo.app\/coty\/wp-json\/wp\/v2\/comments?post=5267"}],"version-history":[{"count":1,"href":"https:\/\/ccoo.app\/coty\/wp-json\/wp\/v2\/posts\/5267\/revisions"}],"predecessor-version":[{"id":7484,"href":"https:\/\/ccoo.app\/coty\/wp-json\/wp\/v2\/posts\/5267\/revisions\/7484"}],"wp:attachment":[{"href":"https:\/\/ccoo.app\/coty\/wp-json\/wp\/v2\/media?parent=5267"}],"wp:term":[{"taxonomy":"category","embeddable":true,"href":"https:\/\/ccoo.app\/coty\/wp-json\/wp\/v2\/categories?post=5267"},{"taxonomy":"post_tag","embeddable":true,"href":"https:\/\/ccoo.app\/coty\/wp-json\/wp\/v2\/tags?post=5267"}],"curies":[{"name":"wp","href":"https:\/\/api.w.org\/{rel}","templated":true}]}}