{"id":5035,"date":"2017-10-30T20:06:50","date_gmt":"2017-10-30T19:06:50","guid":{"rendered":"http:\/\/coty.ccoo.cat\/?p=5035"},"modified":"2022-02-02T18:36:49","modified_gmt":"2022-02-02T17:36:49","slug":"vivimos-una-noche-magica-en-el-alternative-hair-show-2017-de-londres","status":"publish","type":"post","link":"https:\/\/ccoo.app\/coty\/vivimos-una-noche-magica-en-el-alternative-hair-show-2017-de-londres\/","title":{"rendered":"Vivimos una noche m\u00e1gica en el Alternative Hair show 2017 de Londres"},"content":{"rendered":"<p><img decoding=\"async\" class=\"aligncenter\" src=\"http:\/\/www.esteticamagazine.es\/media\/k2\/items\/cache\/e02e6d829c18a27d0a348f41beb8627b_L.jpg?r=27\" alt=\"Vivimos una noche m\u00e1gica en el Alternative Hair show 2017 de Londres\" \/><\/p>\n<div class=\"itemIntroText\">\n<p>Vestidos de gala, expectaci\u00f3n y un t\u00edtulo de lo m\u00e1s sugerente:\u00a0<strong>UTOPIA<\/strong>. El pasado domingo estuvimos en el prestigioso\u00a0<strong>Royal Albert Hall<\/strong>\u00a0de Londres,\u00a0<strong>celebrando el arte y la dedicaci\u00f3n de los peluqueros de todo el mundo<\/strong>\u00a0y colaborando en la mejor de las causas.<\/p>\n<p>&nbsp;<\/p>\n<\/div>\n<div class=\"itemFullText\">\n<p><strong>Alternative Hair<\/strong>\u00a0tiene como objetivo recaudar fondos para la asociaci\u00f3n\u00a0<strong>Fighting Leukaemia,\u00a0<\/strong>que ayuda a los enfermos de c\u00e1ncer infantil y a sus familias.<strong>\u00a0<\/strong>Por ello, el evento comenz\u00f3 con un emotivo v\u00eddeo de la\u00a0<strong>Children&#8217;s Party<\/strong>\u00a0de este a\u00f1o, tras el que se pidi\u00f3 a los asistentes que colaboraran con la causa, tambi\u00e9n a trav\u00e9s de la donaci\u00f3n de c\u00e9lulas madre en\u00a0www.dkms.org.<\/p>\n<p>El sponsor principal del evento,\u00a0<strong>Wella Professionals<\/strong>, que recibi\u00f3 el agradecimiento de la organizaci\u00f3n por el apoyo ofrecido desde los inicios del\u00a0<strong>Alternative Hair,\u00a0<\/strong>invit\u00f3 a los 10 ganadores de los\u00a0<strong>International Trend Vision Awards<\/strong>\u00a0al escenario.<\/p>\n<p>&nbsp;<\/p>\n<p>Le sigui\u00f3 la competici\u00f3n\u00a0<strong>International Visionary Award<\/strong>, esponsorizada por\u00a0<strong>TIGI<\/strong>\u00a0y presentada por\u00a0<strong>Anthony Mascolo<\/strong>, presidente internacional del Alternative Hair, junto a\u00a0<strong>Tony Rizzo<\/strong>, fundador y presidente. Cada uno de los finalistas en las tres categor\u00edas \u2013Cut &amp; Colour, Men&#8217;s y Avant-Garde\u2013 presentaron un\/a modelo en un impresionante show lleno de color. El espa\u00f1ol\u00a0<strong>Jos\u00e9 Garc\u00eda Ben\u00edtez<\/strong>\u00a0se convirti\u00f3 en el\u00a0<strong>ganador del premio de vanguardia<\/strong>, aunque tambi\u00e9n hubo otros finalistas espa\u00f1oles:\u00a0<strong>Carlos valiente\u00a0<\/strong>(vanguardia)<strong>, Gorka Nevado, Jordi P\u00e9rez<\/strong>\u00a0y\u00a0<strong>Jos\u00e9 Garc\u00eda\u00a0<\/strong>(Men&#8217;s).<\/p>\n<p>&nbsp;<\/p>\n<p>Durante el resto del show fueron desfilando por la pasarela los veinte\u00a0<strong>Equipos Art\u00edsticos de todo el mundo<\/strong>, que entusiasmaron al p\u00fablico con sus incre\u00edbles presentaciones.<\/p>\n<p>La segunda parte del show comenz\u00f3 con la entrega de\u00a0<strong>Premios AIPP International Awards<\/strong>.\u00a0<strong>Roberto Pissimiglia<\/strong>, presidente de los AIPP y director de Estetica Network, anunci\u00f3 al propietario del Premio\u00a0<strong>Alternative Hair &amp; AIPP Legends,<\/strong>\u00a0que este a\u00f1o fue para<strong>\u00a0Patrick Cameron,\u00a0<\/strong>conocido en todo el mundo por sus habilidades con el cabello largo.<strong>\u00a0<\/strong>El encargado de entreg\u00e1rselo fue<strong>\u00a0Robert Lobetta.\u00a0<\/strong><\/p>\n<p>&nbsp;<\/p>\n<p>El propio Patrick present\u00f3 a los ganadores de los\u00a0<strong>Premios AIPP 2017-2018<\/strong>:\u00a0<strong>Sanrizz\u00a0<\/strong>(Reino Unido),<strong>\u00a0Mark Leeson\u00a0<\/strong>(Reino Unido),<strong>\u00a0Candice McKay\u00a0<\/strong>(Sud\u00e1frica),<strong>\u00a0Jason Hall<\/strong>\u00a0(Reino Unido) y la espa\u00f1ola\u00a0<strong>Amparo Carratal\u00e1.\u00a0<\/strong>Los cinco ganadores deben competir ahora por lograr el\u00a0<strong>AIPP Grand Trophy 2017-2018<\/strong>, enviando sus colecciones Oto\u00f1o-Invierno. El resultado se conocer\u00e1 la primavera del 2018.<\/p>\n<p>&nbsp;<\/p>\n<p>El broche de oro del\u00a0<strong>Alternative Hair<\/strong>\u00a0lo puso el desfile de equipos sobre el escenario, y el peque\u00f1o\u00a0<strong>Blue Tobin<\/strong>\u00a0(que super\u00f3 su enfermedad gracias a la ayuda de la fundaci\u00f3n\u00a0Fighting Leukaemia) con\u00a0el cheque\u00a0<strong>\u00a3280,626.00 recaudado durante la noche.<\/strong><\/p>\n<p>&nbsp;<\/p>\n<p><span style=\"color: #ff00ff\"><strong><span class=\"summary\">INTERNATIONAL VISIONARY AWARDS FINALISTAS<\/span><\/strong><\/span><\/p>\n<p>Cut &amp; Colour \u2013\u00a0<strong>Ryu Kyogoku<\/strong><br \/>\nMens\u2019 \u2013\u00a0<strong>Jonas Wixner<\/strong><br \/>\nAvant-Garde \u2013\u00a0<strong>Chrystofer Benson<\/strong><\/p>\n<p><span style=\"color: #ff00ff\"><strong><span class=\"summary\">INTERNATIONAL VISIONARY AWARDS GANADORES<\/span><\/strong><\/span><\/p>\n<p>Cut &amp; Colour \u2013\u00a0<strong>Lucian Busuioc<\/strong><br \/>\nMens\u2019 \u2013\u00a0<strong>Chris O\u2019Riordan<\/strong><br \/>\nAvant-Garde \u2013\u00a0<strong>Jos\u00e9 Garc\u00eda Ben\u00edtez<\/strong><\/p>\n<p>PREMIOS AIPP GANADORES<\/p>\n<p>Comercial \u2013\u00a0<strong>Sanrizz<\/strong>, colecci\u00f3n\u00a0<em>Drift<\/em><br \/>\nVanguardia \u2013\u00a0<strong>Amparo Carratal\u00e1<\/strong>, colecci\u00f3n\u00a0<em>Fabrics<\/em><br \/>\nMejor Foto \u2013\u00a0<strong>Mark Leeson<\/strong>, colecci\u00f3n\u00a0<em>Portrait<\/em><br \/>\nHombre \u2013\u00a0<strong>Jason Hall<\/strong>, colecci\u00f3n\u00a0<em>Strange Times<\/em><br \/>\nMejor V\u00eddeo \u2013\u00a0<strong>Candice McKay @ Wyatt Hairdressing<\/strong>, colecci\u00f3n\u00a0<em>POW<\/em><\/p>\n<p><span style=\"color: #ff00ff\"><strong>EQUIPOS ART\u00cdSTICOS 2017<\/strong><\/span><\/p>\n<p>Sebastian Creative Team (Reino Unido)<br \/>\nHugh Campbell (Irlanda)<br \/>\nCyrill Brune (Francia)<br \/>\nPetra Mechurova (Rep\u00fablica Checa)<br \/>\nSaco (Reino Unido)<br \/>\nBundy Bundy (Austria)<br \/>\nSanrizz (Reino Unido)<br \/>\nCharlie Price (USA)<br \/>\nAnne Veck (Reino Unido)<br \/>\nGogen (Italia)<br \/>\nTigi Creative Team (Reino Unido)<br \/>\nSassoon (Reino Unido)<br \/>\nKohsuke visual network (Jap\u00f3n)<br \/>\nFehringer (Austria)<br \/>\nHOB (Reino Unido)<br \/>\nRobert Cromeans (USA)<br \/>\nKlaus Peter Ochs (Austria)<br \/>\nAlan Edwards (Reino Unido)<br \/>\nDimitry Vinokurov (Rusia)<br \/>\nCarlo Bay (Italia)<\/p>\n<p><strong><span class=\"title1\">SORTEO ESTETICA MODACABELLO<\/span><span class=\"title1\">:<\/span>\u00a0M\u00aa Dolores Gonz\u00e1lez Aranda\u00a0y\u00a0Carlos Javier Galv\u00e1n Rosales (Salones Lola Aranda)\u00a0fueron los ganadores del sorteo que Estetica Modacabello realiz\u00f3 durante el evento<span style=\"color: #ff00ff\"><span style=\"color: #ff00ff\">\u00a0Beauty Vision\u00a0de\u00a0Coty Professional Beauty,<\/span><\/span> disfrutaron de una estancia de una noche en Londres, adem\u00e1s de asistir al Alternative Hair Show en el Royal Albert Hall.<\/strong><\/p>\n<\/div>\n","protected":false},"excerpt":{"rendered":"<p>Vestidos de gala, expectaci\u00f3n y un t\u00edtulo de lo m\u00e1s sugerente:\u00a0UTOPIA. El pasado domingo estuvimos en el prestigioso\u00a0Royal Albert Hall\u00a0de Londres,\u00a0celebrando el arte y la dedicaci\u00f3n de los peluqueros de &#8230; <a title=\"Vivimos una noche m\u00e1gica en el Alternative Hair show 2017 de Londres\" class=\"read-more\" href=\"https:\/\/ccoo.app\/coty\/vivimos-una-noche-magica-en-el-alternative-hair-show-2017-de-londres\/\" aria-label=\"Leer m\u00e1s sobre Vivimos una noche m\u00e1gica en el Alternative Hair show 2017 de Londres\">Leer m\u00e1s<\/a><\/p>\n","protected":false},"author":6,"featured_media":0,"comment_status":"closed","ping_status":"closed","sticky":false,"template":"","format":"standard","meta":{"footnotes":""},"categories":[22,30],"tags":[],"class_list":["post-5035","post","type-post","status-publish","format-standard","hentry","category-eess","category-app-push-coty-granolles","generate-columns","tablet-grid-50","mobile-grid-100","grid-parent","grid-33"],"_links":{"self":[{"href":"https:\/\/ccoo.app\/coty\/wp-json\/wp\/v2\/posts\/5035","targetHints":{"allow":["GET"]}}],"collection":[{"href":"https:\/\/ccoo.app\/coty\/wp-json\/wp\/v2\/posts"}],"about":[{"href":"https:\/\/ccoo.app\/coty\/wp-json\/wp\/v2\/types\/post"}],"author":[{"embeddable":true,"href":"https:\/\/ccoo.app\/coty\/wp-json\/wp\/v2\/users\/6"}],"replies":[{"embeddable":true,"href":"https:\/\/ccoo.app\/coty\/wp-json\/wp\/v2\/comments?post=5035"}],"version-history":[{"count":1,"href":"https:\/\/ccoo.app\/coty\/wp-json\/wp\/v2\/posts\/5035\/revisions"}],"predecessor-version":[{"id":7495,"href":"https:\/\/ccoo.app\/coty\/wp-json\/wp\/v2\/posts\/5035\/revisions\/7495"}],"wp:attachment":[{"href":"https:\/\/ccoo.app\/coty\/wp-json\/wp\/v2\/media?parent=5035"}],"wp:term":[{"taxonomy":"category","embeddable":true,"href":"https:\/\/ccoo.app\/coty\/wp-json\/wp\/v2\/categories?post=5035"},{"taxonomy":"post_tag","embeddable":true,"href":"https:\/\/ccoo.app\/coty\/wp-json\/wp\/v2\/tags?post=5035"}],"curies":[{"name":"wp","href":"https:\/\/api.w.org\/{rel}","templated":true}]}}