{"id":4888,"date":"2017-07-27T15:59:22","date_gmt":"2017-07-27T14:59:22","guid":{"rendered":"http:\/\/coty.ccoo.cat\/?p=4888"},"modified":"2022-02-02T18:37:04","modified_gmt":"2022-02-02T17:37:04","slug":"preacuerdo-en-el-convenio-de-perfumeria-se-mantiene-la-jornada-y-nadie-empeora-su-poder-adquisitivo","status":"publish","type":"post","link":"https:\/\/ccoo.app\/coty\/preacuerdo-en-el-convenio-de-perfumeria-se-mantiene-la-jornada-y-nadie-empeora-su-poder-adquisitivo\/","title":{"rendered":"Preacuerdo en el convenio de perfumer\u00eda: Se mantiene la jornada y nadie empeora su poder adquisitivo"},"content":{"rendered":"<div class=\"subtitulos\">\n<blockquote><p>CCOO de Industria recuerda que la negociaci\u00f3n no fue f\u00e1cil y que se vivieron momentos cr\u00edticos<\/p><\/blockquote>\n<\/div>\n<p id=\"pEntradilla\" class=\"entradilla\">El Convenio Colectivo de Perfumer\u00eda y Afines 2017-2018 mantiene la jornada anual e incluye una cl\u00e1usula de actualizaci\u00f3n salarial. Dos cuestiones que eran prioritarias para las trabajadoras y trabajadores del sector. El preacuerdo que el 25 de julio alcanzaron CCOO de Industria, UGT FICA y STANPA recoge un incremento salarial del 1,6 y del 1,8% y garantiza que no empeora el poder adquisitivo de las plantillas.<\/p>\n<div class=\"fecha\"><a title=\"Ampliar imagen\" href=\"http:\/\/www.industria.ccoo.es\/c9c6273ccc9bbfa933835866b58324c0000060.jpg\" target=\"_blank\" rel=\"noopener noreferrer\"><img decoding=\"async\" id=\"imagen_242711\" class=\"aligncenter\" src=\"http:\/\/www.industria.ccoo.es\/c9c6273ccc9bbfa933835866b58324c0000060.jpg\" alt=\"Reparto de informaci\u00f3n a las demostradoras de El Corte Ingl\u00e9s en mayo\" \/><\/a><\/p>\n<div class=\"pie\">\n<p id=\"pie_242711\" style=\"text-align: center\">Reparto de informaci\u00f3n a las demostradoras de El Corte Ingl\u00e9s en mayo<\/p>\n<\/div>\n<\/div>\n<div class=\"principal\">\n<div id=\"divCuerpo\" class=\"cuerpo\">\n<p>Las negociadoras y los negociadores de CCOO de Industria han conseguido que el futuro convenio de perfumer\u00eda mantenga intactos los derechos que se hab\u00edan conseguido arrancar a la patronal durante a\u00f1os. Asegura el contrato de relevo, una herramienta fundamental para favorecer el rejuvenecimiento de las plantillas.<\/p>\n<p>El nuevo convenio tendr\u00e1 una vigencia de dos a\u00f1os. Recoge un incremento salarial del 1,6% para 2017 y del 1,8% para 2018, con cl\u00e1usula de actualizaci\u00f3n. La jornada laboral se mantiene en las 1.720 horas.<\/p>\n<p>CCOO de Industria recuerda que la negociaci\u00f3n no ha sido f\u00e1cil y que nadie regala nada. Durante los \u00faltimos siete meses se vivieron momentos cr\u00edticos que estuvieron cerca de provocar la ruptura, por eso la mesa negociadora agradece el apoyo que ha recibido de los trabajadores y trabajadoras del sector.<\/p>\n<p>En septiembre se realizar\u00e1n asambleas informativas para trasladar el contenido de lo acordado a los centros de trabajo. Con el visto bueno de las plantillas se proceder\u00e1 a firmar el convenio colectivo.<\/p>\n<\/div>\n<\/div>\n","protected":false},"excerpt":{"rendered":"<p>CCOO de Industria recuerda que la negociaci\u00f3n no fue f\u00e1cil y que se vivieron momentos cr\u00edticos El Convenio Colectivo de Perfumer\u00eda y Afines 2017-2018 mantiene la jornada anual e incluye &#8230; <a title=\"Preacuerdo en el convenio de perfumer\u00eda: Se mantiene la jornada y nadie empeora su poder adquisitivo\" class=\"read-more\" href=\"https:\/\/ccoo.app\/coty\/preacuerdo-en-el-convenio-de-perfumeria-se-mantiene-la-jornada-y-nadie-empeora-su-poder-adquisitivo\/\" aria-label=\"Leer m\u00e1s sobre Preacuerdo en el convenio de perfumer\u00eda: Se mantiene la jornada y nadie empeora su poder adquisitivo\">Leer m\u00e1s<\/a><\/p>\n","protected":false},"author":6,"featured_media":0,"comment_status":"closed","ping_status":"closed","sticky":false,"template":"","format":"standard","meta":{"footnotes":""},"categories":[30],"tags":[],"class_list":["post-4888","post","type-post","status-publish","format-standard","hentry","category-app-push-coty-granolles","generate-columns","tablet-grid-50","mobile-grid-100","grid-parent","grid-33"],"_links":{"self":[{"href":"https:\/\/ccoo.app\/coty\/wp-json\/wp\/v2\/posts\/4888","targetHints":{"allow":["GET"]}}],"collection":[{"href":"https:\/\/ccoo.app\/coty\/wp-json\/wp\/v2\/posts"}],"about":[{"href":"https:\/\/ccoo.app\/coty\/wp-json\/wp\/v2\/types\/post"}],"author":[{"embeddable":true,"href":"https:\/\/ccoo.app\/coty\/wp-json\/wp\/v2\/users\/6"}],"replies":[{"embeddable":true,"href":"https:\/\/ccoo.app\/coty\/wp-json\/wp\/v2\/comments?post=4888"}],"version-history":[{"count":1,"href":"https:\/\/ccoo.app\/coty\/wp-json\/wp\/v2\/posts\/4888\/revisions"}],"predecessor-version":[{"id":7517,"href":"https:\/\/ccoo.app\/coty\/wp-json\/wp\/v2\/posts\/4888\/revisions\/7517"}],"wp:attachment":[{"href":"https:\/\/ccoo.app\/coty\/wp-json\/wp\/v2\/media?parent=4888"}],"wp:term":[{"taxonomy":"category","embeddable":true,"href":"https:\/\/ccoo.app\/coty\/wp-json\/wp\/v2\/categories?post=4888"},{"taxonomy":"post_tag","embeddable":true,"href":"https:\/\/ccoo.app\/coty\/wp-json\/wp\/v2\/tags?post=4888"}],"curies":[{"name":"wp","href":"https:\/\/api.w.org\/{rel}","templated":true}]}}