{"id":4856,"date":"2022-02-02T16:59:55","date_gmt":"2022-02-02T15:59:55","guid":{"rendered":"http:\/\/coty.ccoo.cat\/?p=4856"},"modified":"2022-02-02T18:33:59","modified_gmt":"2022-02-02T17:33:59","slug":"la-patronal-de-perfumeria-plantea-un-aumento-de-jornada-anual-de-8-horas-a-cambio-de-valorar-un-incremento-salarial-superior-a-12-2","status":"publish","type":"post","link":"https:\/\/ccoo.app\/coty\/la-patronal-de-perfumeria-plantea-un-aumento-de-jornada-anual-de-8-horas-a-cambio-de-valorar-un-incremento-salarial-superior-a-12-2\/","title":{"rendered":"LA PATRONAL DE PERFUMERIA PLANTEA UN AUMENTO DE JORNADA ANUAL DE 8 HORAS A CAMBIO DE VALORAR UN INCREMENTO SALARIAL SUPERIOR A 1,2 %"},"content":{"rendered":"<p>Cuando el consumo de productos de perfumer\u00eda creci\u00f3 en el a\u00f1o 2016 un 3,25% \u00a0 \u00a0 \u00a0 \u00a0 \u00a0 \u00a0 \u00a0 \u00a0 \u00a0 \u00a0 \u00a0 \u00a0 \u00a0 \u00a0 \u00a0 \u00a0 \u00a0 \u00a0 \u00a0 \u00a0 \u00a0 \u00a0 \u00a0 \u00a0 \u00a0 \u00a0 \u00a0 \u00a0 \u00a0 \u00a0 \u00a0 \u00a0<img decoding=\"async\" class=\"aligncenter\" src=\"http:\/\/www.abogadosbabicalzado.es\/wp-content\/uploads\/2011\/07\/negociacion-colectiva.jpg\" \/><\/p>\n<ul>\n<li>\u00a0El d\u00eda 21 de marzo, dentro del calendario de negociaciones, se reuni\u00f3 la Mesa Negociadora del Convenio de Perfumer\u00eda y Afines. \u00a0 \u00a0 \u00a0 \u00a0 \u00a0 \u00a0 \u00a0 \u00a0 \u00a0 \u00a0 \u00a0 \u00a0 \u00a0 \u00a0 \u00a0 \u00a0 En la misma, la parte social contestamos a los tres grandes bloques de negociaci\u00f3n que por parte de STANPA nos entregaron en la anterior reuni\u00f3n celebrada el pasado 21 de febrero. \u00a0 \u00a0 \u00a0 \u00a0 \u00a0 \u00a0 \u00a0 \u00a0 \u00a0 \u00a0 \u00a0 \u00a0 \u00a0 \u00a0 \u00a0 \u00a0 \u00a0 \u00a0 \u00a0 \u00a0 \u00a0 \u00a0 \u00a0 \u00a0 \u00a0 \u00a0 \u00a0 \u00a0&#8211;\u00a0<strong>En el apartado t\u00e9cnico o de revisi\u00f3n de redactados,<\/strong>\u00a0les dimos una contestaci\u00f3n puntual a cada uno de los puntos que nos hab\u00edan presentado, existiendo coincidencia en algunos de ellos y rechazo frontal en otros como el endurecimiento del acceso a la jubilaci\u00f3n parcial y contrato de relevo, quitar el plus de penosidad, la elecci\u00f3n de los delegados de prevenci\u00f3n, y la modificaci\u00f3n del r\u00e9gimen disciplinario. As\u00ed mismo, se les pidi\u00f3 una nueva propuesta en aquellos que pod\u00edamos compartir pero no con la redacci\u00f3n que nos propon\u00edan. \u00a0 \u00a0 \u00a0 \u00a0 \u00a0 \u00a0 \u00a0 \u00a0 \u00a0 \u00a0 \u00a0 \u00a0 \u00a0 \u00a0 \u00a0 \u00a0 &#8211;\u00a0<strong>En el apartado de la constituci\u00f3n de 2 mesas,<\/strong><strong>\u00a0<\/strong>para tratar el tema del absentismo y la aplicaci\u00f3n del incremento sobre Masa Salarial Bruta, se les acept\u00f3 dicha creaci\u00f3n que se conformar\u00eda tras la firma de este Convenio Colectivo. \u00a0 \u00a0 \u00a0 \u00a0 \u00a0 \u00a0 \u00a0 \u00a0 \u00a0 \u00a0 \u00a0 \u00a0 \u00a0 \u00a0 \u00a0 \u00a0 \u00a0 \u00a0 \u00a0 \u00a0 \u00a0 \u00a0 \u00a0 \u00a0 \u00a0 \u00a0 \u00a0 \u00a0 \u00a0 \u00a0 \u00a0 \u00a0 \u00a0 \u00a0 \u00a0 \u00a0 \u00a0 \u00a0 \u00a0 \u00a0 \u00a0 \u00a0 \u00a0 \u00a0 \u00a0 \u00a0 \u00a0 \u00a0 \u00a0 \u00a0&#8211;\u00a0<strong>En el apartado de negociaci\u00f3n se les plante\u00f3 las siguientes propuestas: \u00a0 \u00a0 \u00a0 \u00a0 \u00a0 \u00a0 \u00a0 \u00a0 \u00a0 \u00a0 \u00a0 \u00a0 \u00a0 \u00a0 \u00a0 \u00a0 \u00a0 \u00a0 \u00a0 \u00a0 \u00a0 \u00a0 \u00a0 \u00a0 \u00a0 \u00a0 \u00a0 \u00a0 \u00a0 \u00a0 \u00a0 \u00a0 \u00a0 \u00a0 \u00a0 \u00a0 \u00a0 \u00a0 \u00a0 \u00a0 \u00a0 \u00a0 \u00a0 \u00a0 \u00a0 \u00a0 \u00a0 \u00a0 \u00a0 \u00a0 a)<\/strong>\u00a0No rotundo al incremento de jornada anual. \u00a0 \u00a0 \u00a0 \u00a0 \u00a0 \u00a0 \u00a0 \u00a0 \u00a0 \u00a0 \u00a0 \u00a0 \u00a0 \u00a0 \u00a0 \u00a0 \u00a0 \u00a0 \u00a0 \u00a0 \u00a0 \u00a0 <strong>b)<\/strong>\u00a0No al aumento de la bolsa de 100 a 160 horas. \u00a0 \u00a0 \u00a0 \u00a0 \u00a0 \u00a0 \u00a0 \u00a0 \u00a0 \u00a0 \u00a0 \u00a0 \u00a0 \u00a0 \u00a0 \u00a0 \u00a0 \u00a0 \u00a0 \u00a0 \u00a0 \u00a0 <strong>c)<\/strong>\u00a0Mantenimiento de la actual cl\u00e1usula de actualizaci\u00f3n salarial. \u00a0 \u00a0 \u00a0 \u00a0 \u00a0 \u00a0 \u00a0 \u00a0 \u00a0 <strong>d)<\/strong>\u00a0Posible vigencia de 2 a\u00f1os. \u00a0 \u00a0 \u00a0 \u00a0 \u00a0 \u00a0 \u00a0 \u00a0 \u00a0 \u00a0 \u00a0 \u00a0 \u00a0 \u00a0 \u00a0 \u00a0 \u00a0 \u00a0 \u00a0 \u00a0 \u00a0 \u00a0 \u00a0 \u00a0 \u00a0 \u00a0 \u00a0 \u00a0 \u00a0 \u00a0 \u00a0 \u00a0 \u00a0 \u00a0 \u00a0 \u00a0 \u00a0 \u00a0 \u00a0 <strong>e)<\/strong>\u00a0Incrementos: a\u00f1o 2017 no menos del 1\u20198% y el segundo a\u00f1o hablar de un incremento ligeramente superior. \u00a0 \u00a0 \u00a0 \u00a0 \u00a0 \u00a0 \u00a0 \u00a0 \u00a0 \u00a0 \u00a0 \u00a0 \u00a0 \u00a0 \u00a0 \u00a0 \u00a0 \u00a0 \u00a0 \u00a0 \u00a0 \u00a0 \u00a0 \u00a0 \u00a0 \u00a0 \u00a0 \u00a0 \u00a0 \u00a0 \u00a0 \u00a0 \u00a0 \u00a0 \u00a0<strong>f)<\/strong>\u00a0En cuanto a la flexibilidad y la utilizaci\u00f3n de los s\u00e1bados, podr\u00eda haber un esfuerzo en dar dos s\u00e1bados m\u00e1s a concretar si estos ser\u00edan para poder \u00a0utilizarlos en la flexibilidad inversa, dentro de las 100 horas que ya tenemos reguladas<\/li>\n<\/ul>\n<p><strong>Tras diferentes debates de la Mesa Negociadora, STANPA nos \u00a0 \u00a0 \u00a0 \u00a0 \u00a0 \u00a0 \u00a0 traslada que: \u00a0 \u00a0 \u00a0 \u00a0 \u00a0 \u00a0 \u00a0 \u00a0 \u00a0 \u00a0 \u00a0 \u00a0 \u00a0 \u00a0 \u00a0 \u00a0 \u00a0 \u00a0 \u00a0 \u00a0 \u00a0 \u00a0 \u00a0 \u00a0 \u00a0 \u00a0 \u00a0 \u00a0 \u00a0 \u00a0 \u00a0 \u00a0 \u00a0 \u00a0 \u00a0 \u00a0 \u00a0 \u00a0 \u00a0 \u00a0 \u00a0 \u00a0 \u00a0 \u00a0 \u00a0 \u00a0 \u00a0 \u00a0 \u00a0 \u00a0 \u00a0 \u00a0 \u00a0 \u00a0 \u00a0 \u00a0 <\/strong><strong>a)<\/strong>\u00a0Siguen insistiendo en la necesidad de aumento de jornada. \u00a0 \u00a0 \u00a0 \u00a0 \u00a0 \u00a0 \u00a0 \u00a0 \u00a0 \u00a0 \u00a0 \u00a0 \u00a0 \u00a0 \u00a0 \u00a0\u00a0<strong>b)<\/strong>\u00a0En cuanto al incremento del 2017, \u00a0 \u00a0 \u00a0 \u00a0 \u00a0 \u00a0 \u00a0 \u00a0 \u00a0 \u00a0 \u00a0 \u00a0 \u00a0 \u00a0 \u00a0 \u00a0 \u00a0 \u00a0 \u00a0 \u00a0 \u00a0 \u00a0 \u00a0 \u00a0 \u00a0 \u00a0 \u00a0 \u00a0 \u00a0 \u00a0 \u00a0 \u00a0 \u00a0 \u00a0 \u00a0 \u00a0 \u00a0 \u00a0 \u00a0 \u00a0 \u00a0 \u00a0mejorarlo en el segundo a\u00f1o de vigencia pero podr\u00edan valorar el \u00a0 \u00a0 \u00a0 \u00a0 \u00a0 \u00a0 \u00a0 \u00a0 \u00a0 \u00a0 \u00a0 \u00a0 \u00a0 \u00a0 \u00a0incremento al alza si acept\u00e1ramos el incremento de jornada de 8 \u00a0 \u00a0 \u00a0 \u00a0 \u00a0 \u00a0 horas. \u00a0 \u00a0 \u00a0 \u00a0 \u00a0 \u00a0 \u00a0 \u00a0 \u00a0 \u00a0 \u00a0 \u00a0 \u00a0 \u00a0 \u00a0 \u00a0 \u00a0 \u00a0 \u00a0 \u00a0 \u00a0 \u00a0 \u00a0 \u00a0 \u00a0 \u00a0 \u00a0 \u00a0 \u00a0 \u00a0 \u00a0 \u00a0 \u00a0 \u00a0 \u00a0 \u00a0 \u00a0 \u00a0 \u00a0 \u00a0 \u00a0 \u00a0 \u00a0 \u00a0 \u00a0 \u00a0 \u00a0 \u00a0 \u00a0 \u00a0 \u00a0 \u00a0 \u00a0 \u00a0 \u00a0 \u00a0 \u00a0 \u00a0 \u00a0 \u00a0 \u00a0 \u00a0 \u00a0 \u00a0 \u00a0 \u00a0 \u00a0 \u00a0 \u00a0 \u00a0 \u00a0 \u00a0 \u00a0 <strong>c)<\/strong>\u00a0En cuanto al cap\u00edtulo de flexibilidad, ven insuficiente nuestra propuesta. \u00a0 \u00a0 \u00a0 \u00a0\u00a0\u00a0\u00a0\u00a0\u00a0\u00a0\u00a0\u00a0\u00a0\u00a0 \u00a0\u00a0\u00a0\u00a0\u00a0\u00a0\u00a0\u00a0\u00a0\u00a0\u00a0\u00a0\u00a0\u00a0\u00a0\u00a0\u00a0\u00a0\u00a0\u00a0\u00a0\u00a0\u00a0\u00a0\u00a0\u00a0\u00a0\u00a0\u00a0\u00a0\u00a0\u00a0\u00a0\u00a0\u00a0\u00a0\u00a0\u00a0\u00a0\u00a0\u00a0\u00a0\u00a0\u00a0\u00a0\u00a0\u00a0\u00a0\u00a0\u00a0\u00a0\u00a0\u00a0\u00a0\u00a0\u00a0\u00a0\u00a0\u00a0\u00a0\u00a0\u00a0\u00a0\u00a0\u00a0\u00a0\u00a0\u00a0\u00a0\u00a0\u00a0\u00a0\u00a0\u00a0\u00a0\u00a0\u00a0\u00a0\u00a0\u00a0\u00a0\u00a0\u00a0\u00a0\u00a0\u00a0\u00a0\u00a0\u00a0\u00a0\u00a0\u00a0\u00a0\u00a0\u00a0\u00a0\u00a0\u00a0\u00a0\u00a0\u00a0\u00a0\u00a0\u00a0\u00a0\u00a0\u00a0\u00a0\u00a0\u00a0\u00a0\u00a0<strong>d)<\/strong>\u00a0Y en cuanto a los redactados t\u00e9cnicos, nos har\u00e1n llegar nuevos redactados de aquellos temas que podemos compartir pero no en su totalidad. \u00a0 \u00a0 \u00a0 \u00a0 \u00a0 \u00a0 \u00a0 \u00a0 \u00a0 \u00a0 \u00a0 \u00a0 \u00a0 \u00a0 \u00a0 \u00a0 \u00a0 \u00a0 \u00a0 \u00a0 \u00a0 \u00a0 \u00a0 \u00a0 \u00a0 \u00a0 \u00a0 \u00a0 \u00a0 \u00a0 \u00a0 \u00a0 \u00a0 \u00a0 \u00a0 \u00a0 \u00a0 \u00a0 \u00a0 \u00a0 \u00a0 \u00a0 \u00a0 \u00a0 \u00a0 \u00a0 \u00a0 \u00a0 \u00a0 \u00a0 \u00a0 \u00a0 \u00a0 \u00a0 \u00a0 \u00a0 \u00a0 \u00a0 \u00a0 \u00a0 \u00a0 \u00a0 \u00a0 \u00a0 \u00a0 \u00a0 \u00a0 \u00a0 \u00a0 \u00a0 \u00a0 \u00a0 \u00a0 \u00a0 \u00a0 \u00a0 \u00a0 \u00a0 \u00a0 \u00a0 \u00a0 \u00a0 \u00a0 \u00a0\u00a0\u00a0\u00a0\u00a0\u00a0\u00a0\u00a0\u00a0\u00a0\u00a0\u00a0\u00a0\u00a0\u00a0\u00a0\u00a0\u00a0\u00a0\u00a0\u00a0\u00a0\u00a0\u00a0\u00a0\u00a0\u00a0\u00a0\u00a0\u00a0\u00a0\u00a0\u00a0\u00a0\u00a0\u00a0\u00a0\u00a0\u00a0\u00a0\u00a0\u00a0\u00a0\u00a0\u00a0\u00a0\u00a0\u00a0\u00a0\u00a0\u00a0\u00a0\u00a0\u00a0\u00a0\u00a0\u00a0\u00a0\u00a0\u00a0\u00a0\u00a0\u00a0\u00a0\u00a0\u00a0\u00a0\u00a0\u00a0\u00a0\u00a0\u00a0\u00a0\u00a0\u00a0\u00a0\u00a0\u00a0\u00a0\u00a0\u00a0\u00a0\u00a0\u00a0\u00a0\u00a0\u00a0\u00a0\u00a0\u00a0\u00a0\u00a0\u00a0\u00a0\u00a0\u00a0\u00a0\u00a0\u00a0\u00a0\u00a0\u00a0\u00a0\u00a0\u00a0\u00a0\u00a0\u00a0\u00a0\u00a0\u00a0\u00a0\u00a0\u00a0\u00a0\u00a0 <strong>Tras un largo debate entre las partes, donde la patronal comenta que la reducci\u00f3n de jornada que se hizo en anteriores convenios, se regal\u00f3 de una manera irresponsable y que no se ten\u00eda una visi\u00f3n a largo plazo del sector, y que lo que tenemos en la actualidad es un convenio que hace a las empresas del sector menos competitivas. \u00a0 \u00a0 \u00a0 \u00a0 \u00a0 \u00a0 \u00a0 \u00a0 \u00a0 \u00a0 \u00a0 \u00a0 \u00a0 \u00a0 \u00a0 \u00a0 \u00a0 \u00a0 \u00a0 \u00a0 \u00a0 \u00a0 \u00a0 \u00a0 \u00a0 \u00a0 \u00a0 \u00a0 \u00a0 \u00a0 \u00a0 \u00a0 \u00a0\u00a0\u00a0 \u00a0 \u00a0 \u00a0 <\/strong><\/p>\n<p><strong>La parte social le transmitimos que estas reducciones de jornada fueron negociadas a cambio de otras mejoras y de renunciar a mayor incremento salarial del que indicaba el IPC. \u00a0 <\/strong><\/p>\n<p><strong>\u00a0Por lo tanto insistimos en nuestra negativa rotunda al aumento de jornada y la insuficiente propuesta del incremento.\u00a0 \u00a0La negociaci\u00f3n pasa de un nuevo por unos posicionamientos muy diferentes sobre la situaci\u00f3n del sector y su crecimiento, por lo que si no se produce un cambio de posici\u00f3n de la patronal estar\u00edamos ante una posible rotura de la negociaci\u00f3n. <\/strong><\/p>\n<ul>\n<li><strong>\u00a0\u00a0Finaliza la reuni\u00f3n, confirmando la pr\u00f3xima para el d\u00eda 29 de marzo.<\/strong><\/li>\n<\/ul>\n<p>&nbsp;    \t    \t<\/p>\n","protected":false},"excerpt":{"rendered":"<p>Cuando el consumo de productos de perfumer\u00eda creci\u00f3 en el a\u00f1o 2016 un 3,25% \u00a0 \u00a0 \u00a0 \u00a0 \u00a0 \u00a0 \u00a0 \u00a0 \u00a0 \u00a0 \u00a0 \u00a0 \u00a0 \u00a0 \u00a0 \u00a0 &#8230; <a title=\"LA PATRONAL DE PERFUMERIA PLANTEA UN AUMENTO DE JORNADA ANUAL DE 8 HORAS A CAMBIO DE VALORAR UN INCREMENTO SALARIAL SUPERIOR A 1,2 %\" class=\"read-more\" href=\"https:\/\/ccoo.app\/coty\/la-patronal-de-perfumeria-plantea-un-aumento-de-jornada-anual-de-8-horas-a-cambio-de-valorar-un-incremento-salarial-superior-a-12-2\/\" aria-label=\"Leer m\u00e1s sobre LA PATRONAL DE PERFUMERIA PLANTEA UN AUMENTO DE JORNADA ANUAL DE 8 HORAS A CAMBIO DE VALORAR UN INCREMENTO SALARIAL SUPERIOR A 1,2 %\">Leer m\u00e1s<\/a><\/p>\n","protected":false},"author":6,"featured_media":0,"comment_status":"closed","ping_status":"closed","sticky":false,"template":"","format":"standard","meta":{"footnotes":""},"categories":[30],"tags":[],"class_list":["post-4856","post","type-post","status-publish","format-standard","hentry","category-app-push-coty-granolles","generate-columns","tablet-grid-50","mobile-grid-100","grid-parent","grid-33"],"_links":{"self":[{"href":"https:\/\/ccoo.app\/coty\/wp-json\/wp\/v2\/posts\/4856","targetHints":{"allow":["GET"]}}],"collection":[{"href":"https:\/\/ccoo.app\/coty\/wp-json\/wp\/v2\/posts"}],"about":[{"href":"https:\/\/ccoo.app\/coty\/wp-json\/wp\/v2\/types\/post"}],"author":[{"embeddable":true,"href":"https:\/\/ccoo.app\/coty\/wp-json\/wp\/v2\/users\/6"}],"replies":[{"embeddable":true,"href":"https:\/\/ccoo.app\/coty\/wp-json\/wp\/v2\/comments?post=4856"}],"version-history":[{"count":1,"href":"https:\/\/ccoo.app\/coty\/wp-json\/wp\/v2\/posts\/4856\/revisions"}],"predecessor-version":[{"id":7522,"href":"https:\/\/ccoo.app\/coty\/wp-json\/wp\/v2\/posts\/4856\/revisions\/7522"}],"wp:attachment":[{"href":"https:\/\/ccoo.app\/coty\/wp-json\/wp\/v2\/media?parent=4856"}],"wp:term":[{"taxonomy":"category","embeddable":true,"href":"https:\/\/ccoo.app\/coty\/wp-json\/wp\/v2\/categories?post=4856"},{"taxonomy":"post_tag","embeddable":true,"href":"https:\/\/ccoo.app\/coty\/wp-json\/wp\/v2\/tags?post=4856"}],"curies":[{"name":"wp","href":"https:\/\/api.w.org\/{rel}","templated":true}]}}