{"id":4850,"date":"2017-03-12T20:39:20","date_gmt":"2017-03-12T19:39:20","guid":{"rendered":"http:\/\/coty.ccoo.cat\/?p=4850"},"modified":"2022-02-02T18:37:07","modified_gmt":"2022-02-02T17:37:07","slug":"coty-designa-a-laurent-kleitman-como-presidente-de-coty-beauty-consumidor","status":"publish","type":"post","link":"https:\/\/ccoo.app\/coty\/coty-designa-a-laurent-kleitman-como-presidente-de-coty-beauty-consumidor\/","title":{"rendered":"Coty designa a Laurent Kleitman como presidente de Coty Beauty Consumidor"},"content":{"rendered":"<p><strong><img decoding=\"async\" class=\"aligncenter\" src=\"http:\/\/www.gruposecurity.es\/sites\/default\/files\/Icono-noticias-300x209.png\" \/><\/strong><\/p>\n<p>Hoy anunci\u00f3 que Esi Eggleston Bracey, presidente de Coty Beauty Consumidor, ha decidido dejar Coty por razones personales. Esi permanecer\u00e1 con Coty para un per\u00edodo de transici\u00f3n hasta finales de marzo. <span class=\"goog-text-highlight\">Laurent Kleitman, actualmente categor\u00eda de vicepresidente ejecutivo de Global Hair Care de Unilever, ha sido nombrado presidente de Coty Beauty Consumidor. <\/span>Laurent reportar\u00e1 directamente a Camillo Pane, director general de Coty, y ser\u00e1 un miembro del Comit\u00e9 Ejecutivo de Coty.<\/p>\n<p><span class=\"goog-text-highlight\">Camillo panel de CEO de Coty dijo, \u00abMi agradecimiento, y las de nuestros miembros del Comit\u00e9 Ejecutivo y la Junta, vamos a Esi por su pasi\u00f3n y compromiso con la empresa durante el proceso de fusi\u00f3n y desde unirse a nosotros en octubre de 2016. Deseamos Esi gran \u00e9xito en su pr\u00f3ximos pasos.<\/span><\/p>\n<p>\u00abEstoy encantado de dar la bienvenida a Laurent Coty. Laurent aporta 29 a\u00f1os de experiencia internacional de bienes de consumo, m\u00e1s amplio liderazgo comercial y operativa en la gesti\u00f3n de una divisi\u00f3n internacional de billones de d\u00f3lares en el sector de la belleza de los consumidores. \u00c9l tiene un s\u00f3lido historial de crecimiento comercial en un entorno de consumo. Laurent ha vivido y trabajado en muchos pa\u00edses de todo el mundo, y tiene una perspectiva y actitud que est\u00e1n bien alineados con nueva ambici\u00f3n y la cultura de Coty \u00ab.<\/p>\n<p><strong><span class=\"goog-text-highlight\">\u00abMi agradecimiento, y los de nuestros miembros de la Junta y del Comit\u00e9 Ejecutivo, van a Esi por su pasi\u00f3n y compromiso con la empresa durante el proceso de fusi\u00f3n y desde unirse a nosotros en octubre de 2016. Se desea Esi gran \u00e9xito en sus pr\u00f3ximos pasos.<\/span>\u00ab<\/strong><\/p>\n<p>Laurent ha sido la categor\u00eda vicepresidente ejecutivo de Global Hair Care de Unilever desde 2015. La categor\u00eda de pelo Global es una parte importante de la divisi\u00f3n de 20 mil millones de euros-Personal Care de Unilever, que es una de las divisiones de m\u00e1s r\u00e1pido crecimiento de Unilever. <span class=\"goog-text-highlight\">Antes de esta funci\u00f3n, Laurent fue CEO de Unilever Rusia, Ucrania y Bielorrusia, y antes de que \u00e9l pas\u00f3 tres a\u00f1os que lleva LVMH en Rusia incluyendo el negocio de perfumer\u00eda y cosm\u00e9tica, donde tom\u00f3 el negocio de nuevo al crecimiento despu\u00e9s de la crisis de 2008. <\/span>Laurent comenz\u00f3 su carrera en Unilever en marketing y ha trabajado en Rusia, Tailandia, Italia, Reino Unido y Francia. Su experiencia en la industria de bienes de consumo se extiende por la belleza (incluyendo maquillaje, cuidado de la piel, fragancias, cabello), de manera de lujo, y el cuidado personal y del hogar.<\/p>\n<p>Laurent tomar\u00e1 posesi\u00f3n de su nuevo cargo el 15 de mayo de 2017, y estar\u00e1 ubicada en la sede de la belleza del Consumidor de Coty en Nueva York. Durante el per\u00edodo de transici\u00f3n, Camillo supervisar\u00e1 directamente la divisi\u00f3n de belleza de los consumidores.    \t    \t<\/p>\n","protected":false},"excerpt":{"rendered":"<p>Hoy anunci\u00f3 que Esi Eggleston Bracey, presidente de Coty Beauty Consumidor, ha decidido dejar Coty por razones personales. Esi permanecer\u00e1 con Coty para un per\u00edodo de transici\u00f3n hasta finales de &#8230; <a title=\"Coty designa a Laurent Kleitman como presidente de Coty Beauty Consumidor\" class=\"read-more\" href=\"https:\/\/ccoo.app\/coty\/coty-designa-a-laurent-kleitman-como-presidente-de-coty-beauty-consumidor\/\" aria-label=\"Leer m\u00e1s sobre Coty designa a Laurent Kleitman como presidente de Coty Beauty Consumidor\">Leer m\u00e1s<\/a><\/p>\n","protected":false},"author":6,"featured_media":0,"comment_status":"closed","ping_status":"closed","sticky":false,"template":"","format":"standard","meta":{"footnotes":""},"categories":[22,30],"tags":[],"class_list":["post-4850","post","type-post","status-publish","format-standard","hentry","category-eess","category-app-push-coty-granolles","generate-columns","tablet-grid-50","mobile-grid-100","grid-parent","grid-33"],"_links":{"self":[{"href":"https:\/\/ccoo.app\/coty\/wp-json\/wp\/v2\/posts\/4850","targetHints":{"allow":["GET"]}}],"collection":[{"href":"https:\/\/ccoo.app\/coty\/wp-json\/wp\/v2\/posts"}],"about":[{"href":"https:\/\/ccoo.app\/coty\/wp-json\/wp\/v2\/types\/post"}],"author":[{"embeddable":true,"href":"https:\/\/ccoo.app\/coty\/wp-json\/wp\/v2\/users\/6"}],"replies":[{"embeddable":true,"href":"https:\/\/ccoo.app\/coty\/wp-json\/wp\/v2\/comments?post=4850"}],"version-history":[{"count":1,"href":"https:\/\/ccoo.app\/coty\/wp-json\/wp\/v2\/posts\/4850\/revisions"}],"predecessor-version":[{"id":7524,"href":"https:\/\/ccoo.app\/coty\/wp-json\/wp\/v2\/posts\/4850\/revisions\/7524"}],"wp:attachment":[{"href":"https:\/\/ccoo.app\/coty\/wp-json\/wp\/v2\/media?parent=4850"}],"wp:term":[{"taxonomy":"category","embeddable":true,"href":"https:\/\/ccoo.app\/coty\/wp-json\/wp\/v2\/categories?post=4850"},{"taxonomy":"post_tag","embeddable":true,"href":"https:\/\/ccoo.app\/coty\/wp-json\/wp\/v2\/tags?post=4850"}],"curies":[{"name":"wp","href":"https:\/\/api.w.org\/{rel}","templated":true}]}}