{"id":4847,"date":"2017-03-08T09:02:50","date_gmt":"2017-03-08T08:02:50","guid":{"rendered":"http:\/\/coty.ccoo.cat\/?p=4847"},"modified":"2022-02-02T18:37:08","modified_gmt":"2022-02-02T17:37:08","slug":"actos-con-motivo-del-8-de-marzo-dia-internacional-de-las-mujeres","status":"publish","type":"post","link":"https:\/\/ccoo.app\/coty\/actos-con-motivo-del-8-de-marzo-dia-internacional-de-las-mujeres\/","title":{"rendered":"Actos con motivo del 8 de Marzo, D\u00eda Internacional de las Mujeres"},"content":{"rendered":"<p><strong><img loading=\"lazy\" decoding=\"async\" class=\"aligncenter\" src=\"http:\/\/www.ccoo.cat\/imatges\/fotos_100_75\/8_marc_2017_dones_.jpg\" alt=\"Foto\" width=\"347\" height=\"260\" \/><\/strong><\/p>\n<p>CCOO de Catalu\u00f1a os invita a participar en las actividades y en los actos centrales que organiza o en los que participa la Secretar\u00eda de la Mujer y de Cohesi\u00f3n Social del sindicato, con motivo del 8 de Marzo, D\u00eda Internacional de las Mujeres<\/p>\n<p>Este a\u00f1o el lema elegido es \u00abSomos mujeres, hacemos derechos, hacemos luchas\u00bb.<\/p>\n<p>Y las actividades son estas:<\/p>\n<p><strong>8 de marzo<\/strong><\/p>\n<p>10 h. Asamblea de delegadas y delegados. Sala de actos de la sede central de CCOO de Catalu\u00f1a, Via Laietana, 16, de Barcelona.<\/p>\n<p>10 a\u00f1os de la ley de igualdad: y ahora qu\u00e9?<\/p>\n<p>\u2022 Lo presenta Alba Garcia S\u00e1nchez, secretaria de la Mujer y de Cohesi\u00f3n Social de CCOO de Catalu\u00f1a.<br \/>\n\u2022 Ponencia de Encarna Bodel\u00f3n Gonz\u00e1lez, profesora de filosof\u00eda del derecho en la UAB y directora del Grupo de investigaci\u00f3n Ant\u00edgona: derechos y sociedad con perspectiva de g\u00e9nero.<br \/>\n\u2022 Mesa redonda: Merced Haro Garc\u00eda, de la empresa Miquel Alimentaci\u00f3n, y Alba Garc\u00eda S\u00e1nchez.<br \/>\n\u2022 Clausura a cargo de Juan Carlos Gallego, secretario general de CCOO de Catalu\u00f1a.<\/p>\n<p>12 h. Manifestaci\u00f3n, concentraci\u00f3n y acci\u00f3n reivindicativa a las puertas de Fomento del Trabajo.<\/p>\n<p>16.30 h. Proyecci\u00f3n de la pel\u00edcula <em>La vieja dama indigna<\/em> .<br \/>\nEspacio La Asamblea, en la sede de CCOO de Catalu\u00f1a (Via Laietana, 16, de Barcelona).<\/p>\n<p>19 h. Manifestaci\u00f3n unitaria con el lema \u00abLa revoluci\u00f3n imparable de las mujeres\u00bb. Organizada por la Comisi\u00f3n 8 de Marzo 2017, Barcelona. En plaza de la Universidad de Barcelona.<\/p>\n<p>La gente de CCOO nos encontraremos, a las 19 h, en la puerta central de la Universidad de Barcelona.<\/p>\n<p>El sindicato tambi\u00e9n ha organizado otros\u00a0 <a href=\"http:\/\/www.ccoo.cat\/pdf_documents\/2017\/actes_8_marc_2017.pdf\" target=\"_blank\" rel=\"noopener noreferrer\">actos de CCOO de Catalu\u00f1a con motivo del 8 de Marzo, D\u00eda Internacional de las Mujeres<\/a> .<\/p>\n<p>Haga clic para leer el <a href=\"http:\/\/www.ccoo.cat\/pdf_documents\/2017\/manifest_8_marc_2017.pdf\" target=\"_blank\" rel=\"noopener noreferrer\">manifiesto del 8 de marzo de 2017: <em>Somos mujeres, hacemos derechos, hacemos luchas<\/em><\/a><\/p>\n<div class=\"peunoticia\"><span id=\"ctl00_ContentPlaceHolder1_noticia1_lbSignatura\">\u00a0<\/span><\/div>\n","protected":false},"excerpt":{"rendered":"<p>CCOO de Catalu\u00f1a os invita a participar en las actividades y en los actos centrales que organiza o en los que participa la Secretar\u00eda de la Mujer y de Cohesi\u00f3n &#8230; <a title=\"Actos con motivo del 8 de Marzo, D\u00eda Internacional de las Mujeres\" class=\"read-more\" href=\"https:\/\/ccoo.app\/coty\/actos-con-motivo-del-8-de-marzo-dia-internacional-de-las-mujeres\/\" aria-label=\"Leer m\u00e1s sobre Actos con motivo del 8 de Marzo, D\u00eda Internacional de las Mujeres\">Leer m\u00e1s<\/a><\/p>\n","protected":false},"author":6,"featured_media":0,"comment_status":"closed","ping_status":"closed","sticky":false,"template":"","format":"standard","meta":{"footnotes":""},"categories":[22,30],"tags":[],"class_list":["post-4847","post","type-post","status-publish","format-standard","hentry","category-eess","category-app-push-coty-granolles","generate-columns","tablet-grid-50","mobile-grid-100","grid-parent","grid-33"],"_links":{"self":[{"href":"https:\/\/ccoo.app\/coty\/wp-json\/wp\/v2\/posts\/4847","targetHints":{"allow":["GET"]}}],"collection":[{"href":"https:\/\/ccoo.app\/coty\/wp-json\/wp\/v2\/posts"}],"about":[{"href":"https:\/\/ccoo.app\/coty\/wp-json\/wp\/v2\/types\/post"}],"author":[{"embeddable":true,"href":"https:\/\/ccoo.app\/coty\/wp-json\/wp\/v2\/users\/6"}],"replies":[{"embeddable":true,"href":"https:\/\/ccoo.app\/coty\/wp-json\/wp\/v2\/comments?post=4847"}],"version-history":[{"count":1,"href":"https:\/\/ccoo.app\/coty\/wp-json\/wp\/v2\/posts\/4847\/revisions"}],"predecessor-version":[{"id":7525,"href":"https:\/\/ccoo.app\/coty\/wp-json\/wp\/v2\/posts\/4847\/revisions\/7525"}],"wp:attachment":[{"href":"https:\/\/ccoo.app\/coty\/wp-json\/wp\/v2\/media?parent=4847"}],"wp:term":[{"taxonomy":"category","embeddable":true,"href":"https:\/\/ccoo.app\/coty\/wp-json\/wp\/v2\/categories?post=4847"},{"taxonomy":"post_tag","embeddable":true,"href":"https:\/\/ccoo.app\/coty\/wp-json\/wp\/v2\/tags?post=4847"}],"curies":[{"name":"wp","href":"https:\/\/api.w.org\/{rel}","templated":true}]}}