{"id":4760,"date":"2016-10-12T20:30:57","date_gmt":"2016-10-12T19:30:57","guid":{"rendered":"http:\/\/coty.ccoo.cat\/?p=4760"},"modified":"2022-02-02T18:37:25","modified_gmt":"2022-02-02T17:37:25","slug":"convocatoria-de-beca-de-estudios-2016-2017-coty-granollers","status":"publish","type":"post","link":"https:\/\/ccoo.app\/coty\/convocatoria-de-beca-de-estudios-2016-2017-coty-granollers\/","title":{"rendered":"Convocatoria de beca de estudios 2017-2018 Coty"},"content":{"rendered":"<div id=\"contentsContainer\">\n<div id=\"contents\">\n<p>&nbsp;<\/p>\n<p><img loading=\"lazy\" decoding=\"async\" class=\"alignnone wp-image-5981\" src=\"https:\/\/coty.ccoo.cat\/wp-content\/uploads\/sites\/104\/2018\/02\/becas-app.jpg\" alt=\"\" width=\"293\" height=\"276\" \/><\/p>\n<p id=\"E191\" class=\"qowt-stl-a0\"><span id=\"E192\" class=\"qowt-font3-Arial\"><\/span><span id=\"E198\" class=\"qowt-font4-CenturyGothic\"><span style=\"color: #ff0000;font-size: 14pt\"><strong>BASES PARA LA CONVOCATORIA DE BECAS DE ESTUDIOS<\/strong><\/span>\u00a0<\/span><\/p>\n<p id=\"E203\" class=\"qowt-stl-a0\"><span id=\"E204\" class=\"qowt-font4-CenturyGothic\" style=\"color: #ff0000\">Primera<\/span><span id=\"E205\" class=\"qowt-font4-CenturyGothic\">&#8211; Objetivo de la Convocatoria.<\/span><\/p>\n<p id=\"E207\" class=\"qowt-stl-a0\"><span id=\"E208\" class=\"qowt-font4-CenturyGothic\">Conceder una beca como ayuda a la Formaci\u00f3n profesional y\/o universitaria de los empleados\/as de los Grupos Profesionales 1, 2, 3 y 4.<\/span><\/p>\n<p id=\"E210\" class=\"qowt-stl-a0\"><span id=\"E211\" class=\"qowt-font4-CenturyGothic\"><span style=\"color: #ff0000\">Segunda<\/span>&#8211;<\/span><span id=\"E212\" class=\"qowt-font4-CenturyGothic\"> Requisitos de las Solicitudes.<\/span><\/p>\n<p id=\"E215\" class=\"qowt-stl-a0\"><span id=\"E216\" class=\"qowt-font4-CenturyGothic\">Para optar a la beca es necesario cumplir los siguientes requisitos:<\/span><\/p>\n<p id=\"E219\" class=\"qowt-li-0_0 qowt-list qowt-stl-a0\"><span id=\"E220\" class=\"qowt-font4-CenturyGothic\">Ser empleado\/a de COTY SPAIN S.L.U. <\/span><\/p>\n<p id=\"E223\" class=\"qowt-li-0_0 qowt-list qowt-stl-a0\"><span id=\"E224\" class=\"qowt-font4-CenturyGothic\">Tener un contrato indefinido y una antig\u00fcedad m\u00ednima de 2 a\u00f1os en la empresa. <\/span><\/p>\n<p id=\"E227\" class=\"qowt-li-0_0 qowt-list qowt-stl-a0\"><span id=\"E228\" class=\"qowt-font4-CenturyGothic\">Pertenecer a los grupos Profesionales 1 a 4, ambos inclusive. <\/span><\/p>\n<p id=\"E231\" class=\"qowt-stl-a0\"><span id=\"E232\" class=\"qowt-font4-CenturyGothic\"><span style=\"color: #ff0000\">Tercera<\/span>&#8211;<\/span><span id=\"E233\" class=\"qowt-font4-CenturyGothic\"> Caracter\u00edsticas de la Beca.<\/span><\/p>\n<p id=\"E236\" class=\"qowt-stl-a0\"><span id=\"E237\" class=\"qowt-font4-CenturyGothic\">La beca para la realizaci\u00f3n de un curso de Formaci\u00f3n se conceder\u00e1 con las siguientes caracter\u00edsticas<\/span><\/p>\n<p id=\"E240\" class=\"qowt-li-5_0 qowt-list qowt-stl-a0\"><span id=\"E241\" class=\"qowt-font4-CenturyGothic\">La beca se concede una vez al a\u00f1o. Esta conv<\/span><span id=\"E242\" class=\"qowt-font4-CenturyGothic\">ocatoria est\u00e1 referida al periodo comprendido de septiembre de 2016 a Junio de 2017. <\/span><\/p>\n<p id=\"E244\" class=\"qowt-li-5_0 qowt-list qowt-stl-a0\"><span id=\"E245\" class=\"qowt-font4-CenturyGothic\">El importe de la beca es como m\u00e1ximo de 1.000 euros brutos anuales. <\/span><\/p>\n<p id=\"E248\" class=\"qowt-li-5_0 qowt-list qowt-stl-a0\"><span id=\"E249\" class=\"qowt-font4-CenturyGothic\">Se abonar\u00e1 el 50% del importe de la beca al inicio del curso con la presentaci\u00f3n de la factura correspondiente y el 50% restante al finalizar el mismo, previa acreditaci\u00f3n de su aprobaci\u00f3n. <\/span><\/p>\n<\/div>\n<\/div>\n<div id=\"pageBorders\"><\/div>\n<div id=\"contentsContainer\">\n<div id=\"contents\">\n<p id=\"E257\" class=\"qowt-li-2_0 qowt-list qowt-stl-a0\"><span id=\"E258\" class=\"qowt-font4-CenturyGothic\">Tipolog\u00eda de la Formaci\u00f3n: S<\/span><span id=\"E259\" class=\"qowt-font4-CenturyGothic\">e subvencionar\u00e1 la formaci\u00f3n reglada, Formaci\u00f3n Profesional, Grados, Diplomaturas y Licenciaturas Universitarias. <\/span><\/p>\n<p id=\"E261\" class=\"qowt-li-2_0 qowt-list qowt-stl-a0\"><span id=\"E262\" class=\"qowt-font4-CenturyGothic\">La formaci\u00f3n debe realizarse fuera del horario de trabajo o tratando que interfiera lo m\u00ednimo posible con el mismo. <\/span><\/p>\n<p id=\"E264\" class=\"qowt-stl-a0\"><span id=\"E265\" class=\"qowt-font4-CenturyGothic\"><span style=\"color: #ff0000\">Cuarta<\/span>&#8211;<\/span><span id=\"E266\" class=\"qowt-font4-CenturyGothic\"> Solicitudes y plazo de presentaci\u00f3n.<\/span><\/p>\n<p id=\"E269\" class=\"qowt-li-4_0 qowt-list qowt-stl-a0\"><span id=\"E270\" class=\"qowt-font4-CenturyGothic\">La solicitud debe presentarse en el Departamento de Recursos Humanos. <\/span><\/p>\n<p id=\"E273\" class=\"qowt-li-4_0 qowt-list qowt-stl-a0\"><span id=\"E274\" class=\"qowt-font4-CenturyGothic\">Se presentar\u00e1 rellenando el modelo que se anexa en esta convocatoria. <\/span><\/p>\n<p id=\"E277\" class=\"qowt-stl-a0\"><span id=\"E278\" class=\"qowt-font4-CenturyGothic\">4.3. El plazo de presentaci\u00f3n de solicitudes es hasta el 30 de septiembre de 2016.<\/span><\/p>\n<p id=\"E281\" class=\"qowt-li-3_0 qowt-list qowt-stl-a0\"><span id=\"E282\" class=\"qowt-font4-CenturyGothic\">La solicitud debe ir acompa\u00f1ada de la siguiente documentaci\u00f3n: <\/span><\/p>\n<p id=\"E285\" class=\"qowt-li-3_1 qowt-list qowt-stl-a0\"><span id=\"E286\" class=\"qowt-font4-CenturyGothic\">Carta de admisi\u00f3n del centro de estudios. <\/span><\/p>\n<p id=\"E288\" class=\"qowt-li-3_1 qowt-list qowt-stl-a0\"><span id=\"E289\" class=\"qowt-font4-CenturyGothic\">Curr\u00edculum Vitae del interesado\/a. <\/span><\/p>\n<p id=\"E292\" class=\"qowt-stl-a0\"><span id=\"E293\" class=\"qowt-font4-CenturyGothic\"><span style=\"color: #ff0000\">Quinta<\/span>&#8211;<\/span><span id=\"E294\" class=\"qowt-font4-CenturyGothic\"> Selecci\u00f3n de Candidaturas.<\/span><\/p>\n<p id=\"E297\" class=\"qowt-li-1_0 qowt-list qowt-stl-a0\"><span id=\"E298\" class=\"qowt-font4-CenturyGothic\">Las candidaturas ser\u00e1n revisadas por la Comisi\u00f3n de Becas formadas por el Comit\u00e9 de Direcci\u00f3n y el Comit\u00e9 de Empresa. <\/span><\/p>\n<p id=\"E300\" class=\"qowt-li-1_0 qowt-list qowt-stl-a0\"><span id=\"E301\" class=\"qowt-font4-CenturyGothic\">Los criterios de selecci\u00f3n ser\u00e1n los siguientes: <\/span><\/p>\n<p id=\"E304\" class=\"qowt-li-1_1 qowt-list qowt-stl-a0\"><span id=\"E305\" class=\"qowt-font4-CenturyGothic\">Curriculum Vitae del candidato\/a. <\/span><\/p>\n<p id=\"E307\" class=\"qowt-li-1_1 qowt-list qowt-stl-a0\"><span id=\"E308\" class=\"qowt-font4-CenturyGothic\">Motivo por el que solicita la beca. Inter\u00e9s en realizar los estudios. <\/span><\/p>\n<p id=\"E310\" class=\"qowt-li-1_1 qowt-list qowt-stl-a0\"><span id=\"E311\" class=\"qowt-font4-CenturyGothic\">Relaci\u00f3n de los estudios con el puesto de trabajo. <\/span><\/p>\n<p id=\"E313\" class=\"qowt-li-1_1 qowt-list qowt-stl-a0\"><span id=\"E314\" class=\"qowt-font4-CenturyGothic\">Nota media estudios anteriores. <\/span><\/p>\n<p id=\"E317\" class=\"qowt-stl-a0\"><span id=\"E318\" class=\"qowt-font4-CenturyGothic\"><span style=\"color: #ff0000\">Sexta<\/span>&#8211;<\/span><span id=\"E319\" class=\"qowt-font4-CenturyGothic\"> Resoluci\u00f3n.<\/span><\/p>\n<p id=\"E322\" class=\"qowt-stl-a0\"><span id=\"E323\" class=\"qowt-font4-CenturyGothic\">6.1 La Comisi\u00f3n resolver\u00e1 en el plazo de 15 d\u00edas a partir del 30 de septiembre la adjudicaci\u00f3n de la Beca.<\/span><\/p>\n<p>Descarga el formulario convocatoria: <a href=\"http:\/\/coty.ccoo.cat\/wp-content\/uploads\/sites\/104\/2016\/10\/solicitud.pdf\" target=\"_blank\" rel=\"noopener noreferrer\">\u00a0 SOLICITUD BECA DE ESTUDIOS<\/a><\/p>\n<\/div>\n<\/div>\n<p class=\"qowt-stl-a0\">\n","protected":false},"excerpt":{"rendered":"<p>&nbsp; BASES PARA LA CONVOCATORIA DE BECAS DE ESTUDIOS\u00a0 Primera&#8211; Objetivo de la Convocatoria. Conceder una beca como ayuda a la Formaci\u00f3n profesional y\/o universitaria de los empleados\/as de los &#8230; <a title=\"Convocatoria de beca de estudios 2017-2018 Coty\" class=\"read-more\" href=\"https:\/\/ccoo.app\/coty\/convocatoria-de-beca-de-estudios-2016-2017-coty-granollers\/\" aria-label=\"Leer m\u00e1s sobre Convocatoria de beca de estudios 2017-2018 Coty\">Leer m\u00e1s<\/a><\/p>\n","protected":false},"author":6,"featured_media":5981,"comment_status":"closed","ping_status":"closed","sticky":false,"template":"","format":"standard","meta":{"footnotes":""},"categories":[16],"tags":[],"class_list":["post-4760","post","type-post","status-publish","format-standard","has-post-thumbnail","hentry","category-acuerdos","generate-columns","tablet-grid-50","mobile-grid-100","grid-parent","grid-33"],"_links":{"self":[{"href":"https:\/\/ccoo.app\/coty\/wp-json\/wp\/v2\/posts\/4760","targetHints":{"allow":["GET"]}}],"collection":[{"href":"https:\/\/ccoo.app\/coty\/wp-json\/wp\/v2\/posts"}],"about":[{"href":"https:\/\/ccoo.app\/coty\/wp-json\/wp\/v2\/types\/post"}],"author":[{"embeddable":true,"href":"https:\/\/ccoo.app\/coty\/wp-json\/wp\/v2\/users\/6"}],"replies":[{"embeddable":true,"href":"https:\/\/ccoo.app\/coty\/wp-json\/wp\/v2\/comments?post=4760"}],"version-history":[{"count":1,"href":"https:\/\/ccoo.app\/coty\/wp-json\/wp\/v2\/posts\/4760\/revisions"}],"predecessor-version":[{"id":7546,"href":"https:\/\/ccoo.app\/coty\/wp-json\/wp\/v2\/posts\/4760\/revisions\/7546"}],"wp:featuredmedia":[{"embeddable":true,"href":"https:\/\/ccoo.app\/coty\/wp-json\/"}],"wp:attachment":[{"href":"https:\/\/ccoo.app\/coty\/wp-json\/wp\/v2\/media?parent=4760"}],"wp:term":[{"taxonomy":"category","embeddable":true,"href":"https:\/\/ccoo.app\/coty\/wp-json\/wp\/v2\/categories?post=4760"},{"taxonomy":"post_tag","embeddable":true,"href":"https:\/\/ccoo.app\/coty\/wp-json\/wp\/v2\/tags?post=4760"}],"curies":[{"name":"wp","href":"https:\/\/api.w.org\/{rel}","templated":true}]}}