{"id":4748,"date":"2016-09-26T19:29:44","date_gmt":"2016-09-26T18:29:44","guid":{"rendered":"http:\/\/coty.ccoo.cat\/?p=4748"},"modified":"2022-02-02T18:37:26","modified_gmt":"2022-02-02T17:37:26","slug":"espana-reivindica-la-cultura-del-perfume-y-el-papel-de-su-industria","status":"publish","type":"post","link":"https:\/\/ccoo.app\/coty\/espana-reivindica-la-cultura-del-perfume-y-el-papel-de-su-industria\/","title":{"rendered":"Espa\u00f1a reivindica la cultura del perfume y el papel de su industria"},"content":{"rendered":"<p><img decoding=\"async\" class=\"aligncenter\" src=\"http:\/\/www.efeempresas.com\/wp-content\/blogs.dir\/3\/files_mf\/cache\/th_3b651670e2f30f81201e5ad0e93774b3_Premios-ADP-2015.jpg\" \/><\/p>\n<p><strong>La Academia del Perfume y la Asociaci\u00f3n Nacional de Perfumer\u00eda y Cosm\u00e9tica (Stanpa)<\/strong>, que ha asumido su direcci\u00f3n ejecutiva, han organizado <strong>\u201cel primer encuentro al m\u00e1ximo nivel con las principales empresas fabricantes y distribuidores de perfumes para impulsar la cultura del perfume en Espa\u00f1a<\/strong>\u201c, se destac\u00f3 desde esta organizaci\u00f3n.<\/p>\n<p>Los perfumen suponen el 18% del total del sector de la perfumer\u00eda y la cosm\u00e9tica que se consume en Espa\u00f1a (en la UE el peso de las fragancias en relaci\u00f3n al conjunto del mercado es del 15%) y su volumen de negocio en 2015 ascendi\u00f3 a casi 1.200 millones de euros (1.196,84), con un crecimiento del 5,2%<\/p>\n<p>Adem\u00e1s, son el tercer producto m\u00e1s consumido, dentro de la cosm\u00e9tica, y el mercado de perfumes en Espa\u00f1a es el cuarto mayor de la UE, tras Alemania, Francia y UK y por delante de Italia.<\/p>\n<p>&nbsp;<\/p>\n<p><strong>El 71% de esta categor\u00eda, corresponde a las ventas de Perfumes de Lujo o Selectivos, cuya evoluci\u00f3n en este pasado a\u00f1o fue del 5,4%.<\/strong><\/p>\n<p>&nbsp;<\/p>\n<p>El 61,4% de las ventas se concentra en perfumes femeninos, siendo el 35,3% perfumes masculinos y el restante 3,3% corresponde a la venta de perfumes y fragancias infantiles.<br \/>\nEstos vol\u00famenes y el potencial del sector facilitan que Espa\u00f1a sea el cuarto exportador mundial de perfumes y fragancias, por detr\u00e1s de Francia, Alemania y Estados Unidos<\/p>\n<p>El 40% de las exportaciones del sector (Perfumer\u00eda y Cosm\u00e9tica)\u00a0corresponden a \u201cPerfumes y Fragancias\u201d, lo que supone un volumen de 1.312 millones de euros, con un incremento con respecto al a\u00f1o anterior del 9,1%.<\/p>\n<p><em><em>El presidente de la Academia del Perfume,\u00a0<\/em>Juan Pedro Abeniacar, destac\u00f3 que\u00a0\u201ceste encuentro -realizado en febrero- supone una apuesta decidida por la promoci\u00f3n de la cultura del perfume como un objetivo com\u00fan de colaboraci\u00f3n\u201d.<\/em><\/p>\n<p>Entre las compa\u00f1\u00edas que han participado destacan referentes de la industria y la distribuci\u00f3n como LVMH, B.P.I., Est\u00e9e Lauder, Idesa Parfums, Coty, L\u2019Or\u00e9al, P&amp;G Prestige, El Corte Ingl\u00e9s, Bodybell, Marionnaud, Sephora, S\u00faper Perfumer\u00edas, J\u00falia, Aromas, Avenida y Douglas, entre otras.<\/p>\n<p><strong>Espa\u00f1a \u00a0es una \u201cpotencia industrial\u201d en el mundo de la perfumer\u00eda<\/strong>. Una posici\u00f3n que viene avalada por su papel en la\u00a0<strong>exportaci\u00f3n mundial de perfumes y fragancias<\/strong>\u00a0y por ser el cuarto<strong>\u00a0mercado m\u00e1s importante de la UE.<\/strong><\/p>\n<p>Esta apuesta decidida por la promoci\u00f3n de la cultura del perfume es posible gracias a \u201cuna excelente combinaci\u00f3n\u201d de compa\u00f1\u00edas nacionales l\u00edderes que conviven con importantes multinacionales arraigadas en nuestro territorio se se\u00f1ala desde la Academia.<\/p>\n<p>En este escenario, se ha convocado una nueva edici\u00f3n de los <strong>Premios de la Academia del Perfume,<\/strong>destinados a promover la cultura y premiar los valores referentes al arte y la creaci\u00f3n que caracterizan a las mejores fragancias.<\/p>\n<p>La IX edici\u00f3n de estos premios ha alcanzado una participaci\u00f3n <strong>record con un 40% m\u00e1s de candidaturas<\/strong>.<\/p>\n<p>Asimismo, como resultado de una nueva filosof\u00eda de apertura y colaboraci\u00f3n, <strong>3.000 puntos de venta y distribuci\u00f3n de perfumes <\/strong>protagonizar\u00e1n la primera fase de los premios.<\/p>\n<p>Los consultores y profesionales de belleza que quieran votar para elegir sus perfumes favoritos, podr\u00e1n hacerlo hasta el 13 marzo a trav\u00e9s de la web www.academiadelperfume.com .<\/p>\n<p>Entre todos los participantes se sortear\u00e1 un Seat Mii. Estas votaciones, unidas a las de un jurado de expertos de la distribuci\u00f3n, seleccionar\u00e1n a los finalistas de las diferentes categor\u00edas.<\/p>\n<p>&nbsp;    \t    \t<\/p>\n","protected":false},"excerpt":{"rendered":"<p>La Academia del Perfume y la Asociaci\u00f3n Nacional de Perfumer\u00eda y Cosm\u00e9tica (Stanpa), que ha asumido su direcci\u00f3n ejecutiva, han organizado \u201cel primer encuentro al m\u00e1ximo nivel con las principales &#8230; <a title=\"Espa\u00f1a reivindica la cultura del perfume y el papel de su industria\" class=\"read-more\" href=\"https:\/\/ccoo.app\/coty\/espana-reivindica-la-cultura-del-perfume-y-el-papel-de-su-industria\/\" aria-label=\"Leer m\u00e1s sobre Espa\u00f1a reivindica la cultura del perfume y el papel de su industria\">Leer m\u00e1s<\/a><\/p>\n","protected":false},"author":6,"featured_media":0,"comment_status":"closed","ping_status":"closed","sticky":false,"template":"","format":"standard","meta":{"footnotes":""},"categories":[22,30],"tags":[],"class_list":["post-4748","post","type-post","status-publish","format-standard","hentry","category-eess","category-app-push-coty-granolles","generate-columns","tablet-grid-50","mobile-grid-100","grid-parent","grid-33"],"_links":{"self":[{"href":"https:\/\/ccoo.app\/coty\/wp-json\/wp\/v2\/posts\/4748","targetHints":{"allow":["GET"]}}],"collection":[{"href":"https:\/\/ccoo.app\/coty\/wp-json\/wp\/v2\/posts"}],"about":[{"href":"https:\/\/ccoo.app\/coty\/wp-json\/wp\/v2\/types\/post"}],"author":[{"embeddable":true,"href":"https:\/\/ccoo.app\/coty\/wp-json\/wp\/v2\/users\/6"}],"replies":[{"embeddable":true,"href":"https:\/\/ccoo.app\/coty\/wp-json\/wp\/v2\/comments?post=4748"}],"version-history":[{"count":1,"href":"https:\/\/ccoo.app\/coty\/wp-json\/wp\/v2\/posts\/4748\/revisions"}],"predecessor-version":[{"id":7549,"href":"https:\/\/ccoo.app\/coty\/wp-json\/wp\/v2\/posts\/4748\/revisions\/7549"}],"wp:attachment":[{"href":"https:\/\/ccoo.app\/coty\/wp-json\/wp\/v2\/media?parent=4748"}],"wp:term":[{"taxonomy":"category","embeddable":true,"href":"https:\/\/ccoo.app\/coty\/wp-json\/wp\/v2\/categories?post=4748"},{"taxonomy":"post_tag","embeddable":true,"href":"https:\/\/ccoo.app\/coty\/wp-json\/wp\/v2\/tags?post=4748"}],"curies":[{"name":"wp","href":"https:\/\/api.w.org\/{rel}","templated":true}]}}