{"id":4553,"date":"2015-12-10T11:37:40","date_gmt":"2015-12-10T10:37:40","guid":{"rendered":"http:\/\/coty.ccoo.cat\/?p=4553"},"modified":"2022-02-02T18:38:08","modified_gmt":"2022-02-02T17:38:08","slug":"perfumes-y-diseno-incorpora-a-desigual-a-su-cartera-de-marcas-tras-rozar-los-47-millones-en-2014","status":"publish","type":"post","link":"https:\/\/ccoo.app\/coty\/perfumes-y-diseno-incorpora-a-desigual-a-su-cartera-de-marcas-tras-rozar-los-47-millones-en-2014\/","title":{"rendered":"Perfumes y Dise\u00f1o incorpora a Desigual a su cartera de marcas tras rozar los 47 millones en 2014"},"content":{"rendered":"<p><img loading=\"lazy\" decoding=\"async\" class=\"aligncenter\" src=\"http:\/\/www.pyd.es\/sites\/default\/files\/logo2.png\" alt=\"\" width=\"585\" height=\"234\" \/><\/p>\n<p><strong>Perfumes y Dise\u00f1o<\/strong> sigue incorporando marcas a su negocio de distribuci\u00f3n. Tras tomar el control de <strong>Jes\u00fas del Pozo<\/strong> y <strong>Philippe Starck<\/strong>, ahora la compa\u00f1\u00eda ha trazado una alianza por la que se convierte en agente comercial de las fragancias de <strong>Desigual<\/strong> en Am\u00e9rica, Rusia y algunos mercados europeos.<\/p>\n<p>En el mercado espa\u00f1ol, la compa\u00f1\u00eda act\u00faa como agente comercial s\u00f3lo para los centros de <strong>El Corte Ingl\u00e9s<\/strong>. La distribuci\u00f3n de las fragancias de <strong>Desigual<\/strong> en Espa\u00f1a contin\u00faa en manos de la comercializadora catalana <strong>Lovefragances<\/strong>, seg\u00fan <em>Alimarket<\/em>, cuyo contrato est\u00e1 pendiente de renovaci\u00f3n para la primavera de 2016.<\/p>\n<p>En 2013, <strong>Desigual<\/strong> dio un paso m\u00e1s en el proceso de diversificaci\u00f3n con el lanzamiento de tres fragancias, en colaboraci\u00f3n con el grupo suizo <strong>Firmenich<\/strong>, perfumista de <strong>Marc Jacobs<\/strong>y <strong>Carolina Herrera<\/strong>. El grupo fundado por <strong>Thomas Meyer<\/strong> decidi\u00f3 dedicarse con un equipo propio a la creaci\u00f3n de los perfumes, que son elaborados en Francia por la compa\u00f1\u00eda helv\u00e9tica.<\/p>\n<p>Por su parte, la madrile\u00f1a <strong>Perfumes y Dise\u00f1o<\/strong> ha ido engrosando su cartera de marcas en los \u00faltimos a\u00f1os. En 2012, la compa\u00f1\u00eda se hizo con el control de la marca <strong>Jes\u00fas del Pozo<\/strong> tras a\u00f1os como licenciatario de sus perfumes y le cambi\u00f3 el nombre por <strong>Delpozo<\/strong>.<\/p>\n<p><strong>Perfumes y Dise\u00f1o<\/strong>, presidida por\u00a0<strong>Pedro Trolez<\/strong>, repet\u00eda as\u00ed la estrategia de grupos del sector de la perfumer\u00eda como\u00a0<strong>Puig<\/strong>, que se han hecho con firmas como\u00a0<strong>Jean Paul Gaultier<\/strong>\u00a0a partir del valor de sus perfumes. Al frente de la direcci\u00f3n creativa de la marca, el nuevo propietario coloc\u00f3 a\u00a0<strong>Josep Font<\/strong>, el \u00fanico dise\u00f1ador que ha desfilado en la alta costura de Par\u00eds en los \u00faltimos a\u00f1os.<\/p>\n<p>El prop\u00f3sito de\u00a0<strong>Perfumes y Dise\u00f1o<\/strong>\u00a0es convertir a\u00a0<strong>Delpozo<\/strong>\u00a0en una de las pocas firmas de lujo creada en Espa\u00f1a. En 2013, la ense\u00f1a desfil\u00f3 en Nueva York e impuls\u00f3 un plan de apertura de tiendas. En la actualidad,\u00a0<strong>Delpozo<\/strong>\u00a0cuenta con tiendas en Madrid y Miami y est\u00e1 presente en\u00a0<strong>Galeries Lafayette<\/strong>, Par\u00eds;\u00a0<strong>Theresa<\/strong>, en Munich, o\u00a0<strong>Bergdorf Goodman<\/strong>, en Nueva York, entre otros.<\/p>\n<p><strong>Perfumes y Dise\u00f1o<\/strong>, que finaliz\u00f3 el ejercicio 2014 con 46,8 millones de euros y un incremento del 12,3% respecto al a\u00f1o anterior, posee once filiales repartidas entre Espa\u00f1a, Portugal, Estados Unidos y Dub\u00e1i, con las que comercializa marcas como <strong>Tous<\/strong> o <strong>Delpozo<\/strong>.<\/p>\n<p>Seg\u00fan los datos depositados por la sociedad <strong>Perfumes y Dise\u00f1o Holding<\/strong> en el Registro Mercantil, el grupo cerr\u00f3 2014 con unas p\u00e9rdidas de 1,72 millones de euros, un 1,7% menos que en 2013, cuando los n\u00fameros rojos de la compa\u00f1\u00eda alcanzaron 1,75 millones de euros. El resultado bruto de explotaci\u00f3n, por su parte, tambi\u00e9n se situ\u00f3 en n\u00fameros rojos al alcanzar 1,91 millones de euros negativos, con una mejora del 17,5% respecto al ejercicio anterior.<\/p>\n<p>El crecimiento de las ventas de <strong>Perfumes y Dise\u00f1o<\/strong> se debe a la pol\u00edtica de expansi\u00f3n del grupo y a la consolidaci\u00f3n de las marcas. Las inversiones realizadas en 2015 supondr\u00e1n de nuevo un incremento en la cifra de negocio, sin que los resultados positivos derivados de las mismas tengan un impacto significativo en el ejercicio en curso. <strong>Perfumes y Dise\u00f1o<\/strong> cerr\u00f3 2014 con una deuda de 22,7 millones de euros. Un 86% corresponde a deuda a corto plazo.    \t    \t<\/p>\n","protected":false},"excerpt":{"rendered":"<p>Perfumes y Dise\u00f1o sigue incorporando marcas a su negocio de distribuci\u00f3n. Tras tomar el control de Jes\u00fas del Pozo y Philippe Starck, ahora la compa\u00f1\u00eda ha trazado una alianza por &#8230; <a title=\"Perfumes y Dise\u00f1o incorpora a Desigual a su cartera de marcas tras rozar los 47 millones en 2014\" class=\"read-more\" href=\"https:\/\/ccoo.app\/coty\/perfumes-y-diseno-incorpora-a-desigual-a-su-cartera-de-marcas-tras-rozar-los-47-millones-en-2014\/\" aria-label=\"Leer m\u00e1s sobre Perfumes y Dise\u00f1o incorpora a Desigual a su cartera de marcas tras rozar los 47 millones en 2014\">Leer m\u00e1s<\/a><\/p>\n","protected":false},"author":6,"featured_media":0,"comment_status":"closed","ping_status":"closed","sticky":false,"template":"","format":"standard","meta":{"footnotes":""},"categories":[22,30],"tags":[],"class_list":["post-4553","post","type-post","status-publish","format-standard","hentry","category-eess","category-app-push-coty-granolles","generate-columns","tablet-grid-50","mobile-grid-100","grid-parent","grid-33"],"_links":{"self":[{"href":"https:\/\/ccoo.app\/coty\/wp-json\/wp\/v2\/posts\/4553","targetHints":{"allow":["GET"]}}],"collection":[{"href":"https:\/\/ccoo.app\/coty\/wp-json\/wp\/v2\/posts"}],"about":[{"href":"https:\/\/ccoo.app\/coty\/wp-json\/wp\/v2\/types\/post"}],"author":[{"embeddable":true,"href":"https:\/\/ccoo.app\/coty\/wp-json\/wp\/v2\/users\/6"}],"replies":[{"embeddable":true,"href":"https:\/\/ccoo.app\/coty\/wp-json\/wp\/v2\/comments?post=4553"}],"version-history":[{"count":1,"href":"https:\/\/ccoo.app\/coty\/wp-json\/wp\/v2\/posts\/4553\/revisions"}],"predecessor-version":[{"id":7617,"href":"https:\/\/ccoo.app\/coty\/wp-json\/wp\/v2\/posts\/4553\/revisions\/7617"}],"wp:attachment":[{"href":"https:\/\/ccoo.app\/coty\/wp-json\/wp\/v2\/media?parent=4553"}],"wp:term":[{"taxonomy":"category","embeddable":true,"href":"https:\/\/ccoo.app\/coty\/wp-json\/wp\/v2\/categories?post=4553"},{"taxonomy":"post_tag","embeddable":true,"href":"https:\/\/ccoo.app\/coty\/wp-json\/wp\/v2\/tags?post=4553"}],"curies":[{"name":"wp","href":"https:\/\/api.w.org\/{rel}","templated":true}]}}