{"id":4536,"date":"2015-12-04T11:51:34","date_gmt":"2015-12-04T10:51:34","guid":{"rendered":"http:\/\/coty.ccoo.cat\/?p=4536"},"modified":"2022-02-02T18:38:11","modified_gmt":"2022-02-02T17:38:11","slug":"tema-para-2015-la-inclusion-importa-acceso-y-empoderamiento-para-personas-con-todo-tipo-de-capacidad","status":"publish","type":"post","link":"https:\/\/ccoo.app\/coty\/tema-para-2015-la-inclusion-importa-acceso-y-empoderamiento-para-personas-con-todo-tipo-de-capacidad\/","title":{"rendered":"Tema para 2015: \u00abLa inclusi\u00f3n importa: acceso y empoderamiento para personas con todo tipo de capacidad\u00bb"},"content":{"rendered":"<p><img decoding=\"async\" class=\"aligncenter\" src=\"http:\/\/www.defensoriabariloche.gob.ar\/web\/wp-content\/uploads\/3-DICIEMBRE.png\" alt=\"\" \/><\/p>\n<p>&nbsp;<\/p>\n<p>Se calcula que mil millones de personas en el mundo viven con discapacidad y enfrentan muchas barreras para que se las incluya en aspectos sociales clave. A consecuencia de ello, no disfrutan del acceso a la sociedad de igual forma que otros, incluido en \u00e1reas como el transporte, el empleo, la educaci\u00f3n y la vida pol\u00edtica y social. El derecho a participar en la actividad p\u00fablica es esencial para crear democracias estables, para una ciudadan\u00eda activa y para reducir las desigualdades sociales.<\/p>\n<p>Promoviendo el fortalecimiento se crean oportunidades reales para la gente, se potencian sus habilidades y se les ayuda a establecer sus prioridades. El empoderamiento implica invertir en las personas \u2013 en empleos, salud, nutrici\u00f3n, educaci\u00f3n y protecci\u00f3n social. Cuando ocurre eso, est\u00e1n mejor preparadas para aprovechar oportunidades, se convierten en agentes de cambio y pueden asumir con m\u00e1s preparaci\u00f3n sus responsabilidades c\u00edvicas.<\/p>\n<p>Los sub temas para este D\u00eda Internacional en 2015 son:<\/p>\n<ul>\n<li>Hacer las ciudades inclusivas y accesibles para todos<\/li>\n<li>Mejorar los datos y estad\u00edsticas sobre discapacidad<\/li>\n<li>Incluir a personas con discapacidad invisible en la sociedad y el desarrollo<\/li>\n<\/ul>\n<p>M\u00e1s informaci\u00f3n de los diferentes eventos est\u00e1 disponible en <a href=\"http:\/\/www.un.org\/disabilities\/\">Enable<\/a> <img loading=\"lazy\" decoding=\"async\" title=\"Disponible en ingl\u00e9s\" src=\"http:\/\/www.un.org\/common\/images\/icons\/ico_en.gif\" alt=\"Disponible en ingl\u00e9s\" width=\"14\" height=\"14\" \/><\/p>\n<p>El D\u00eda Internacional de las Personas con Discapacidad se observa en todo el mundo cada 3 de diciembre de acuerdo a la<a href=\"http:\/\/www.un.org\/es\/comun\/docs\/?symbol=A\/RES\/47\/3\">resoluci\u00f3n 47\/3<\/a>) <img loading=\"lazy\" decoding=\"async\" title=\"Documento PDF\" src=\"http:\/\/www.un.org\/common\/images\/icons\/ico_pdf.gif\" alt=\"Documento PDF\" width=\"14\" height=\"14\" \/> de la Asamblea General adoptada el 14 de octubre de 1992, con el objetivo de llamar la atenci\u00f3n y movilizar apoyos para aspectos clave relativos a la inclusi\u00f3n de personas con discapacidad en la sociedad y en el desarrollo.<\/p>\n<p>&nbsp;<\/p>\n<p>&nbsp;<\/p>\n<p>&nbsp;    \t    \t<\/p>\n","protected":false},"excerpt":{"rendered":"<p>&nbsp; Se calcula que mil millones de personas en el mundo viven con discapacidad y enfrentan muchas barreras para que se las incluya en aspectos sociales clave. A consecuencia de &#8230; <a title=\"Tema para 2015: \u00abLa inclusi\u00f3n importa: acceso y empoderamiento para personas con todo tipo de capacidad\u00bb\" class=\"read-more\" href=\"https:\/\/ccoo.app\/coty\/tema-para-2015-la-inclusion-importa-acceso-y-empoderamiento-para-personas-con-todo-tipo-de-capacidad\/\" aria-label=\"Leer m\u00e1s sobre Tema para 2015: \u00abLa inclusi\u00f3n importa: acceso y empoderamiento para personas con todo tipo de capacidad\u00bb\">Leer m\u00e1s<\/a><\/p>\n","protected":false},"author":6,"featured_media":0,"comment_status":"closed","ping_status":"closed","sticky":false,"template":"","format":"standard","meta":{"footnotes":""},"categories":[22,30],"tags":[],"class_list":["post-4536","post","type-post","status-publish","format-standard","hentry","category-eess","category-app-push-coty-granolles","generate-columns","tablet-grid-50","mobile-grid-100","grid-parent","grid-33"],"_links":{"self":[{"href":"https:\/\/ccoo.app\/coty\/wp-json\/wp\/v2\/posts\/4536","targetHints":{"allow":["GET"]}}],"collection":[{"href":"https:\/\/ccoo.app\/coty\/wp-json\/wp\/v2\/posts"}],"about":[{"href":"https:\/\/ccoo.app\/coty\/wp-json\/wp\/v2\/types\/post"}],"author":[{"embeddable":true,"href":"https:\/\/ccoo.app\/coty\/wp-json\/wp\/v2\/users\/6"}],"replies":[{"embeddable":true,"href":"https:\/\/ccoo.app\/coty\/wp-json\/wp\/v2\/comments?post=4536"}],"version-history":[{"count":1,"href":"https:\/\/ccoo.app\/coty\/wp-json\/wp\/v2\/posts\/4536\/revisions"}],"predecessor-version":[{"id":7620,"href":"https:\/\/ccoo.app\/coty\/wp-json\/wp\/v2\/posts\/4536\/revisions\/7620"}],"wp:attachment":[{"href":"https:\/\/ccoo.app\/coty\/wp-json\/wp\/v2\/media?parent=4536"}],"wp:term":[{"taxonomy":"category","embeddable":true,"href":"https:\/\/ccoo.app\/coty\/wp-json\/wp\/v2\/categories?post=4536"},{"taxonomy":"post_tag","embeddable":true,"href":"https:\/\/ccoo.app\/coty\/wp-json\/wp\/v2\/tags?post=4536"}],"curies":[{"name":"wp","href":"https:\/\/api.w.org\/{rel}","templated":true}]}}