{"id":4512,"date":"2015-11-30T10:58:38","date_gmt":"2015-11-30T09:58:38","guid":{"rendered":"http:\/\/coty.ccoo.cat\/?p=4512"},"modified":"2022-02-02T18:38:13","modified_gmt":"2022-02-02T17:38:13","slug":"el-mercado-de-la-cosmetica-vuelve-a-crecer-en-espana-con-un-alza-del-18-en-2015","status":"publish","type":"post","link":"https:\/\/ccoo.app\/coty\/el-mercado-de-la-cosmetica-vuelve-a-crecer-en-espana-con-un-alza-del-18-en-2015\/","title":{"rendered":"El mercado de la cosm\u00e9tica vuelve a crecer en Espa\u00f1a con un alza del 1,8% en 2015"},"content":{"rendered":"<p><img decoding=\"async\" class=\"aligncenter\" src=\"http:\/\/www.ar.all.biz\/img\/ar\/catalog\/128082.png\" alt=\"\" \/><\/p>\n<p>La recuperaci\u00f3n del consumo llega tambi\u00e9n al sector de la cosm\u00e9tica. En 2015, las ventas de perfumer\u00eda y cosm\u00e9tica volver\u00e1n a crecer en Espa\u00f1a, con un alza del 1,8% para finalizar el a\u00f1o con 4.073 millones de euros, seg\u00fan el <strong>Observatorio Sectorial DBK de Informa D&amp;B<\/strong>.<\/p>\n<p>El documento apunta que la recuperaci\u00f3n ser\u00e1 mayor en Espa\u00f1a que en Portugal, donde las ventas aumentar\u00e1n un 1,4% este a\u00f1o, hasta 662 millones de euros. En conjunto, el mercado ib\u00e9rico de la cosm\u00e9tica cerrar\u00e1 2015 con ventas por valor de 4.735 millones de euros.<\/p>\n<p>Sin embargo, en 2014, el mercado ib\u00e9rico de cosm\u00e9tica se mantuvo a la baja, con un descenso del 1,2% respecto al a\u00f1o anterior, hasta 4.655 millones de euros, lo que supuso una ca\u00edda m\u00e1s moderada que en a\u00f1os anteriores.<\/p>\n<p>Durante el a\u00f1o pasado, Espa\u00f1a concentr\u00f3 el 86% del mercado ib\u00e9rico de cosm\u00e9tica, pero registr\u00f3 tambi\u00e9n la mayor ca\u00edda, con un descenso del 1,3%, frente a la ca\u00edda del 0,6% registrada en Portugal.<\/p>\n<p>El deterioro de las ventas afect\u00f3 especialmente al negocio de perfumes y fragancias, que en 2014 retrocedi\u00f3 un 2,9% en conjunto. Por su parte, la ca\u00edda en los segmentos de cuidado del cabello y cosm\u00e9tica decorativa fue en ambos casos del 1,6%.<\/p>\n<p>Sin embargo, la contracci\u00f3n del mercado dom\u00e9stico continu\u00f3 impulsando las ventas al exterior de las empresas espa\u00f1olas, que en 2014 incrementaron sus exportaciones un 3,4%, hasta 2.767 millones de euros. En cambio, las ventas al extranjero en Portugal cayeron un 4,6% en 2014, tras haber retrocedido un 6,1% en el ejercicio anterior.<\/p>\n<p>Por otro lado, el documento destaca la concentraci\u00f3n de la oferta del sector en el mercado ib\u00e9rico: los cinco grupos de mayor tama\u00f1o re\u00fanen en torno al 40% de los ingresos totales del sector.    \t    \t<\/p>\n","protected":false},"excerpt":{"rendered":"<p>La recuperaci\u00f3n del consumo llega tambi\u00e9n al sector de la cosm\u00e9tica. En 2015, las ventas de perfumer\u00eda y cosm\u00e9tica volver\u00e1n a crecer en Espa\u00f1a, con un alza del 1,8% para &#8230; <a title=\"El mercado de la cosm\u00e9tica vuelve a crecer en Espa\u00f1a con un alza del 1,8% en 2015\" class=\"read-more\" href=\"https:\/\/ccoo.app\/coty\/el-mercado-de-la-cosmetica-vuelve-a-crecer-en-espana-con-un-alza-del-18-en-2015\/\" aria-label=\"Leer m\u00e1s sobre El mercado de la cosm\u00e9tica vuelve a crecer en Espa\u00f1a con un alza del 1,8% en 2015\">Leer m\u00e1s<\/a><\/p>\n","protected":false},"author":6,"featured_media":0,"comment_status":"closed","ping_status":"closed","sticky":false,"template":"","format":"standard","meta":{"footnotes":""},"categories":[22,30],"tags":[],"class_list":["post-4512","post","type-post","status-publish","format-standard","hentry","category-eess","category-app-push-coty-granolles","generate-columns","tablet-grid-50","mobile-grid-100","grid-parent","grid-33"],"_links":{"self":[{"href":"https:\/\/ccoo.app\/coty\/wp-json\/wp\/v2\/posts\/4512","targetHints":{"allow":["GET"]}}],"collection":[{"href":"https:\/\/ccoo.app\/coty\/wp-json\/wp\/v2\/posts"}],"about":[{"href":"https:\/\/ccoo.app\/coty\/wp-json\/wp\/v2\/types\/post"}],"author":[{"embeddable":true,"href":"https:\/\/ccoo.app\/coty\/wp-json\/wp\/v2\/users\/6"}],"replies":[{"embeddable":true,"href":"https:\/\/ccoo.app\/coty\/wp-json\/wp\/v2\/comments?post=4512"}],"version-history":[{"count":1,"href":"https:\/\/ccoo.app\/coty\/wp-json\/wp\/v2\/posts\/4512\/revisions"}],"predecessor-version":[{"id":7624,"href":"https:\/\/ccoo.app\/coty\/wp-json\/wp\/v2\/posts\/4512\/revisions\/7624"}],"wp:attachment":[{"href":"https:\/\/ccoo.app\/coty\/wp-json\/wp\/v2\/media?parent=4512"}],"wp:term":[{"taxonomy":"category","embeddable":true,"href":"https:\/\/ccoo.app\/coty\/wp-json\/wp\/v2\/categories?post=4512"},{"taxonomy":"post_tag","embeddable":true,"href":"https:\/\/ccoo.app\/coty\/wp-json\/wp\/v2\/tags?post=4512"}],"curies":[{"name":"wp","href":"https:\/\/api.w.org\/{rel}","templated":true}]}}