{"id":4500,"date":"2015-11-27T10:50:01","date_gmt":"2015-11-27T09:50:01","guid":{"rendered":"http:\/\/coty.ccoo.cat\/?p=4500"},"modified":"2022-02-02T18:38:16","modified_gmt":"2022-02-02T17:38:16","slug":"manifestacion-el-28-de-noviembre-a-las-5-de-la-tarde-en-la-plaza-universidad-de-barcelona","status":"publish","type":"post","link":"https:\/\/ccoo.app\/coty\/manifestacion-el-28-de-noviembre-a-las-5-de-la-tarde-en-la-plaza-universidad-de-barcelona\/","title":{"rendered":"Manifestaci\u00f3n el 28 de Noviembre, a las 5 de la tarde, en la Plaza Universidad de Barcelona"},"content":{"rendered":"<p>&nbsp;<\/p>\n<h3 style=\"text-align: center\">\u00a0 \u00a0 \u00a0 \u00a0 \u00a0 \u00a0 \u00a0 \u00a0 \u00a0\u00a0<strong>Ni terrorismo, ni guerra, ni fascismo, ni recorte de llibertats.<\/strong><br \/>\n<strong>\u00a0 \u00a0 \u00a0 \u00a0 \u00a0Por la paz, la justicia social y los derechos humanos aqu\u00ed y en cualquier parte<\/strong><br \/>\n<img decoding=\"async\" class=\"aligncenter\" src=\"http:\/\/www.ccoo.cat\/imatges\/fotos_100_75\/28n_mai_mes_.jpg\" alt=\"Foto\" \/><\/h3>\n<p>De un tiempo a esta parte, vemos c\u00f3mo las peque\u00f1as victorias que hab\u00edamos alcanzado peligran por el retorno de un discurso involucionista que nos devuelve al esquema del choque de civilizaciones. Y esto ocurre en un momento en Europa ha vivido la llegada de cientos de miles de personas que buscaban refugio huyendo de los conflictos y de la violencia de Siria, Afganist\u00e1n, Ucrania, Irak, Eritrea o Libia, entre otros .<\/p>\n<p>Y a pesar de que Grecia fue la cuna del asilo, donde naci\u00f3 hace m\u00e1s de 2.000 a\u00f1os, y que despu\u00e9s de la segunda guerra mundial fue Europa quien llev\u00f3 esta idea a la escena internacional con la convenci\u00f3n de Ginebra de 1951 , la reacci\u00f3n de las instituciones europeas y los estados miembros de la UE en la \u00faltima crisis de refugiados ha sido levantar vallas, omitir el salvamento mar\u00edtimo, reprimir y dificultar el tr\u00e1fico y limitar el derecho de asilo. La misma Europa que ve reaparecer la respuesta islam\u00f3foba y el rechazo organizado por la extrema derecha a la llegada de personas refugiadas en los pa\u00edses de acollida.<\/p>\n<p>Y de repente, un atentado en el coraz\u00f3n de Europa, mucho m\u00e1s cerca de lo que estamos acostumbrados, nos ha helado la sangre y hemos visto como en Par\u00eds se padec\u00eda en propia piel lo que sufrieron hace poco en Beirut, Ankara, T\u00fanez , y lo que sufren miles de personas cada d\u00eda en Siria, Irak, Pakist\u00e1n, Afganist\u00e1n y Nigeria, pa\u00edses donde se concentran el 80% de los atentados terroristas cometidos en los \u00faltimos a\u00f1os. Pa\u00edses donde buena parte de nuestros gobiernos y empresas armament\u00edsticas han estado vendiendo armas y protegiendo gobiernos no democr\u00e1ticos en virtud de una supuesta seguridad y estabilidad regional.<\/p>\n<p>Para nosotros, el respeto a la vida, a los derechos humanos ya la convivencia, son piezas fundamentales de una existencia digna y en paz. Y es por eso que ahora y siempre rechazamos radicalmente la violencia en todas sus formas, ya sea directa, cultural o estructural. En especial la violencia indiscriminada y cruelmente dirigida contra la poblaci\u00f3n civil. Por ello, creemos que es imprescindible expresar nuestro rechazo a la violencia y nuestra solidaridad con las v\u00edctimas y sus familiares, independientemente de donde se produzca. Una violencia que hay que erradicar tambi\u00e9n en las respuestas que se puedan donar.<\/p>\n<p>Porque sabemos que el terror busca provocar respuestas irracionales y estigmatizadoras, que deterioren las relaciones entre las comunidades, ya sea en Par\u00eds, en Catalu\u00f1a o en cualquier lugar, poniendo en peligro lo m\u00e1s precioso que tenemos: la cohesi\u00f3n social. La violencia b\u00fasqueda romper las bases de la convivencia y buscar incoherencias entre los valores que defendemos y su aplicaci\u00f3n a algunos de sus ciudadanos en funci\u00f3n de su pa\u00eds de origen, creencias, etnia, etc.<\/p>\n<p>Y ante la amenaza de que nuestros gobiernos respondan con intervenciones militares en los mismos pa\u00edses que sufren el terrorismo, o con el endurecimiento de las leyes de extranjer\u00eda y las repatriaciones forzosas, o con el cierre de fronteras y la vulneraci\u00f3n de los derechos humanos en quien busca acogida, o con limitaciones de nuestras libertades en beneficio de un supuesto aumento de la seguridad, creemos que la sociedad civil debe movilizarse para evitar una escalada en el desastre.<br \/>\nPor eso nos volvemos a levantar, para decir basta. No permitiremos que en nuestro nombre se inicie una nueva guerra, no avalaremos ning\u00fan bombardeo, no aceptaremos ning\u00fan nuevo recorte de nuestras libertades, no callaremos ante la proliferaci\u00f3n de discursos islam\u00f3fobos, racistas y fascistas, y no vamos a permitir m\u00e1s leyes xen\u00f3fobas ni m\u00e1s centros de detenci\u00f3n ilegales o ileg\u00edtimos.<\/p>\n<p>Por la paz, la libertad, la igualdad, la fraternidad, la solidaridad, la justicia global y la laicidad, hemos decidido salir a la calle a decir Nunca m\u00e1s !!!<\/p>\n<h1 class=\"titolnoticia\"><span id=\"ctl00_ContentPlaceHolder1_noticia1_lbTitular\">\u00a0Nunca M\u00e1s !<\/span><\/p>\n<p>Barcelona, \u00bf\u00bfnoviembre de 2015<\/h1>\n","protected":false},"excerpt":{"rendered":"<p>&nbsp; \u00a0 \u00a0 \u00a0 \u00a0 \u00a0 \u00a0 \u00a0 \u00a0 \u00a0\u00a0Ni terrorismo, ni guerra, ni fascismo, ni recorte de llibertats. \u00a0 \u00a0 \u00a0 \u00a0 \u00a0Por la paz, la justicia social y &#8230; <a title=\"Manifestaci\u00f3n el 28 de Noviembre, a las 5 de la tarde, en la Plaza Universidad de Barcelona\" class=\"read-more\" href=\"https:\/\/ccoo.app\/coty\/manifestacion-el-28-de-noviembre-a-las-5-de-la-tarde-en-la-plaza-universidad-de-barcelona\/\" aria-label=\"Leer m\u00e1s sobre Manifestaci\u00f3n el 28 de Noviembre, a las 5 de la tarde, en la Plaza Universidad de Barcelona\">Leer m\u00e1s<\/a><\/p>\n","protected":false},"author":6,"featured_media":0,"comment_status":"closed","ping_status":"closed","sticky":false,"template":"","format":"standard","meta":{"footnotes":""},"categories":[22,30],"tags":[],"class_list":["post-4500","post","type-post","status-publish","format-standard","hentry","category-eess","category-app-push-coty-granolles","generate-columns","tablet-grid-50","mobile-grid-100","grid-parent","grid-33"],"_links":{"self":[{"href":"https:\/\/ccoo.app\/coty\/wp-json\/wp\/v2\/posts\/4500","targetHints":{"allow":["GET"]}}],"collection":[{"href":"https:\/\/ccoo.app\/coty\/wp-json\/wp\/v2\/posts"}],"about":[{"href":"https:\/\/ccoo.app\/coty\/wp-json\/wp\/v2\/types\/post"}],"author":[{"embeddable":true,"href":"https:\/\/ccoo.app\/coty\/wp-json\/wp\/v2\/users\/6"}],"replies":[{"embeddable":true,"href":"https:\/\/ccoo.app\/coty\/wp-json\/wp\/v2\/comments?post=4500"}],"version-history":[{"count":1,"href":"https:\/\/ccoo.app\/coty\/wp-json\/wp\/v2\/posts\/4500\/revisions"}],"predecessor-version":[{"id":7627,"href":"https:\/\/ccoo.app\/coty\/wp-json\/wp\/v2\/posts\/4500\/revisions\/7627"}],"wp:attachment":[{"href":"https:\/\/ccoo.app\/coty\/wp-json\/wp\/v2\/media?parent=4500"}],"wp:term":[{"taxonomy":"category","embeddable":true,"href":"https:\/\/ccoo.app\/coty\/wp-json\/wp\/v2\/categories?post=4500"},{"taxonomy":"post_tag","embeddable":true,"href":"https:\/\/ccoo.app\/coty\/wp-json\/wp\/v2\/tags?post=4500"}],"curies":[{"name":"wp","href":"https:\/\/api.w.org\/{rel}","templated":true}]}}