{"id":4480,"date":"2015-11-15T12:59:23","date_gmt":"2015-11-15T11:59:23","guid":{"rendered":"http:\/\/coty.ccoo.cat\/?p=4480"},"modified":"2022-02-02T18:38:19","modified_gmt":"2022-02-02T17:38:19","slug":"ccoo-de-catalunya-condemna-fermament-els-brutals-atemptats-de-paris-i-es-solidaritza-amb-les-victimes-les-seves-families-i-amics-i-amb-la-ciutadania-i-els-treballadors-i-treballadores-francesos","status":"publish","type":"post","link":"https:\/\/ccoo.app\/coty\/ccoo-de-catalunya-condemna-fermament-els-brutals-atemptats-de-paris-i-es-solidaritza-amb-les-victimes-les-seves-families-i-amics-i-amb-la-ciutadania-i-els-treballadors-i-treballadores-francesos\/","title":{"rendered":"CCOO de Catalunya condemna fermament els brutals atemptats de Par\u00eds i es solidaritza amb les v\u00edctimes, les seves fam\u00edlies i amics, i amb la ciutadania i els treballadors i treballadores francesos"},"content":{"rendered":"<p><a href=\"http:\/\/coty.ccoo.cat\/wp-content\/uploads\/sites\/104\/2015\/11\/6099ada2435eebd334e1e8b302616d7a.jpg\"><img loading=\"lazy\" decoding=\"async\" class=\" wp-image-4481 aligncenter\" src=\"http:\/\/coty.ccoo.cat\/wp-content\/uploads\/sites\/104\/2015\/11\/6099ada2435eebd334e1e8b302616d7a-212x300.jpg\" alt=\"6099ada2435eebd334e1e8b302616d7a\" width=\"350\" height=\"495\" \/><\/a><\/p>\n<p>&nbsp;<\/p>\n<p>Amb 127 v\u00edctimes comptabilitzades i m\u00e9s de 180 ferits, els 6 atacs perpetrats de manera coordinada a Par\u00eds aquesta nit, son testimoni d\u2019una viol\u00e8ncia sense precedents. El grup Estat Isl\u00e0mic que ha reivindicat els atemptats, ha pret\u00e8s estendre amb ells el terror i la por entre els ciutadans i ciutadanes en el que no es pot considerar sin\u00f3 com un \u201catac a la democr\u00e0cia i als drets humans de l\u2019Estat de dret, a Fran\u00e7a i a la resta del m\u00f3n\u201d1 . CCOO de Catalunya vol solidaritzar-se amb les v\u00edctimes, les seves fam\u00edlies, amics i persones properes. Tamb\u00e9 vol expressar la seva admiraci\u00f3 i solidaritat amb els\/les ciutadans\/es, funcionaris\/es, treballadors\/es i voluntaris\/es que s\u2019han mobilitzat per a assistir a les v\u00edctimes i restablir la seguretat, donant exemple de valor i de civisme. Finalment, vol fer arribar l\u2019al\u00b7l\u00e8 i l\u2019afecte dels seus militants i afiliats\/des als treballadors i treballadores francesos i expressar-los el seu sincer condol. Com ha expressat el Secretari General de la Confederaci\u00f3 Europea de Sindicats,la lluita contra el terrorisme significa treballar per la democr\u00e0cia, la pau, la just\u00edcia social i condicions de treball i de vida dignes per a tots\/tes. La lluita contra el fonamentalisme, la barb\u00e0rie i el terror \u00e9s aix\u00ed una lluita que tan sols pot ser guanyada per tots i totes nosaltres i que reclama una unitat sense fissures. L\u2019assalt ferotge i inhum\u00e0 contra els nostres principis i valors m\u00e9s b\u00e0sics demana una resposta contundent per part de la ciutadania i de la classe treballadora. Aix\u00ed demanem als nostres afiliats i afiliades, als delegats i delegades de CCOO de Catalunya, que aquest dilluns a les 12:00 hores aturin la seva activitat als centres de treball i surtin al carrer per mostrar la seva solidaritat i protesta pac\u00edfica davant uns atemptats que amenacen als fonaments democr\u00e0tics de la nostra societat. Per a m\u00e9s informaci\u00f3: Dolors Llobet, secret\u00e0ria de Comunicaci\u00f3 i portaveu de CCOO de Catalunya, tel. 646.493.271 Oficina de Premsa de CCOO de Catalunya Barcelona, 14 de novembre de 201    \t    \t<\/p>\n","protected":false},"excerpt":{"rendered":"<p>&nbsp; Amb 127 v\u00edctimes comptabilitzades i m\u00e9s de 180 ferits, els 6 atacs perpetrats de manera coordinada a Par\u00eds aquesta nit, son testimoni d\u2019una viol\u00e8ncia sense precedents. El grup Estat &#8230; <a title=\"CCOO de Catalunya condemna fermament els brutals atemptats de Par\u00eds i es solidaritza amb les v\u00edctimes, les seves fam\u00edlies i amics, i amb la ciutadania i els treballadors i treballadores francesos\" class=\"read-more\" href=\"https:\/\/ccoo.app\/coty\/ccoo-de-catalunya-condemna-fermament-els-brutals-atemptats-de-paris-i-es-solidaritza-amb-les-victimes-les-seves-families-i-amics-i-amb-la-ciutadania-i-els-treballadors-i-treballadores-francesos\/\" aria-label=\"Leer m\u00e1s sobre CCOO de Catalunya condemna fermament els brutals atemptats de Par\u00eds i es solidaritza amb les v\u00edctimes, les seves fam\u00edlies i amics, i amb la ciutadania i els treballadors i treballadores francesos\">Leer m\u00e1s<\/a><\/p>\n","protected":false},"author":6,"featured_media":0,"comment_status":"closed","ping_status":"closed","sticky":false,"template":"","format":"standard","meta":{"footnotes":""},"categories":[22,30],"tags":[],"class_list":["post-4480","post","type-post","status-publish","format-standard","hentry","category-eess","category-app-push-coty-granolles","generate-columns","tablet-grid-50","mobile-grid-100","grid-parent","grid-33"],"_links":{"self":[{"href":"https:\/\/ccoo.app\/coty\/wp-json\/wp\/v2\/posts\/4480","targetHints":{"allow":["GET"]}}],"collection":[{"href":"https:\/\/ccoo.app\/coty\/wp-json\/wp\/v2\/posts"}],"about":[{"href":"https:\/\/ccoo.app\/coty\/wp-json\/wp\/v2\/types\/post"}],"author":[{"embeddable":true,"href":"https:\/\/ccoo.app\/coty\/wp-json\/wp\/v2\/users\/6"}],"replies":[{"embeddable":true,"href":"https:\/\/ccoo.app\/coty\/wp-json\/wp\/v2\/comments?post=4480"}],"version-history":[{"count":1,"href":"https:\/\/ccoo.app\/coty\/wp-json\/wp\/v2\/posts\/4480\/revisions"}],"predecessor-version":[{"id":7632,"href":"https:\/\/ccoo.app\/coty\/wp-json\/wp\/v2\/posts\/4480\/revisions\/7632"}],"wp:attachment":[{"href":"https:\/\/ccoo.app\/coty\/wp-json\/wp\/v2\/media?parent=4480"}],"wp:term":[{"taxonomy":"category","embeddable":true,"href":"https:\/\/ccoo.app\/coty\/wp-json\/wp\/v2\/categories?post=4480"},{"taxonomy":"post_tag","embeddable":true,"href":"https:\/\/ccoo.app\/coty\/wp-json\/wp\/v2\/tags?post=4480"}],"curies":[{"name":"wp","href":"https:\/\/api.w.org\/{rel}","templated":true}]}}