{"id":4374,"date":"2015-09-17T19:15:24","date_gmt":"2015-09-17T18:15:24","guid":{"rendered":"http:\/\/coty.ccoo.cat\/?p=4374"},"modified":"2022-02-02T18:38:32","modified_gmt":"2022-02-02T17:38:32","slug":"el-nuevo-complemento-de-pension-para-madres","status":"publish","type":"post","link":"https:\/\/ccoo.app\/coty\/el-nuevo-complemento-de-pension-para-madres\/","title":{"rendered":"El nuevo complemento de pensi\u00f3n para madres"},"content":{"rendered":"<p class=\"cintillo\">\n<p class=\"cintillo\">El Congreso aprueba la nueva ayuda<\/p>\n<h1 id=\"titulo_noticia\">El nuevo complemento de pensi\u00f3n para madres, al detalle<\/h1>\n<div id=\"subtitulo_noticia\" class=\"subtitulo\">\n<ul>\n<li>Si la mujer ha tenido o adoptado dos hijos, su pensi\u00f3n aumentar\u00e1 un 5%; si ha tenido tres, un 10% y cuatro o m\u00e1s, un 15% mas<\/li>\n<li>\n<div class=\"cab_articulo cab_noticia\">\n<div class=\"subtitulo\">\n<ul class=\"enlaces estirar\">\n<li><a title=\"Los nuevos jubilados, cada vez m\u00e1s caros\" href=\"http:\/\/cincodias.com\/cincodias\/2015\/08\/11\/economia\/1439312322_486562.html\" target=\"_blank\" rel=\"noopener noreferrer\">Los nuevos jubilados, cada vez m\u00e1s caros<\/a><\/li>\n<li>\n<ul class=\"enlaces estirar\">\n<li><a title=\"Nuevos actores en el mercado de pensiones\" href=\"http:\/\/cincodias.com\/cincodias\/2015\/09\/15\/mercados\/1442340583_389793.html\" target=\"_blank\" rel=\"noopener noreferrer\">Nuevos actores en el mercado de pensiones<\/a><\/li>\n<li><a title=\"Ojo con la hucha de las pensiones\" href=\"http:\/\/cincodias.com\/cincodias\/2015\/09\/15\/mercados\/1442336941_542920.html\" target=\"_blank\" rel=\"noopener noreferrer\">Ojo con la hucha de las pensiones<\/a><\/li>\n<\/ul>\n<p><span style=\"line-height: 1.5\">\u00a0 \u00a0 \u00a0 \u00a0 \u00a0 \u00a0<\/span><\/li>\n<\/ul>\n<p>&nbsp;<\/p>\n<ul class=\"enlaces estirar\">\n<li>\n<div class=\"centro\">\n<div class=\"mod_img \"><img loading=\"lazy\" decoding=\"async\" title=\"Pensiones\" src=\"http:\/\/cd00.epimg.net\/cincodias\/imagenes\/2015\/09\/16\/economia\/1442409366_244122_1442411323_noticia_normal.jpg\" alt=\"Pensiones\" width=\"664\" height=\"306\" \/><\/div>\n<div class=\"mod_txt\">\n<p>Imagen de una pensionista en su hogar.<\/p>\n<p class=\"pie-foto\"><span class=\"firma\">Cinco D\u00edas<\/span><\/p>\n<\/div>\n<\/div>\n<div id=\"cuerpo_noticia\" class=\"txt_noticia\"><\/div>\n<p><span style=\"line-height: 1.5\">\u00a0 \u00a0 \u00a0 \u00a0 \u00a0 \u00a0 \u00a0 \u00a0 \u00a0 \u00a0 \u00a0 \u00a0 \u00a0 \u00a0 \u00a0 \u00a0 \u00a0 \u00a0 \u00a0 \u00a0 \u00a0 \u00a0\u00a0<\/span><\/li>\n<li>El <strong>Pleno del Congreso de los Diputados<\/strong> ha aprobado hoy la creaci\u00f3n de un <strong>nuevo complemento a las pensiones de las mujeres con hijos<\/strong> que se jubilen a partir del pr\u00f3ximo 1 de enero. El PP introdujo esta medida en una enmienda al proyecto de ley de <a href=\"http:\/\/cincodias.com\/tag\/presupuestos_generales_estado\/a\/\" target=\"_blank\" rel=\"noopener noreferrer\">Presupuestos Generales del Estado<\/a> (PGE) para 2016, pero tuvo que aplazar su aprobaci\u00f3n hasta el Pleno de hoy por un error t\u00e9cnico, que exclu\u00eda a las funcionarias de esta ayuda.\n<p>La enmienda ha contado con los votos de PP, UPyD, PNV y UPN. Mientras que el PSOE, Izquierda Plural (IU-ICV-CHA), nacionalistas catalanes y el grueso del Grupo Mixto se han abstenido y solo ERC ha votado en contra.<\/p>\n<p>As\u00ed funcionar\u00e1 este complemento:<\/p>\n<p><strong>\u00bfQuienes la cobrar\u00e1n y a partir de cuando?<\/strong><\/p>\n<p>Se modificar\u00e1 la Ley General de la Seguridad Social para que\u00a0se reconozca \u201cun complemento de pensi\u00f3n, por su aportaci\u00f3n demogr\u00e1fica a la Seguridad Social, <strong>a las mujeres que hayan tenido hijos naturales o adoptados y sean beneficiarias en cualquier r\u00e9gimen de Seguridad Social de pensiones contributivas de jubilaci\u00f3n, viudedad e incapacidad permanente<\/strong>\u201d. El texto indica que la medida tendr\u00e1<strong>efectos desde el 1 de enero de 2016<\/strong> y su vigencia ser\u00e1 <strong>\u00abindefinida\u201d.<\/strong><\/p>\n<p><strong>\u00bfDe cu\u00e1nto ser\u00e1 el complemento?<\/strong><\/p>\n<p>Este complemento tendr\u00e1 a todos los efectos naturaleza jur\u00eddica <strong>de pensi\u00f3n p\u00fablica contributiva<\/strong>, y \u00abconsistir\u00e1 en incremetar la cuant\u00eda de la pensi\u00f3n resultante de la mujer en un porcentaje que variar\u00e1 entre el 5% y el 10% en funci\u00f3n del n\u00famero de hijos que haya tenido o adoptado. En concreto, el aumento de la pensi\u00f3n ser\u00e1 del 5% si se han tenido dos hijos, como m\u00ednimo; del 10% cuando sean tres hijos y con cuatro o m\u00e1s, llegar\u00e1 15%.<\/p>\n<p><strong>\u00bfQu\u00e9 ocurre si la pensi\u00f3n, antes del complemento, ya alcanza el l\u00edmite m\u00e1ximo legal?<\/strong><\/p>\n<p>Si la cuant\u00eda de la pensi\u00f3n reconocida inicialmente supera el l\u00edmite establecido cada a\u00f1o por la ley de aplicar el complemento, la suma de la pensi\u00f3n y del complemento no podr\u00e1 rebasar dicho l\u00edmite incrementado en un 50% del complemento asignado.<\/p>\n<p>Esto significar\u00e1 que una mujer que haya tenido dos hijos con la pensi\u00f3n m\u00e1xima reconocida ver\u00e1 incrementada dicha cuant\u00eda en un 2,5%, si tiene tres hijos, un 5% y tres o m\u00e1s, un 7,5%.<\/p>\n<p>No obstante, si la cuant\u00eda de la pensi\u00f3n reconocida alcanza el l\u00edmite aplicando solo parcialmente el complemento, la beneficiaria tendr\u00e1 derecho adem\u00e1s a percibir el 50% de la parte del complemento que exceda del l\u00edmite m\u00e1ximo vigente en cada momento.<\/p>\n<p>En los casos en que legal o reglamentariamente est\u00e9 permitida por otras causas la superaci\u00f3n del l\u00edmite m\u00e1ximo, el complemento se calcular\u00e1 en los t\u00e9rminos indicados, estimando como cuant\u00eda inicial de la pensi\u00f3n el importe del l\u00edmite m\u00e1ximo vigente en cada momento.<\/p>\n<p>\u201cSi la pensi\u00f3n a complementar se causa por totalizaci\u00f3n de per\u00edodos de seguro a pro rata temporis, en aplicaci\u00f3n de normativa internacional, el complemento se calcular\u00e1 sobre la pensi\u00f3n te\u00f3rica causada y al resultado obtenido se le aplicar\u00e1 la prorrata que corresponda\u201d, establece el art\u00edculo aprobado.<\/p>\n<p><strong>Y si la cuant\u00eda inicial no llega al m\u00ednimo legal, el nuevo complemento \u00bfes compatible con el complemento a m\u00ednimos?<\/strong><\/p>\n<p><strong>S\u00ed<\/strong>. Si la pensi\u00f3n reconocida inicialmente no llega a la m\u00ednima fijada para ese a\u00f1o, se le reconocer\u00e1 el complemento a m\u00ednimos para alcanzar la pensi\u00f3n m\u00ednima legal que incluya cada a\u00f1o los Presupuestos Generales del Estado y se le a\u00f1adir\u00e1 el nuevo complemento por maternidad.<\/p>\n<p><strong>Otros requisitos<\/strong>.<\/p>\n<p>A la hora de determinar si se tiene o no derecho a este nuevo complemento as\u00ed como su cuant\u00eda solo se tendr\u00e1n en cuenta los hijos nacidos o adoptados con anterioridad al hecho causante de la pensi\u00f3n correspondiente.<\/p>\n<p><strong>\u00bfPodr\u00e1n cobrar este complemento las mujeres que se jubilen anticipadamente?<\/strong><\/p>\n<p>Si la jubilaci\u00f3n anticipada es voluntaria, no tendr\u00e1n derecho a \u00e9l; y s\u00ed lo cobrar\u00e1 si ha sido forzosa (por despido). Tampoco se aplicar\u00e1 el complemento en las jubilaciones parciales, aunque en estos casos s\u00ed se reconocer\u00e1 cuando la jubilada parcial deje de serlo y acceda a la jubilaci\u00f3n completa ordinaria, una vez cumplida la edad de jubilaci\u00f3n.<\/p>\n<p><strong>\u00bfQu\u00e9 ocurre si la mujer tiene m\u00e1s de una pensi\u00f3n contributiva?<\/strong><\/p>\n<p>En caso de concurrencia de pensiones del sistema de la Seguridad Social, se reconocer\u00e1 el complemento por hijo solamente a una de las pensiones de la beneficiaria. Para elegir a cual se le aplica primero ser\u00e1 a la pensi\u00f3n que resulte m\u00e1s favorable y, en segundo lugar, a la de jubilaci\u00f3n si es que esta concurre con la de viudedad.<\/p>\n<p>La medida aprobada hoy en el Congreso, incluida como enmienda en los presupuestos del pr\u00f3ximo a\u00f1o a\u00fan deber\u00e1 pasar por el filtro del Senado, pero dada la mayor\u00eda absoluta del PP en la C\u00e1mara Alta no se prev\u00e9 que experimente ning\u00fan cambio, seg\u00fan fuentes de la Administraci\u00f3n.<\/p>\n<div id=\"sumario_1|despiece\" class=\"centro\"><a name=\"sumario_1\"><\/a><\/p>\n<div class=\"aside estirar\">\n<div class=\"mod_despiece\">\n<h3>Justificaciones del Gobierno<\/h3>\n<p>El texto de la enmienda explica que este nuevo complemento por maternidad en las pensiones contributivas tiene como objetivo \u201creconocer, mediante una prestaci\u00f3n social p\u00fablica, la contribuci\u00f3n demogr\u00e1fica al sistema de Seguridad Social de las mujeres trabajadoras que han compatibilizado su carrera laboral con la maternidad\u201d.<\/p>\n<p>Asimismo, busca \u201cvalorar la dimensi\u00f3n de g\u00e9nero en materia de pensiones, en cumplimiento de las recomendaciones de la Comisi\u00f3n Parlamentaria del Pacto de Toledo, atendiendo al esfuerzo asociado a la maternidad en la Seguridad Social, suavizando las consecuencias de las discriminaciones hist\u00f3ricas que han gravado m\u00e1s intensamente a las mujeres que a los hombres\u201d.<\/p>\n<p>Y, finalmente, persigue \u201celiminar o, al menos, disminuir la brecha de g\u00e9nero en pensiones, cumpliendo en este sentido tambi\u00e9n las Recomendaciones de la Uni\u00f3n Europea\u201d y \u201cdar concreci\u00f3n a los objetivos generales que atienden a las familias y al entorno en el que se desarrolla la vida familiar, en cumplimiento del Plan Integral de Apoyo a la Familia\u201d aprobado por el Gobierno.<\/p>\n<\/div>\n<\/div>\n<\/div>\n<p><span style=\"line-height: 1.5\">\u00a0 \u00a0 \u00a0 \u00a0 \u00a0 \u00a0 \u00a0 \u00a0 \u00a0 \u00a0 \u00a0 \u00a0 \u00a0 \u00a0 \u00a0<\/span><\/li>\n<\/ul>\n<\/div>\n<\/div>\n<\/li>\n<\/ul>\n<\/div>\n<div class=\"subtitulo\"><\/div>\n","protected":false},"excerpt":{"rendered":"<p>El Congreso aprueba la nueva ayuda El nuevo complemento de pensi\u00f3n para madres, al detalle Si la mujer ha tenido o adoptado dos hijos, su pensi\u00f3n aumentar\u00e1 un 5%; si &#8230; <a title=\"El nuevo complemento de pensi\u00f3n para madres\" class=\"read-more\" href=\"https:\/\/ccoo.app\/coty\/el-nuevo-complemento-de-pension-para-madres\/\" aria-label=\"Leer m\u00e1s sobre El nuevo complemento de pensi\u00f3n para madres\">Leer m\u00e1s<\/a><\/p>\n","protected":false},"author":6,"featured_media":0,"comment_status":"closed","ping_status":"closed","sticky":false,"template":"","format":"standard","meta":{"footnotes":""},"categories":[22,30],"tags":[],"class_list":["post-4374","post","type-post","status-publish","format-standard","hentry","category-eess","category-app-push-coty-granolles","generate-columns","tablet-grid-50","mobile-grid-100","grid-parent","grid-33"],"_links":{"self":[{"href":"https:\/\/ccoo.app\/coty\/wp-json\/wp\/v2\/posts\/4374","targetHints":{"allow":["GET"]}}],"collection":[{"href":"https:\/\/ccoo.app\/coty\/wp-json\/wp\/v2\/posts"}],"about":[{"href":"https:\/\/ccoo.app\/coty\/wp-json\/wp\/v2\/types\/post"}],"author":[{"embeddable":true,"href":"https:\/\/ccoo.app\/coty\/wp-json\/wp\/v2\/users\/6"}],"replies":[{"embeddable":true,"href":"https:\/\/ccoo.app\/coty\/wp-json\/wp\/v2\/comments?post=4374"}],"version-history":[{"count":1,"href":"https:\/\/ccoo.app\/coty\/wp-json\/wp\/v2\/posts\/4374\/revisions"}],"predecessor-version":[{"id":7653,"href":"https:\/\/ccoo.app\/coty\/wp-json\/wp\/v2\/posts\/4374\/revisions\/7653"}],"wp:attachment":[{"href":"https:\/\/ccoo.app\/coty\/wp-json\/wp\/v2\/media?parent=4374"}],"wp:term":[{"taxonomy":"category","embeddable":true,"href":"https:\/\/ccoo.app\/coty\/wp-json\/wp\/v2\/categories?post=4374"},{"taxonomy":"post_tag","embeddable":true,"href":"https:\/\/ccoo.app\/coty\/wp-json\/wp\/v2\/tags?post=4374"}],"curies":[{"name":"wp","href":"https:\/\/api.w.org\/{rel}","templated":true}]}}