{"id":4351,"date":"2015-09-03T18:06:05","date_gmt":"2015-09-03T17:06:05","guid":{"rendered":"http:\/\/coty.ccoo.cat\/?p=4351"},"modified":"2022-02-02T18:38:36","modified_gmt":"2022-02-02T17:38:36","slug":"los-trabajadores-de-inovyn-solvay-se-movilizan-en-defensa-de-sus-puestos-de-trabajo","status":"publish","type":"post","link":"https:\/\/ccoo.app\/coty\/los-trabajadores-de-inovyn-solvay-se-movilizan-en-defensa-de-sus-puestos-de-trabajo\/","title":{"rendered":"Los trabajadores de Inovyn-Solvay se movilizan en defensa de sus puestos de trabajo"},"content":{"rendered":"<h1 class=\"titolnoticia\"><span id=\"ctl00_ContentPlaceHolder1_noticia1_lbTitular\">Los trabajadores de Inovyn-Solvay se movilizan en defensa de sus puestos de trabajo<\/span><\/h1>\n<p><img decoding=\"async\" id=\"ctl00_ContentPlaceHolder1_noticia1_imgNoticia\" class=\"imagefloatleft\" src=\"http:\/\/www.ccoo.cat\/imatges\/fotos_100_75\/inovyn%20solvay_.jpg\" alt=\"Foto\" align=\"left\" \/>CCOO de Industria de Catalu\u00f1a apoyamos las movilizaciones que preparan los trabajadores de Inovyn-Solvay en defensa de sus puestos de trabajo y la viabilidad de la planta de Martorell, y nos sumamos a las peticiones del comit\u00e9 de empresa para que la empresa ponga todos los medios necesarios para resolver la delicada situaci\u00f3n en que se encuentra y para que el Ministerio de Industria se implique en la b\u00fasqueda de una soluci\u00f3n que garantice la viabilidad y la ocupaci\u00f3n de la planta.<\/p>\n<p>El <strong>martes 8 de septiembre se ha convocado una concentraci\u00f3n a partir de las 18.30 h, frente a la sede de la Delegaci\u00f3n del Gobierno en Barcelona<\/strong> (cruce de la c. De Mallorca con el c. De Lauria) .<\/p>\n<p><strong>Os adjuntamos a continuaci\u00f3n el comunicado del comit\u00e9 de empresa a este respecto:<\/strong><\/p>\n<p><em>El comit\u00e9 de Inovyn-Solvay queremos expresar nuestro absoluto rechazo y condena por la falta de coherencia en la aplicaci\u00f3n de la ley que se concreta: en la interpretaci\u00f3n realizada del contrato el\u00e9ctrico por parte de la empresa, en la negligencia de Red El\u00e9ctrica en el procedimiento de aplicaci\u00f3n de la ley y por la desproporcionada decisi\u00f3n tomada por el Ministerio de Industria. Esta serie de desprop\u00f3sitos ha realizado sin tener en cuenta las repercusiones que puedan producirse sobre los puestos de trabajo y la actividad industrial.<\/p>\n<p>Exigimos:<br \/>\n\u2022 En la direcci\u00f3n de Inovyn-Solvay, que inicie la v\u00eda judicial para la resoluci\u00f3n del conflicto relacionado con el contrato el\u00e9ctrico y que ponga todos los medios necesarios para garantizar nuestros puestos de trabajo.<br \/>\n\u2022 En el Ministerio de Industria, la creaci\u00f3n de una mesa de di\u00e1logo donde la prioridad sea la viabilidad de la planta de Inovyn-Solvay Martorell y se garantice el mantenimiento de los puestos de treball.<\/p>\n<p>Por nuestra parte, los trabajadores y trabajadoras, con el apoyo de sindicatos, partidos pol\u00edticos y movimientos sociales iniciamos un calendario de movilizaciones. La primera de las cuales ser\u00e1 una concentraci\u00f3n que tendr\u00e1 lugar el d\u00eda 8 de septiembre, a las 18.30h ante la Delegaci\u00f3n del Gobierno en Barcelona (c. De Mallorca esquina con c. De Roger de LL\u00faria).<\/em><\/p>\n<div class=\"peunoticia\"><span id=\"ctl00_ContentPlaceHolder1_noticia1_lbSignatura\">02\/09\/2015<\/span><br \/>\n<strong>AVISO &#8211; TRADUCCI\u00d3N AUTOM\u00c1TICA <\/strong><\/p>\n<p>Esta informaci\u00f3n ha sido traducida por un sistema inform\u00e1tico de traducci\u00f3n, sin ayuda humana. CCOO de Catalunya ofrece este servicio a los usuarios que no comprenden el catal\u00e1n, exclusivamente,\u00a0con el fin de que puedan entender la informaci\u00f3n\u00a0m\u00e1s f\u00e1cilmente. CCOO de Catalunya no se hace responsable de la calidad ling\u00fc\u00edstica de las traducciones ni de la calidad t\u00e9cnica de los contenidos as\u00ed como tampoco de cualquier problema, directo o indirecto, que pueda surgir como consecuencia de la utilizaci\u00f3n de este sistema por los lectores.<\/p><\/div>\n<p>&nbsp;    \t    \t<\/p>\n","protected":false},"excerpt":{"rendered":"<p>Los trabajadores de Inovyn-Solvay se movilizan en defensa de sus puestos de trabajo CCOO de Industria de Catalu\u00f1a apoyamos las movilizaciones que preparan los trabajadores de Inovyn-Solvay en defensa de &#8230; <a title=\"Los trabajadores de Inovyn-Solvay se movilizan en defensa de sus puestos de trabajo\" class=\"read-more\" href=\"https:\/\/ccoo.app\/coty\/los-trabajadores-de-inovyn-solvay-se-movilizan-en-defensa-de-sus-puestos-de-trabajo\/\" aria-label=\"Leer m\u00e1s sobre Los trabajadores de Inovyn-Solvay se movilizan en defensa de sus puestos de trabajo\">Leer m\u00e1s<\/a><\/p>\n","protected":false},"author":6,"featured_media":0,"comment_status":"closed","ping_status":"closed","sticky":false,"template":"","format":"standard","meta":{"footnotes":""},"categories":[22,30],"tags":[],"class_list":["post-4351","post","type-post","status-publish","format-standard","hentry","category-eess","category-app-push-coty-granolles","generate-columns","tablet-grid-50","mobile-grid-100","grid-parent","grid-33"],"_links":{"self":[{"href":"https:\/\/ccoo.app\/coty\/wp-json\/wp\/v2\/posts\/4351","targetHints":{"allow":["GET"]}}],"collection":[{"href":"https:\/\/ccoo.app\/coty\/wp-json\/wp\/v2\/posts"}],"about":[{"href":"https:\/\/ccoo.app\/coty\/wp-json\/wp\/v2\/types\/post"}],"author":[{"embeddable":true,"href":"https:\/\/ccoo.app\/coty\/wp-json\/wp\/v2\/users\/6"}],"replies":[{"embeddable":true,"href":"https:\/\/ccoo.app\/coty\/wp-json\/wp\/v2\/comments?post=4351"}],"version-history":[{"count":1,"href":"https:\/\/ccoo.app\/coty\/wp-json\/wp\/v2\/posts\/4351\/revisions"}],"predecessor-version":[{"id":7661,"href":"https:\/\/ccoo.app\/coty\/wp-json\/wp\/v2\/posts\/4351\/revisions\/7661"}],"wp:attachment":[{"href":"https:\/\/ccoo.app\/coty\/wp-json\/wp\/v2\/media?parent=4351"}],"wp:term":[{"taxonomy":"category","embeddable":true,"href":"https:\/\/ccoo.app\/coty\/wp-json\/wp\/v2\/categories?post=4351"},{"taxonomy":"post_tag","embeddable":true,"href":"https:\/\/ccoo.app\/coty\/wp-json\/wp\/v2\/tags?post=4351"}],"curies":[{"name":"wp","href":"https:\/\/api.w.org\/{rel}","templated":true}]}}