{"id":4349,"date":"2015-09-03T18:03:34","date_gmt":"2015-09-03T17:03:34","guid":{"rendered":"http:\/\/coty.ccoo.cat\/?p=4349"},"modified":"2022-02-02T18:38:36","modified_gmt":"2022-02-02T17:38:36","slug":"los-trabajadores-de-valeo-quieren-dejar-claro-a-seat-y-nissan-que-no-estan-dispuestos-a-perder-sus-puestos-de-trabajo","status":"publish","type":"post","link":"https:\/\/ccoo.app\/coty\/los-trabajadores-de-valeo-quieren-dejar-claro-a-seat-y-nissan-que-no-estan-dispuestos-a-perder-sus-puestos-de-trabajo\/","title":{"rendered":"Los trabajadores de Valeo quieren dejar claro a Seat y Nissan que no est\u00e1n dispuestos a perder sus puestos de trabajo"},"content":{"rendered":"<h1 class=\"titolnoticia\"><span id=\"ctl00_ContentPlaceHolder1_noticia1_lbTitular\">Los trabajadores de Valeo quieren dejar claro a Seat y Nissan que no est\u00e1n dispuestos a perder sus puestos de trabajo<\/span><\/h1>\n<p><img decoding=\"async\" id=\"ctl00_ContentPlaceHolder1_noticia1_imgNoticia\" class=\"imagefloatleft\" src=\"http:\/\/www.ccoo.cat\/imatges\/fotos_100_75\/valeo_seat_.jpg\" alt=\"Foto\" align=\"left\" \/>M\u00e1s de 200 trabajadores de Valeo Clima abrieron ayer el calendario de movilizaciones contra el cierre de la planta de Martorelles con una concentraci\u00f3n ante los puentes de acceso de la plantilla de Seat Martorell, coincidiendo con el cambio de turno de los trabajadores de la automovil\u00edstica, donde repartieron octavillas informativas donde denuncian la situaci\u00f3n en que se encuentran tras el anuncio de deslocalizaci\u00f3n hecho por la empresa y pedir la solidaridad de la plantilla de Seat. Durante la concentraci\u00f3n recibieron el apoyo de los compa\u00f1eros de la secci\u00f3n sindical de CCOO de Seat Martorell y de delegados y delegadas de otras empresas del pol\u00edgon.<\/p>\n<p><a href=\"https:\/\/www.facebook.com\/media\/set\/?set=a.749870218475386.1073741893.231928853602861&amp;type=3&amp;uploaded=30\" target=\"_blank\" rel=\"noopener noreferrer\">Galer\u00eda de im\u00e1genes de la concentraci\u00f3n ante Seat<\/a><\/p>\n<p>Ma\u00f1ana <strong>jueves, 3 de <\/strong>septiembre, repetir\u00e1n la concentraci\u00f3n en Nissan de la Zona Franca de Barcelona, \u00bf\u00bfa partir de las 12.45 horas, ante la puerta de acceso que queda frente al MAKRO, donde los acompa\u00f1ar\u00e1n a los compa\u00f1eros de la secci\u00f3n sindical de CCOO de Nissan.<\/p>\n<p>Con estas acciones, los trabajadores de Valeo, que est\u00e1n en huelga indefinida desde finales de julio, quieren dejar claro a Seat y Nissan que est\u00e1n dispuestos a perder sus puestos de trabajo y que luchar\u00e1n hasta el final en defensa de la continuidad planta vallesana. Recordemos que Valeo trabaja para las dos automovil\u00edsticas fabricante e instalando sistemas de aire acondicionado para algunos models.<\/p>\n<p>El concierto solidario que se ten\u00eda que hacer este viernes en el campamento de vigilancia de Valeo se ha pospuesto hasta el 18 de septiembre por razones meteorol\u00f3gicas.<\/p>\n<div class=\"peunoticia\"><span id=\"ctl00_ContentPlaceHolder1_noticia1_lbSignatura\">02\/09\/2015<\/span><br \/>\n<strong>AVISO &#8211; TRADUCCI\u00d3N AUTOM\u00c1TICA <\/strong><\/p>\n<p>Esta informaci\u00f3n ha sido traducida por un sistema inform\u00e1tico de traducci\u00f3n, sin ayuda humana. CCOO de Catalunya ofrece este servicio a los usuarios que no comprenden el catal\u00e1n, exclusivamente,\u00a0con el fin de que puedan entender la informaci\u00f3n\u00a0m\u00e1s f\u00e1cilmente. CCOO de Catalunya no se hace responsable de la calidad ling\u00fc\u00edstica de las traducciones ni de la calidad t\u00e9cnica de los contenidos as\u00ed como tampoco de cualquier problema, directo o indirecto, que pueda surgir como consecuencia de la utilizaci\u00f3n de este sistema por los lectores.<\/p><\/div>\n<p>&nbsp;    \t    \t<\/p>\n","protected":false},"excerpt":{"rendered":"<p>Los trabajadores de Valeo quieren dejar claro a Seat y Nissan que no est\u00e1n dispuestos a perder sus puestos de trabajo M\u00e1s de 200 trabajadores de Valeo Clima abrieron ayer &#8230; <a title=\"Los trabajadores de Valeo quieren dejar claro a Seat y Nissan que no est\u00e1n dispuestos a perder sus puestos de trabajo\" class=\"read-more\" href=\"https:\/\/ccoo.app\/coty\/los-trabajadores-de-valeo-quieren-dejar-claro-a-seat-y-nissan-que-no-estan-dispuestos-a-perder-sus-puestos-de-trabajo\/\" aria-label=\"Leer m\u00e1s sobre Los trabajadores de Valeo quieren dejar claro a Seat y Nissan que no est\u00e1n dispuestos a perder sus puestos de trabajo\">Leer m\u00e1s<\/a><\/p>\n","protected":false},"author":6,"featured_media":0,"comment_status":"closed","ping_status":"closed","sticky":false,"template":"","format":"standard","meta":{"footnotes":""},"categories":[22,30],"tags":[],"class_list":["post-4349","post","type-post","status-publish","format-standard","hentry","category-eess","category-app-push-coty-granolles","generate-columns","tablet-grid-50","mobile-grid-100","grid-parent","grid-33"],"_links":{"self":[{"href":"https:\/\/ccoo.app\/coty\/wp-json\/wp\/v2\/posts\/4349","targetHints":{"allow":["GET"]}}],"collection":[{"href":"https:\/\/ccoo.app\/coty\/wp-json\/wp\/v2\/posts"}],"about":[{"href":"https:\/\/ccoo.app\/coty\/wp-json\/wp\/v2\/types\/post"}],"author":[{"embeddable":true,"href":"https:\/\/ccoo.app\/coty\/wp-json\/wp\/v2\/users\/6"}],"replies":[{"embeddable":true,"href":"https:\/\/ccoo.app\/coty\/wp-json\/wp\/v2\/comments?post=4349"}],"version-history":[{"count":1,"href":"https:\/\/ccoo.app\/coty\/wp-json\/wp\/v2\/posts\/4349\/revisions"}],"predecessor-version":[{"id":7662,"href":"https:\/\/ccoo.app\/coty\/wp-json\/wp\/v2\/posts\/4349\/revisions\/7662"}],"wp:attachment":[{"href":"https:\/\/ccoo.app\/coty\/wp-json\/wp\/v2\/media?parent=4349"}],"wp:term":[{"taxonomy":"category","embeddable":true,"href":"https:\/\/ccoo.app\/coty\/wp-json\/wp\/v2\/categories?post=4349"},{"taxonomy":"post_tag","embeddable":true,"href":"https:\/\/ccoo.app\/coty\/wp-json\/wp\/v2\/tags?post=4349"}],"curies":[{"name":"wp","href":"https:\/\/api.w.org\/{rel}","templated":true}]}}