{"id":2457,"date":"2015-05-07T18:23:14","date_gmt":"2015-05-07T17:23:14","guid":{"rendered":"http:\/\/coty.ccoo.cat\/?p=2457"},"modified":"2022-02-02T18:38:46","modified_gmt":"2022-02-02T17:38:46","slug":"comunicado-no-1-constituida-la-mesa-negociadora-del-convenio-de-perfumeria-y-afines","status":"publish","type":"post","link":"https:\/\/ccoo.app\/coty\/comunicado-no-1-constituida-la-mesa-negociadora-del-convenio-de-perfumeria-y-afines\/","title":{"rendered":"Comunicado n\u00ba 1 &#8211; Constituida la mesa negociadora del   convenio de perfumer\u00eda y afines"},"content":{"rendered":"<p><a href=\"http:\/\/coty.ccoo.cat\/wp-content\/uploads\/sites\/104\/2015\/05\/julio.jpg\"><img loading=\"lazy\" decoding=\"async\" class=\"alignleft wp-image-2407 size-full\" src=\"http:\/\/coty.ccoo.cat\/wp-content\/uploads\/sites\/104\/2015\/05\/julio.jpg\" alt=\"julio\" width=\"792\" height=\"616\" \/><\/a><\/p>\n<h3>Constituida la Mesa Negociadora del convenio<\/h3>\n<p>En Barcelona, a 1 de diciembre de 2014, se constituy\u00f3 la Comisi\u00f3n Negociadora del convenio de Perfumer\u00eda y afines para el a\u00f1o 2015.<\/p>\n<ul>\n<li>Acordando que la pr\u00f3xima reuni\u00f3n de la comisi\u00f3n negociadora ser\u00e1 el d\u00eda 20 de enero de 2015 en las instalaciones de SATNPA de Madrid.<\/li>\n<li>Desde ambas organizaciones sindicales se valora muy positivo la constituci\u00f3n y desarrollo de esta Mesa, espacio de interlocuci\u00f3n entre los agentes sociales implicados cuyo objetivo es la consolidaci\u00f3n y mejora del empleo del sector as\u00ed como sus condiciones sociolaborales,<\/li>\n<\/ul>\n<p><strong>Federaci\u00f3n de Industria y Trabajadores Agrarios de UGT <\/strong><\/p>\n<p><strong>CCOO de Industria<\/strong><\/p>\n<p>[themify_button style=\u00bbred large embossed\u00bb link=\u00bbhttp:\/\/coty.ccoo.cat\/wp-content\/uploads\/sites\/104\/2015\/05\/doc225208_Comunicado_n_1_-_Constituida_la_mesa_negociadora_del_convenio_de_perfumeria_y_afines.pdf\u00bb text=\u00bb_blank\u00bb ]Consulta el Comunicado[\/themify_button]<\/p>\n<p>&nbsp;    \t    \t<\/p>\n","protected":false},"excerpt":{"rendered":"<p>Constituida la Mesa Negociadora del convenio En Barcelona, a 1 de diciembre de 2014, se constituy\u00f3 la Comisi\u00f3n Negociadora del convenio de Perfumer\u00eda y afines para el a\u00f1o 2015. Acordando &#8230; <a title=\"Comunicado n\u00ba 1 &#8211; Constituida la mesa negociadora del   convenio de perfumer\u00eda y afines\" class=\"read-more\" href=\"https:\/\/ccoo.app\/coty\/comunicado-no-1-constituida-la-mesa-negociadora-del-convenio-de-perfumeria-y-afines\/\" aria-label=\"Leer m\u00e1s sobre Comunicado n\u00ba 1 &#8211; Constituida la mesa negociadora del   convenio de perfumer\u00eda y afines\">Leer m\u00e1s<\/a><\/p>\n","protected":false},"author":6,"featured_media":2390,"comment_status":"closed","ping_status":"closed","sticky":false,"template":"","format":"standard","meta":{"footnotes":""},"categories":[30],"tags":[],"class_list":["post-2457","post","type-post","status-publish","format-standard","has-post-thumbnail","hentry","category-app-push-coty-granolles","generate-columns","tablet-grid-50","mobile-grid-100","grid-parent","grid-33"],"_links":{"self":[{"href":"https:\/\/ccoo.app\/coty\/wp-json\/wp\/v2\/posts\/2457","targetHints":{"allow":["GET"]}}],"collection":[{"href":"https:\/\/ccoo.app\/coty\/wp-json\/wp\/v2\/posts"}],"about":[{"href":"https:\/\/ccoo.app\/coty\/wp-json\/wp\/v2\/types\/post"}],"author":[{"embeddable":true,"href":"https:\/\/ccoo.app\/coty\/wp-json\/wp\/v2\/users\/6"}],"replies":[{"embeddable":true,"href":"https:\/\/ccoo.app\/coty\/wp-json\/wp\/v2\/comments?post=2457"}],"version-history":[{"count":1,"href":"https:\/\/ccoo.app\/coty\/wp-json\/wp\/v2\/posts\/2457\/revisions"}],"predecessor-version":[{"id":7685,"href":"https:\/\/ccoo.app\/coty\/wp-json\/wp\/v2\/posts\/2457\/revisions\/7685"}],"wp:featuredmedia":[{"embeddable":true,"href":"https:\/\/ccoo.app\/coty\/wp-json\/"}],"wp:attachment":[{"href":"https:\/\/ccoo.app\/coty\/wp-json\/wp\/v2\/media?parent=2457"}],"wp:term":[{"taxonomy":"category","embeddable":true,"href":"https:\/\/ccoo.app\/coty\/wp-json\/wp\/v2\/categories?post=2457"},{"taxonomy":"post_tag","embeddable":true,"href":"https:\/\/ccoo.app\/coty\/wp-json\/wp\/v2\/tags?post=2457"}],"curies":[{"name":"wp","href":"https:\/\/api.w.org\/{rel}","templated":true}]}}