{"id":3154,"date":"2011-10-19T12:12:00","date_gmt":"2011-10-19T10:12:00","guid":{"rendered":"https:\/\/ccoo.app\/barcelona-serveis-municipals\/gratuidad-area-verde-residentes-e-incremento-tasa-grua\/"},"modified":"2011-10-19T12:12:00","modified_gmt":"2011-10-19T10:12:00","slug":"gratuidad-area-verde-residentes-e-incremento-tasa-grua","status":"publish","type":"post","link":"https:\/\/ccoo.app\/barcelona-serveis-municipals\/gratuidad-area-verde-residentes-e-incremento-tasa-grua\/","title":{"rendered":"GRATUIDAD AREA VERDE RESIDENTES E INCREMENTO TASA GR\u00daA"},"content":{"rendered":"<div style=\"clear: both;text-align: center\">\n<a href=\"http:\/\/1.bp.blogspot.com\/-j941_qDCPVY\/Tp6dGrDoBkI\/AAAAAAAAAJk\/GjN0QXYdlOQ\/s1600\/Ajuntament+de+Barcelona.jpg\" style=\"clear: left;float: left;margin-bottom: 1em;margin-right: 1em\"><img decoding=\"async\" border=\"0\" src=\"http:\/\/1.bp.blogspot.com\/-j941_qDCPVY\/Tp6dGrDoBkI\/AAAAAAAAAJk\/GjN0QXYdlOQ\/s1600\/Ajuntament+de+Barcelona.jpg\" \/><\/a><\/div>\n<div style=\"text-align: justify\">\nAyer d\u00eda 18 de Octubre, el equipo de gobierno de CiU, en el Ayuntamiento de Barcelona, present\u00f3 la <b>propuesta de ordenanzas fiscales<\/b> para el a\u00f1o que viene, que debe ser negociada con el resto de fuerzas pol\u00edticas, ya que es de sobra conocido que CiU gobierna en Barcelona en minor\u00eda.<\/div>\n<div style=\"text-align: justify\">\nMa\u00f1ana d\u00eda 20 de Octubre de 2011, se debatir\u00e1n estas cuestiones en la Comisi\u00f3n de Econom\u00eda, d\u00f3nde se decidir\u00e1, si se aplican tal como se han anunciado o sufren cambios.<\/div>\n<div style=\"text-align: justify\">\n<\/div>\n<div style=\"clear: both;text-align: justify\">\n<a href=\"http:\/\/4.bp.blogspot.com\/-ttQ1_eMvihE\/Tp6dX-QHh0I\/AAAAAAAAAJs\/1JKzc0ahuLQ\/s1600\/se%25C3%25B1al+exlusiva+residentes.jpg\" style=\"clear: right;float: right;margin-bottom: 1em;margin-left: 1em\"><img loading=\"lazy\" decoding=\"async\" border=\"0\" height=\"200\" src=\"http:\/\/4.bp.blogspot.com\/-ttQ1_eMvihE\/Tp6dX-QHh0I\/AAAAAAAAAJs\/1JKzc0ahuLQ\/s200\/se%25C3%25B1al+exlusiva+residentes.jpg\" width=\"148\" \/><\/a><\/div>\n<div style=\"text-align: justify\">\nCentrados en la noticia estrella, que implica afectaci\u00f3n directa en los cometidos de los trabajadores\/as del estacionamiento regulado de BSM, CiU informa que los<b> residentes que no hayan sido sancionados en un per\u00edodo de un a\u00f1o<\/b> (Octubre a Octubre), ser\u00e1n bonificados con la <b>gratuidad del tiquet de Area Verde<\/b> ( 20 c\u00e9ntimos diarios de Lunes a Viernes, sin bonificaci\u00f3n). No se ha especificado que tipo de sanciones no deben tener para obtener la gratuidad, o si bien ser\u00e1 cualquier sanci\u00f3n que imponga el ayuntamiento de Barcelona.<\/div>\n<div style=\"text-align: justify\">\nAcompa\u00f1ado de esta medida se informa de que <b>se eliminar\u00e1n los distintivos de residentes<\/b>, ya que con la tarjeta que faciliten al ciudadano\/residente, ya le saldr\u00e1 la matr\u00edcula en el tiquet de estacionamiento. Lo que no nos queda claro, es si tambi\u00e9n saldr\u00e1 la zona de estacionamiento en el tiquet, o si bien quieren eliminar las zonas de estacionamiento y que todo Barcelona sea una \u00fanica zona de residentes. Habr\u00e1 que estar espectantes a ver acontecimientos.<\/div>\n<div style=\"text-align: justify\">\n<\/div>\n<div style=\"clear: both;text-align: justify\">\n<a href=\"http:\/\/4.bp.blogspot.com\/-hq8YaoxPhU8\/Tg89HBWtVTI\/AAAAAAAAAGI\/f_Vc8Q_jhE4\/s1600\/area+verde.jpg\" style=\"clear: left;float: left;margin-bottom: 1em;margin-right: 1em\"><img decoding=\"async\" border=\"0\" src=\"http:\/\/4.bp.blogspot.com\/-hq8YaoxPhU8\/Tg89HBWtVTI\/AAAAAAAAAGI\/f_Vc8Q_jhE4\/s1600\/area+verde.jpg\" \/><\/a><\/div>\n<div style=\"text-align: justify\">\nEn cuanto a las tarifas de estacionamiento, <b>el \u00e1rea verde<br \/>\npara los residentes<\/b> con alguna sanci\u00f3n en los \u00faltimos 12 meses mantiene su<b><br \/>\nprecio congelado<\/b>. La llamada <b>\u00e1rea verde mixta<\/b> (preferente), donde los que no son<br \/>\nresidentes pueden aparcar su veh\u00edculo sube su precio un <b>2,6%<\/b>, y&nbsp; las <b>\u00e1reas azules<\/b> m\u00e1s<br \/>\nc\u00e9ntricas, las que corresponden a las zonas A y B elevar\u00e1n su tarifa un<b><br \/>\n4%<\/b>, mientras que las C y D lo har\u00e1n un <b>2%<\/b>.<\/div>\n<div style=\"text-align: justify\">\n<\/div>\n<div style=\"clear: both;text-align: justify\">\n<a href=\"http:\/\/1.bp.blogspot.com\/-Y8tJjWUFUHo\/TadNiXHyXQI\/AAAAAAAAACk\/Laf7gx0X1c8\/s1600\/grua1.jpg\" style=\"clear: right;float: right;margin-bottom: 1em;margin-left: 1em\"><img loading=\"lazy\" decoding=\"async\" border=\"0\" height=\"115\" src=\"http:\/\/1.bp.blogspot.com\/-Y8tJjWUFUHo\/TadNiXHyXQI\/AAAAAAAAACk\/Laf7gx0X1c8\/s200\/grua1.jpg\" width=\"200\" \/><\/a><\/div>\n<div style=\"text-align: justify\">\nPor otro lado, cabe destacar la propuesta de <b>s\u00fabida de la tarifa de la Gr\u00faa, en un 1,5%,<\/b> llegando hasta los 153 euros. Nos parece extra\u00f1o, que hace unos meses el propio alcalde hablara de que la tasa de retirada de gr\u00faa era la m\u00e1s cara del mundo( puedes verlo en nuestro blog, <a href=\"http:\/\/ccoobsm.blogspot.com\/2011\/07\/decisiones-del-nuevo-alcalde-trias-en.html\">clicka aqu\u00ed<\/a>), y que habr\u00eda que estudiar como se puede bajar, para que su primera decisi\u00f3n como alcalde sea subirla.<\/p>\n<p><span style=\"font-size: x-small\">fuente informaci\u00f3n <a href=\"http:\/\/www.lavanguardia.com\/local\/barcelona\/20111018\/54232206291\/el-area-verde-de-aparcamiento-sera-gratis-para-los-barceloneses-que-no-tengan-multas.html\">La Vanguardia<\/a> <a href=\"http:\/\/www.elperiodico.com\/es\/noticias\/barcelona\/trias-mantiene-ibi-propone-gratuidad-del-area-verde-vecinos-1187753#\">El Peri\u00f3dico<\/a> <a href=\"http:\/\/www.elmundo.es\/elmundo\/2011\/10\/18\/barcelona\/1318936090.html\">El Mundo<\/a><\/span><\/div>\n<div style=\"clear: both;text-align: center\">\n<a href=\"http:\/\/1.bp.blogspot.com\/-LN8B_Jucz18\/TndTkwQAaWI\/AAAAAAAAAH4\/oeqE0PfI7Fk\/s1600\/tu+ganas.jpeg\" style=\"margin-left: 1em;margin-right: 1em\"><img loading=\"lazy\" decoding=\"async\" border=\"0\" height=\"200\" src=\"http:\/\/1.bp.blogspot.com\/-LN8B_Jucz18\/TndTkwQAaWI\/AAAAAAAAAH4\/oeqE0PfI7Fk\/s200\/tu+ganas.jpeg\" width=\"188\" \/>&nbsp;<\/a><\/div>\n","protected":false},"excerpt":{"rendered":"<p>Ayer d\u00eda 18 de Octubre, el equipo de gobierno de CiU, en el Ayuntamiento de Barcelona, present\u00f3 la propuesta de ordenanzas fiscales para el a\u00f1o que viene, que debe ser &#8230; <a title=\"GRATUIDAD AREA VERDE RESIDENTES E INCREMENTO TASA GR\u00daA\" class=\"read-more\" href=\"https:\/\/ccoo.app\/barcelona-serveis-municipals\/gratuidad-area-verde-residentes-e-incremento-tasa-grua\/\" aria-label=\"M\u00e9s informaci\u00f3 sobre GRATUIDAD AREA VERDE RESIDENTES E INCREMENTO TASA GR\u00daA\">Read more<\/a><\/p>\n","protected":false},"author":4519,"featured_media":0,"comment_status":"closed","ping_status":"closed","sticky":false,"template":"","format":"standard","meta":{"footnotes":""},"categories":[1],"tags":[],"class_list":["post-3154","post","type-post","status-publish","format-standard","hentry","category-sin-categoria","generate-columns","tablet-grid-50","mobile-grid-100","grid-parent","grid-33"],"_links":{"self":[{"href":"https:\/\/ccoo.app\/barcelona-serveis-municipals\/wp-json\/wp\/v2\/posts\/3154","targetHints":{"allow":["GET"]}}],"collection":[{"href":"https:\/\/ccoo.app\/barcelona-serveis-municipals\/wp-json\/wp\/v2\/posts"}],"about":[{"href":"https:\/\/ccoo.app\/barcelona-serveis-municipals\/wp-json\/wp\/v2\/types\/post"}],"author":[{"embeddable":true,"href":"https:\/\/ccoo.app\/barcelona-serveis-municipals\/wp-json\/wp\/v2\/users\/4519"}],"replies":[{"embeddable":true,"href":"https:\/\/ccoo.app\/barcelona-serveis-municipals\/wp-json\/wp\/v2\/comments?post=3154"}],"version-history":[{"count":0,"href":"https:\/\/ccoo.app\/barcelona-serveis-municipals\/wp-json\/wp\/v2\/posts\/3154\/revisions"}],"wp:attachment":[{"href":"https:\/\/ccoo.app\/barcelona-serveis-municipals\/wp-json\/wp\/v2\/media?parent=3154"}],"wp:term":[{"taxonomy":"category","embeddable":true,"href":"https:\/\/ccoo.app\/barcelona-serveis-municipals\/wp-json\/wp\/v2\/categories?post=3154"},{"taxonomy":"post_tag","embeddable":true,"href":"https:\/\/ccoo.app\/barcelona-serveis-municipals\/wp-json\/wp\/v2\/tags?post=3154"}],"curies":[{"name":"wp","href":"https:\/\/api.w.org\/{rel}","templated":true}]}}