{"id":3153,"date":"2011-10-19T19:20:00","date_gmt":"2011-10-19T17:20:00","guid":{"rendered":"https:\/\/ccoo.app\/barcelona-serveis-municipals\/campana-electoral-bsm\/"},"modified":"2011-10-19T19:20:00","modified_gmt":"2011-10-19T17:20:00","slug":"campana-electoral-bsm","status":"publish","type":"post","link":"https:\/\/ccoo.app\/barcelona-serveis-municipals\/campana-electoral-bsm\/","title":{"rendered":"CAMPA\u00d1A ELECTORAL BSM"},"content":{"rendered":"<div style=\"clear: both;text-align: center\">\n<a href=\"http:\/\/3.bp.blogspot.com\/-V6_7ilUJfHI\/Tp8D1ZGQY9I\/AAAAAAAAAJ8\/-XuGhqw4cVI\/s1600\/Cartel+Vota+CCOO.jpg\" style=\"clear: left;float: left;margin-bottom: 1em;margin-right: 1em\"><img loading=\"lazy\" decoding=\"async\" border=\"0\" height=\"200\" src=\"http:\/\/3.bp.blogspot.com\/-V6_7ilUJfHI\/Tp8D1ZGQY9I\/AAAAAAAAAJ8\/-XuGhqw4cVI\/s200\/Cartel+Vota+CCOO.jpg\" width=\"80\" \/><\/a><\/div>\n<div style=\"text-align: justify\">\nHoy d\u00eda 19 de Octubre, se han proclamado definitivamente todas las candidaturas que concurren al proceso electoral en BSM, tanto por el colegio de especialistas, como por el de t\u00e9cnicos.<\/div>\n<div style=\"text-align: justify\">\n<\/div>\n<div style=\"text-align: justify\">\nEn cu\u00e1nto a <b>CCOO<\/b>, nos presentamos en ambos colegios, intentando conjugar la<b> experiencia de algunos de nosotros<\/b>, <b>con la renovaci\u00f3n de otros, y apostando por gente nueva, joven y mujeres<\/b>, apostando porqu\u00e9 todos los departamentos est\u00e9n representados en la medida de lo posible, pero sobretodo sabiendo, que qui\u00e9n entre a formar parte del comit\u00e9 de empresa por<b> CCOO<\/b>, defender\u00e1 los derechos de todos\/as los trabajadores\/as, independientemente de d\u00f3nde trabajen. <\/div>\n<div style=\"text-align: justify\">\n<\/div>\n<div style=\"clear: both;text-align: justify\">\n<a href=\"http:\/\/2.bp.blogspot.com\/-4dfsfPLHK14\/Tp8DIxQ6_sI\/AAAAAAAAAJ0\/PEx3wF5oRZE\/s1600\/images.jpg\" style=\"clear: right;float: right;margin-bottom: 1em;margin-left: 1em\"><img loading=\"lazy\" decoding=\"async\" border=\"0\" height=\"132\" src=\"http:\/\/2.bp.blogspot.com\/-4dfsfPLHK14\/Tp8DIxQ6_sI\/AAAAAAAAAJ0\/PEx3wF5oRZE\/s320\/images.jpg\" width=\"320\" \/><\/a><\/div>\n<div style=\"text-align: justify\">\nTenemos<b> ilusi\u00f3n, ganas y responsabilidad<\/b>, para afrontar otros 4 a\u00f1os, haciendo lo mejor que sabemos hacer,<b> trabajar, informar, apoyar y asesorar<\/b> en la medida de nuestras posibilidades, siempre siendo <b>sinceros y realistas<\/b>, sin llevar a nadie al enga\u00f1o.<\/div>\n<div style=\"text-align: justify\">\n<\/div>\n<div style=\"clear: both;text-align: justify\">\n<a href=\"http:\/\/1.bp.blogspot.com\/-5t1uloWLKbw\/TndSTGWEzOI\/AAAAAAAAAH0\/rqslHLbamIQ\/s1600\/urna.jpeg\" style=\"clear: left;float: left;margin-bottom: 1em;margin-right: 1em\"><img loading=\"lazy\" decoding=\"async\" border=\"0\" height=\"158\" src=\"http:\/\/1.bp.blogspot.com\/-5t1uloWLKbw\/TndSTGWEzOI\/AAAAAAAAAH0\/rqslHLbamIQ\/s200\/urna.jpeg\" width=\"200\" \/><\/a><\/div>\n<div style=\"text-align: justify\">\nQueremos contar con tu <b>voto a CCOO <\/b>el pr\u00f3ximo<b> Jueves 27 de Octubre<\/b> ( recuerda que<b> puedes ejercer tu derecho en horario laboral<\/b>), porqu\u00e9 consideramos que es <b>la mejor y \u00fanica defensa posible de nuestros derechos laborales<\/b>, queremos seguir trabajando por el bien com\u00fan de todos los trabajadores\/as.<\/div>\n<div style=\"text-align: justify\">\n<\/div>\n<div style=\"text-align: justify\">\nOs seguiremos informando <\/div>\n<div style=\"clear: both;text-align: center\">\n<a href=\"http:\/\/2.bp.blogspot.com\/-eEGkiwcuPPQ\/TYiCZIpRsVI\/AAAAAAAAAAU\/b10rnyLjz0s\/s1600\/seccio+sindical+BSM.bmp\" style=\"margin-left: 1em;margin-right: 1em\"><img loading=\"lazy\" decoding=\"async\" border=\"0\" height=\"61\" src=\"http:\/\/2.bp.blogspot.com\/-eEGkiwcuPPQ\/TYiCZIpRsVI\/AAAAAAAAAAU\/b10rnyLjz0s\/s200\/seccio+sindical+BSM.bmp\" width=\"200\" \/><\/a><\/div>\n<p><\/p>\n<div style=\"clear: both;text-align: center\">\n<\/div>\n","protected":false},"excerpt":{"rendered":"<p>Hoy d\u00eda 19 de Octubre, se han proclamado definitivamente todas las candidaturas que concurren al proceso electoral en BSM, tanto por el colegio de especialistas, como por el de t\u00e9cnicos. &#8230; <a title=\"CAMPA\u00d1A ELECTORAL BSM\" class=\"read-more\" href=\"https:\/\/ccoo.app\/barcelona-serveis-municipals\/campana-electoral-bsm\/\" aria-label=\"M\u00e9s informaci\u00f3 sobre CAMPA\u00d1A ELECTORAL BSM\">Read more<\/a><\/p>\n","protected":false},"author":4519,"featured_media":0,"comment_status":"closed","ping_status":"closed","sticky":false,"template":"","format":"standard","meta":{"footnotes":""},"categories":[1],"tags":[],"class_list":["post-3153","post","type-post","status-publish","format-standard","hentry","category-sin-categoria","generate-columns","tablet-grid-50","mobile-grid-100","grid-parent","grid-33"],"_links":{"self":[{"href":"https:\/\/ccoo.app\/barcelona-serveis-municipals\/wp-json\/wp\/v2\/posts\/3153","targetHints":{"allow":["GET"]}}],"collection":[{"href":"https:\/\/ccoo.app\/barcelona-serveis-municipals\/wp-json\/wp\/v2\/posts"}],"about":[{"href":"https:\/\/ccoo.app\/barcelona-serveis-municipals\/wp-json\/wp\/v2\/types\/post"}],"author":[{"embeddable":true,"href":"https:\/\/ccoo.app\/barcelona-serveis-municipals\/wp-json\/wp\/v2\/users\/4519"}],"replies":[{"embeddable":true,"href":"https:\/\/ccoo.app\/barcelona-serveis-municipals\/wp-json\/wp\/v2\/comments?post=3153"}],"version-history":[{"count":0,"href":"https:\/\/ccoo.app\/barcelona-serveis-municipals\/wp-json\/wp\/v2\/posts\/3153\/revisions"}],"wp:attachment":[{"href":"https:\/\/ccoo.app\/barcelona-serveis-municipals\/wp-json\/wp\/v2\/media?parent=3153"}],"wp:term":[{"taxonomy":"category","embeddable":true,"href":"https:\/\/ccoo.app\/barcelona-serveis-municipals\/wp-json\/wp\/v2\/categories?post=3153"},{"taxonomy":"post_tag","embeddable":true,"href":"https:\/\/ccoo.app\/barcelona-serveis-municipals\/wp-json\/wp\/v2\/tags?post=3153"}],"curies":[{"name":"wp","href":"https:\/\/api.w.org\/{rel}","templated":true}]}}