{"id":3151,"date":"2011-10-24T11:40:00","date_gmt":"2011-10-24T09:40:00","guid":{"rendered":"https:\/\/ccoo.app\/barcelona-serveis-municipals\/vota-ccoo_bsm\/"},"modified":"2011-10-24T11:40:00","modified_gmt":"2011-10-24T09:40:00","slug":"vota-ccoo_bsm","status":"publish","type":"post","link":"https:\/\/ccoo.app\/barcelona-serveis-municipals\/vota-ccoo_bsm\/","title":{"rendered":"VOTA CCOO_BSM"},"content":{"rendered":"<div style=\"clear: both;text-align: center\">\n<a href=\"http:\/\/4.bp.blogspot.com\/-zy9-KfFMP4s\/TqPgKEyS7ZI\/AAAAAAAAAKE\/2p_XKgbpEL4\/s1600\/som+la+garantia.jpg\" style=\"clear: right;float: right;margin-bottom: 1em;margin-left: 1em\"><img loading=\"lazy\" decoding=\"async\" border=\"0\" height=\"162\" src=\"http:\/\/4.bp.blogspot.com\/-zy9-KfFMP4s\/TqPgKEyS7ZI\/AAAAAAAAAKE\/2p_XKgbpEL4\/s200\/som+la+garantia.jpg\" width=\"200\" \/><\/a><\/div>\n<div style=\"text-align: justify\">\nEl pr\u00f3ximo <b>Jueves 27\/10\/2011<\/b> se realizar\u00e1n elecciones sindicales para la renovaci\u00f3n del Comit\u00e9 de Empresa de BSM <b>(<\/b><b>pod\u00e9is ejercer vuestro derecho en horario laboral).<\/b> No vamos a juzgar la labor de los sindicatos a nivel local, auton\u00f3mico, estatal,\u2026 <b>vamos a elegir a los trabajadores\/as que nos negociar\u00e1n el convenio, los calendarios, etc\u2026 en resumen las condiciones laborales en BSM.<\/b> Los\/as trabajadores\/as que salgan elegidos tendr\u00e1n la dif\u00edcil misi\u00f3n de representar a los\/as trabajadores\/as de BSM en un momento de crisis econ\u00f3mica.<\/div>\n<div style=\"text-align: justify\">\n<\/div>\n<div style=\"clear: both;text-align: justify\">\n<a href=\"http:\/\/1.bp.blogspot.com\/-ikv6SGq0zoo\/TYoYHogCgII\/AAAAAAAAABI\/Bnr6YCkSDJY\/s1600\/contenedor_amarillo.jpg\" style=\"clear: left;float: left;margin-bottom: 1em;margin-right: 1em\"><img loading=\"lazy\" decoding=\"async\" border=\"0\" height=\"182\" src=\"http:\/\/1.bp.blogspot.com\/-ikv6SGq0zoo\/TYoYHogCgII\/AAAAAAAAABI\/Bnr6YCkSDJY\/s200\/contenedor_amarillo.jpg\" width=\"200\" \/><\/a><\/div>\n<div style=\"text-align: justify\">\n<b>Gran responsabilidad a la hora de emitir el voto<\/b> ya que de todos depende el tener un <b>Comit\u00e9 de Empresa fuerte o un Comit\u00e9 lleno de \u201cpersonajes\u201d<\/b> que durante 4 a\u00f1os est\u00e1n instalados en el NO sin aportar nada, o otros que su mayor contribuci\u00f3n es organizar salidas en moto o<b> durante 4 a\u00f1os no cuelgan una sola nota<\/b> <b>informativa<\/b> y por \u00faltimo est\u00e1n los que durante todo su periodo de representantes sindicales est\u00e1n m\u00e1s pendientes de controlar a los otros sindicatos que de darse cuenta que est\u00e1 m\u00e1s cerca su disoluci\u00f3n que tener representantes en el futuro Comit\u00e9 de Empresa.<\/div>\n<div style=\"text-align: justify\">\n&nbsp; <\/div>\n<div style=\"clear: both;text-align: justify\">\n<a href=\"http:\/\/2.bp.blogspot.com\/-4dfsfPLHK14\/Tp8DIxQ6_sI\/AAAAAAAAAJ0\/PEx3wF5oRZE\/s1600\/images.jpg\" style=\"clear: right;float: right;margin-bottom: 1em;margin-left: 1em\"><img loading=\"lazy\" decoding=\"async\" border=\"0\" height=\"132\" src=\"http:\/\/2.bp.blogspot.com\/-4dfsfPLHK14\/Tp8DIxQ6_sI\/AAAAAAAAAJ0\/PEx3wF5oRZE\/s320\/images.jpg\" width=\"320\" \/><\/a><\/div>\n<div style=\"text-align: justify\">\nAnte este panorama s\u00f3lo<b> CCOO_BSM<\/b>, con sus virtudes y defectos, est\u00e1 preparada para afrontar este futuro poco claro. Por eso es muy importante que <b>votes por la candidatura de CCOO_BSM <\/b>y te olvides de otras opciones que podr\u00edan llevarnos al caos m\u00e1s absoluto y a la ruina por su forma de entender el sindicalismo: <b>no hago nada, no tomo responsabilidades y as\u00ed nunca me equivoco.<\/b><\/div>\n<div style=\"text-align: justify\">\n<\/div>\n<div style=\"clear: both;text-align: justify\">\n<\/div>\n<div style=\"text-align: justify\">\n<a href=\"http:\/\/4.bp.blogspot.com\/-CYvNzOejkFU\/ToscUQP1xaI\/AAAAAAAAAI8\/D3veBTkwVq8\/s1600\/Pensar+es+gratis.jpg\" style=\"clear: left;float: left;margin-bottom: 1em;margin-right: 1em\"><img loading=\"lazy\" decoding=\"async\" border=\"0\" height=\"106\" src=\"http:\/\/4.bp.blogspot.com\/-CYvNzOejkFU\/ToscUQP1xaI\/AAAAAAAAAI8\/D3veBTkwVq8\/s200\/Pensar+es+gratis.jpg\" width=\"200\" \/><\/a>Los candidatos\/as que formamos la lista de CCOO-BSM estamos preparados\/as para afrontar este futuro incierto, <b>nos gusta lo que hacemos, estamos cualificados para ello y estamos orgullosos de representar a CCOO_BSM y a todos\/as los trabajadores\/as de BSM.<\/b><\/div>\n<div style=\"text-align: justify\">\n<br \/>\nQueremos esta responsabilidad y estamos preparados para cargar con este peso.<\/div>\n<p><\/p>\n<div style=\"text-align: center\">\n<b>CONTRA LA ABSTENCI\u00d3N<\/b><\/div>\n<p><\/p>\n<div style=\"clear: both;text-align: center\">\n<a href=\"http:\/\/3.bp.blogspot.com\/-B2HOeNrqWnY\/TqPgcV-J1pI\/AAAAAAAAAKM\/49nE3fSirQg\/s1600\/316550_272238772811140_230249087010109_872149_1442321565_n.jpg\" style=\"clear: right;float: right;margin-bottom: 1em;margin-left: 1em\"><img loading=\"lazy\" decoding=\"async\" border=\"0\" height=\"201\" src=\"http:\/\/3.bp.blogspot.com\/-B2HOeNrqWnY\/TqPgcV-J1pI\/AAAAAAAAAKM\/49nE3fSirQg\/s320\/316550_272238772811140_230249087010109_872149_1442321565_n.jpg\" width=\"320\" \/><\/a><\/div>\n<div style=\"text-align: justify\">\nA todos\/as aquellos\/as que tienen pensado no ir a votar el pr\u00f3ximo d\u00eda 27\/10\/2011, queremos deciros desde CCOO-BSM que el Comit\u00e9 de Empresa de BSM lo formar\u00e1n <b>23 trabajadores\/as<\/b>. <b>Si no vais a votar seguir\u00e1n habiendo 23 trabajadores\/as,<\/b> pero con el peligro que haya mayor n\u00famero de<b> \u201cpersonajes\u201d<\/b>, que representan siglas muy respetables pero mal representadas y sindicatos en situaci\u00f3n precaria m\u00e1s cerca de desaparecer que de formar parte del Comit\u00e9, que <b>har\u00e1n que la representaci\u00f3n sindical en BSM, por su ineficacia, sea una t\u00edtere en manos de la Direcci\u00f3n de RR.HH.<\/b><\/div>\n<div style=\"clear: both;text-align: justify\">\n<\/div>\n<div style=\"text-align: justify\">\n<\/div>\n<div style=\"text-align: justify\">\n<\/div>\n<div style=\"text-align: justify\">\n<a href=\"http:\/\/2.bp.blogspot.com\/-ADsBZHvF7Z4\/TqPiGTSY7oI\/AAAAAAAAAKc\/EgQMHNS6tGg\/s1600\/bsm+tuti+colore.jpg\" style=\"clear: right;float: right;margin-bottom: 1em;margin-left: 1em\"><\/a>Desde CCOO-BSM os pedimos una 2\u00aa, 3\u00aa o 4\u00aa oportunidad (depende cada caso) por que vienen tiempos dif\u00edciles y <b>lo mejor para todos es tener un Comit\u00e9 de Empresa fuerte <\/b>para plantar cara<b> <\/b>a la Direcci\u00f3n de RR.HH. <b>Apostar por CCOO-BSM es la garant\u00eda que la Representaci\u00f3n de los\/as trabajadores\/as tendr\u00e1 la fuerza que necesita.&nbsp;<\/b><\/div>\n<p><\/p>\n<div style=\"clear: both;text-align: center\">\n<a href=\"http:\/\/2.bp.blogspot.com\/-ADsBZHvF7Z4\/TqPiGTSY7oI\/AAAAAAAAAKc\/EgQMHNS6tGg\/s1600\/bsm+tuti+colore.jpg\" style=\"clear: left;float: left;margin-bottom: 1em;margin-right: 1em\"><img loading=\"lazy\" decoding=\"async\" border=\"0\" height=\"108\" src=\"http:\/\/2.bp.blogspot.com\/-ADsBZHvF7Z4\/TqPiGTSY7oI\/AAAAAAAAAKc\/EgQMHNS6tGg\/s320\/bsm+tuti+colore.jpg\" width=\"320\" \/><\/a><\/div>\n<p><\/p>\n","protected":false},"excerpt":{"rendered":"<p>El pr\u00f3ximo Jueves 27\/10\/2011 se realizar\u00e1n elecciones sindicales para la renovaci\u00f3n del Comit\u00e9 de Empresa de BSM (pod\u00e9is ejercer vuestro derecho en horario laboral). No vamos a juzgar la labor &#8230; <a title=\"VOTA CCOO_BSM\" class=\"read-more\" href=\"https:\/\/ccoo.app\/barcelona-serveis-municipals\/vota-ccoo_bsm\/\" aria-label=\"M\u00e9s informaci\u00f3 sobre VOTA CCOO_BSM\">Read more<\/a><\/p>\n","protected":false},"author":4519,"featured_media":0,"comment_status":"closed","ping_status":"closed","sticky":false,"template":"","format":"standard","meta":{"footnotes":""},"categories":[1],"tags":[],"class_list":["post-3151","post","type-post","status-publish","format-standard","hentry","category-sin-categoria","generate-columns","tablet-grid-50","mobile-grid-100","grid-parent","grid-33"],"_links":{"self":[{"href":"https:\/\/ccoo.app\/barcelona-serveis-municipals\/wp-json\/wp\/v2\/posts\/3151","targetHints":{"allow":["GET"]}}],"collection":[{"href":"https:\/\/ccoo.app\/barcelona-serveis-municipals\/wp-json\/wp\/v2\/posts"}],"about":[{"href":"https:\/\/ccoo.app\/barcelona-serveis-municipals\/wp-json\/wp\/v2\/types\/post"}],"author":[{"embeddable":true,"href":"https:\/\/ccoo.app\/barcelona-serveis-municipals\/wp-json\/wp\/v2\/users\/4519"}],"replies":[{"embeddable":true,"href":"https:\/\/ccoo.app\/barcelona-serveis-municipals\/wp-json\/wp\/v2\/comments?post=3151"}],"version-history":[{"count":0,"href":"https:\/\/ccoo.app\/barcelona-serveis-municipals\/wp-json\/wp\/v2\/posts\/3151\/revisions"}],"wp:attachment":[{"href":"https:\/\/ccoo.app\/barcelona-serveis-municipals\/wp-json\/wp\/v2\/media?parent=3151"}],"wp:term":[{"taxonomy":"category","embeddable":true,"href":"https:\/\/ccoo.app\/barcelona-serveis-municipals\/wp-json\/wp\/v2\/categories?post=3151"},{"taxonomy":"post_tag","embeddable":true,"href":"https:\/\/ccoo.app\/barcelona-serveis-municipals\/wp-json\/wp\/v2\/tags?post=3151"}],"curies":[{"name":"wp","href":"https:\/\/api.w.org\/{rel}","templated":true}]}}