{"id":3149,"date":"2011-11-06T10:00:00","date_gmt":"2011-11-06T09:00:00","guid":{"rendered":"https:\/\/ccoo.app\/barcelona-serveis-municipals\/estacionamiento-autocares-sagrada-familia-y-park-guell\/"},"modified":"2011-11-06T10:00:00","modified_gmt":"2011-11-06T09:00:00","slug":"estacionamiento-autocares-sagrada-familia-y-park-guell","status":"publish","type":"post","link":"https:\/\/ccoo.app\/barcelona-serveis-municipals\/estacionamiento-autocares-sagrada-familia-y-park-guell\/","title":{"rendered":"ESTACIONAMIENTO AUTOCARES SAGRADA FAMILIA Y PARK G\u00dcELL"},"content":{"rendered":"<div style=\"clear: both;text-align: center\">\n<a href=\"http:\/\/1.bp.blogspot.com\/-u9VRWPzgbrk\/TrZKgSenbtI\/AAAAAAAAAMQ\/58qPLo3zKik\/s1600\/sagrada+familia.jpeg\" style=\"clear: left;float: left;margin-bottom: 1em;margin-right: 1em\"><img loading=\"lazy\" decoding=\"async\" border=\"0\" height=\"200\" src=\"http:\/\/1.bp.blogspot.com\/-u9VRWPzgbrk\/TrZKgSenbtI\/AAAAAAAAAMQ\/58qPLo3zKik\/s200\/sagrada+familia.jpeg\" width=\"150\" \/><\/a><\/div>\n<div style=\"text-align: justify\">\nDurante estos \u00faltimos d\u00edas, diversos representantes del equipo de gobierno municipal del Ayuntamiento de Barcelona, han manifestado que las zonas tur\u00edsticas de Sagrada Fam\u00edlia y Park G\u00fcell, sufrir\u00e1n diversos cambios, sobretodo en lo que hace referencia al estacionamiento de autocares.<\/div>\n<div style=\"text-align: justify\">\nEn cu\u00e1nto al estacionamiento de autocares en los alrededores de la Sagrada Familia, m\u00e1s en concreto en las <b>calles<\/b> <b>Marina y Sarde\u00f1a<\/b>, los representantes municipales han anunciado que se <b>suprimir\u00e1n dichos estacionamientos, para la pr\u00f3xima primavera de 2012<\/b>. Seg\u00fan comunican, <b>se crear\u00e1n m\u00e1s plazas en los alrededores de la Avenida Diagonal, y se har\u00e1n nuevos estacionamientos de autocares en los alrededores de la Monumental.&nbsp;<\/b><\/div>\n<div style=\"text-align: justify\">\n<\/div>\n<div style=\"clear: both;text-align: center\">\n<a href=\"http:\/\/1.bp.blogspot.com\/-4gBNLI_UoSw\/Tiv2LSSktgI\/AAAAAAAAAG8\/uIz1g1-DTSA\/s1600\/se%25C3%25B1al+coche+desencoche.jpg\" style=\"clear: right;float: right;margin-bottom: 1em;margin-left: 1em\"><img loading=\"lazy\" decoding=\"async\" border=\"0\" height=\"150\" src=\"http:\/\/1.bp.blogspot.com\/-4gBNLI_UoSw\/Tiv2LSSktgI\/AAAAAAAAAG8\/uIz1g1-DTSA\/s200\/se%25C3%25B1al+coche+desencoche.jpg\" width=\"200\" \/><\/a><\/div>\n<div style=\"text-align: justify\">\nCon estas medidas <b>intentan pacificar el tr\u00e1fico de autocares<\/b> en las confluencias de Marina, Sarde\u00f1a, Provenza y Mallorca, que tanto han reclamado los vecinos, y que incluso <b>ha tenido que haber un accidente<\/b> <b>grave<\/b> el pasado  24 de septiembre en la confluencia de las calles Mallorca y Marina ante<br \/>\n la bas\u00edlica, en el que resultaron heridas de gravedad dos mujeres de 28<br \/>\n y 54 a\u00f1os, y una ni\u00f1a de 10, todas ellas pertenecientes a la misma<br \/>\nfamilia.<\/div>\n<div style=\"text-align: justify\">\n<\/div>\n<div style=\"text-align: justify\">\n<\/div>\n<div style=\"clear: both;text-align: center\">\n<a href=\"http:\/\/1.bp.blogspot.com\/-REjobfQ_LYk\/TrZLHRTilOI\/AAAAAAAAAMg\/PE1Sz8BgYno\/s1600\/park+g%25C3%25BCell.jpeg\" style=\"clear: left;float: left;margin-bottom: 1em;margin-right: 1em\"><img loading=\"lazy\" decoding=\"async\" border=\"0\" height=\"149\" src=\"http:\/\/1.bp.blogspot.com\/-REjobfQ_LYk\/TrZLHRTilOI\/AAAAAAAAAMg\/PE1Sz8BgYno\/s200\/park+g%25C3%25BCell.jpeg\" width=\"200\" \/><\/a><\/div>\n<div style=\"text-align: justify\">\nEn cu\u00e1nto al estacionamiento de <b>autocares en el Park G\u00fcell, y el colapso continuo de tr\u00e1fico que se crea en los alrededores<\/b>,&nbsp; este mes se reunir\u00e1 por segunda vez la<br \/>\ncomisi\u00f3n creada entre Ayuntamiento y vecinos para planificar el futuro de<br \/>\n la instalaci\u00f3n. Sobre la mesa est\u00e1 concretar una <b>posible regulaci\u00f3n del<br \/>\n acceso al parque para evitar aglomeraciones<\/b>. Tambi\u00e9n, mejoras en la<br \/>\nmovilidad y sistemas para evitar que las estrechas calles de Gr\u00e0cia padezcan cada d\u00eda las molestias provocadas por el continuo goteo de<br \/>\nautocares tur\u00edsticos.&nbsp;<\/div>\n<div style=\"text-align: justify\">\n<\/div>\n<div style=\"text-align: justify\">\nPor la parte que nos afecta como trabajadores\/as de BSM, ninguna novedad al respecto, <b>ya que si suprimen determinadas zonas de estacionamiento de autocares, crean otras nuevas en los alrededores.<\/b><\/div>\n<div style=\"text-align: justify\">\n<b><br \/><\/b><\/div>\n<div style=\"text-align: justify\">\nOs seguiremos informando<b><\/b><\/div>\n<div style=\"text-align: justify\">\n<b><br \/><\/b><\/div>\n<div style=\"text-align: justify\">\n<span style=\"font-size: x-small\"><b>fuente <a href=\"http:\/\/www.lavanguardia.com\/local\/barcelona\/20111103\/54237758088\/barcelona-prohibira-a-los-buses-turisticos-acceder-al-entorno-de-la-sagrada-familia.html\">La Vanguardia <\/a>&nbsp; &nbsp;<a href=\"http:\/\/www.adn.es\/local\/barcelona\/20111104\/NWS-0207-Orden-turistico-boom.html\"> Diario ADN <\/a><\/b><\/span><\/div>\n<p><\/p>\n","protected":false},"excerpt":{"rendered":"<p>Durante estos \u00faltimos d\u00edas, diversos representantes del equipo de gobierno municipal del Ayuntamiento de Barcelona, han manifestado que las zonas tur\u00edsticas de Sagrada Fam\u00edlia y Park G\u00fcell, sufrir\u00e1n diversos cambios, &#8230; <a title=\"ESTACIONAMIENTO AUTOCARES SAGRADA FAMILIA Y PARK G\u00dcELL\" class=\"read-more\" href=\"https:\/\/ccoo.app\/barcelona-serveis-municipals\/estacionamiento-autocares-sagrada-familia-y-park-guell\/\" aria-label=\"M\u00e9s informaci\u00f3 sobre ESTACIONAMIENTO AUTOCARES SAGRADA FAMILIA Y PARK G\u00dcELL\">Read more<\/a><\/p>\n","protected":false},"author":4519,"featured_media":0,"comment_status":"closed","ping_status":"closed","sticky":false,"template":"","format":"standard","meta":{"footnotes":""},"categories":[1],"tags":[],"class_list":["post-3149","post","type-post","status-publish","format-standard","hentry","category-sin-categoria","generate-columns","tablet-grid-50","mobile-grid-100","grid-parent","grid-33"],"_links":{"self":[{"href":"https:\/\/ccoo.app\/barcelona-serveis-municipals\/wp-json\/wp\/v2\/posts\/3149","targetHints":{"allow":["GET"]}}],"collection":[{"href":"https:\/\/ccoo.app\/barcelona-serveis-municipals\/wp-json\/wp\/v2\/posts"}],"about":[{"href":"https:\/\/ccoo.app\/barcelona-serveis-municipals\/wp-json\/wp\/v2\/types\/post"}],"author":[{"embeddable":true,"href":"https:\/\/ccoo.app\/barcelona-serveis-municipals\/wp-json\/wp\/v2\/users\/4519"}],"replies":[{"embeddable":true,"href":"https:\/\/ccoo.app\/barcelona-serveis-municipals\/wp-json\/wp\/v2\/comments?post=3149"}],"version-history":[{"count":0,"href":"https:\/\/ccoo.app\/barcelona-serveis-municipals\/wp-json\/wp\/v2\/posts\/3149\/revisions"}],"wp:attachment":[{"href":"https:\/\/ccoo.app\/barcelona-serveis-municipals\/wp-json\/wp\/v2\/media?parent=3149"}],"wp:term":[{"taxonomy":"category","embeddable":true,"href":"https:\/\/ccoo.app\/barcelona-serveis-municipals\/wp-json\/wp\/v2\/categories?post=3149"},{"taxonomy":"post_tag","embeddable":true,"href":"https:\/\/ccoo.app\/barcelona-serveis-municipals\/wp-json\/wp\/v2\/tags?post=3149"}],"curies":[{"name":"wp","href":"https:\/\/api.w.org\/{rel}","templated":true}]}}