{"id":3146,"date":"2011-11-22T19:07:00","date_gmt":"2011-11-22T18:07:00","guid":{"rendered":"https:\/\/ccoo.app\/barcelona-serveis-municipals\/calendario-area-2012-y-otras-cuestiones\/"},"modified":"2011-11-22T19:07:00","modified_gmt":"2011-11-22T18:07:00","slug":"calendario-area-2012-y-otras-cuestiones","status":"publish","type":"post","link":"https:\/\/ccoo.app\/barcelona-serveis-municipals\/calendario-area-2012-y-otras-cuestiones\/","title":{"rendered":"CALENDARIO AREA 2012 Y OTRAS CUESTIONES"},"content":{"rendered":"<p><!--[if !mso]&gt;--><\/p>\n<p><!--[if gte mso 9]&gt;--><\/p>\n<p>  Normal<br \/>\n  0<\/p>\n<p>  21<\/p>\n<p>  false<br \/>\n  false<br \/>\n  false<\/p>\n<p>  ES<br \/>\n  X-NONE<br \/>\n  X-NONE<\/p>\n<p><!--[if gte mso 9]&gt;--><\/p>\n<p><!--[if gte mso 10]&gt;--><\/p>\n<p><\/p>\n<div style=\"margin-bottom: 10pt;text-align: justify\">\n<a href=\"http:\/\/3.bp.blogspot.com\/-Rss4oLI-qlI\/TbByN9a0PbI\/AAAAAAAAADY\/scCbNZsHIPE\/s1600\/area+verde.jpg\" style=\"clear: right;float: right;margin-bottom: 1em;margin-left: 1em\"><img decoding=\"async\" border=\"0\" src=\"http:\/\/3.bp.blogspot.com\/-Rss4oLI-qlI\/TbByN9a0PbI\/AAAAAAAAADY\/scCbNZsHIPE\/s1600\/area+verde.jpg\" \/><\/a><span style=\"color: #2a2a2a\">La Secci\u00f3n Sindical de <b>CCOO_BSM<\/b> quiere manifestar su posici\u00f3n ante la negociaci\u00f3n de los <b>Calendarios 2012 y otras cuestiones que<br \/>\nafectan al Departamento de AREA:<\/b><\/span><\/div>\n<div style=\"text-align: justify\">\n<\/div>\n<div style=\"margin-bottom: 10pt;text-align: justify\">\n<span style=\"color: #2a2a2a\">Desde el a\u00f1o <b>2006<\/b><br \/>\nla representaci\u00f3n social&nbsp;ha acordado que los <b>S\u00e1bados Puente (P)<\/b> se trabajen con personal voluntario y si no hay,<br \/>\nse seleccione<span>&nbsp; <\/span>de una lista de todos los<br \/>\nvigilantes con criterios de antig\u00fcedad.&nbsp;Esto incumple&nbsp;el convenio<br \/>\nart. 105 <b>(acuerdos vigentes a\u00f1o 94)<\/b>.<br \/>\nEstos acuerdos marcan los criterios que deben seguir los calendarios laborales<br \/>\ndel Departamento de AREA y cualquier modificaci\u00f3n debe acordarse por ambas<br \/>\npartes. Cuando la Representaci\u00f3n Social acord\u00f3 para el a\u00f1o <b>2006<\/b> trabajar los <b>S\u00e1bados P<\/b>,<br \/>\nfue de manera provisional para m\u00e1s adelante encontrar una soluci\u00f3n que fuera<br \/>\ndel agrado de ambas partes (Comit\u00e9-RR.HH.). Fueron pasando los a\u00f1os y por<br \/>\ndiversas razones se ha ido repitiendo la situaci\u00f3n, un acto de buena voluntad<br \/>\nde la Representaci\u00f3n Social, no reconocido por la Direcci\u00f3n de RR.HH. Y la<br \/>\nsoluci\u00f3n, la hemos tenido delante todos estos a\u00f1os, apareci\u00f3 a mediados del a\u00f1o<br \/>\n2006 cuando se empez\u00f3 a trabajar los <b>domingos<br \/>\ny festivos<\/b> de forma voluntaria. El tiempo ha pasado pero no debemos olvidar<br \/>\nque los <b>S\u00e1bados P<\/b> son un derecho de<br \/>\nlos trabajadores de AREA recogido en el convenio y la vigencia de los<br \/>\ncalendarios dura lo que dura el a\u00f1o. La soluci\u00f3n esta clar\u00edsima, desde el punto<br \/>\nde vista de <b>CCOO_BSM<\/b> los <b>S\u00e1bados Puente <\/b>deben tener el mismo<br \/>\ntrato que un <b>domingo o festivo <\/b>(en<br \/>\nEnero&nbsp;del 2006 no se trabajaban)&nbsp; ya que para nosotros son d\u00edas<br \/>\nfestivos. Ser\u00eda una posibilidad de acuerdo en esta cuesti\u00f3n. <\/span><\/div>\n<div style=\"clear: both;text-align: center\">\n<a href=\"http:\/\/4.bp.blogspot.com\/-UBzU2fvFl2U\/Tsvf4ArENrI\/AAAAAAAAANw\/9eJCnxLdMQg\/s1600\/incumplimiento+laboral.jpg\" style=\"clear: left;float: left;margin-bottom: 1em;margin-right: 1em\"><img loading=\"lazy\" decoding=\"async\" border=\"0\" height=\"200\" src=\"http:\/\/4.bp.blogspot.com\/-UBzU2fvFl2U\/Tsvf4ArENrI\/AAAAAAAAANw\/9eJCnxLdMQg\/s200\/incumplimiento+laboral.jpg\" width=\"191\" \/><\/a><\/div>\n<div style=\"margin-bottom: 10pt;text-align: justify\">\n<span style=\"color: #2a2a2a\">Tambi\u00e9n hacer hincapi\u00e9 que desde RR.HH. y el<br \/>\nDepartamento de AREA no <b>respetan<\/b>, entre otras cuestiones; materias claramente<br \/>\nacordadas que a continuaci\u00f3n detallamos:<\/span><\/div>\n<ul>\n<li><span style=\"color: #2a2a2a;font-family: Symbol\"><span><span><\/span><\/span><\/span><span style=\"color: #2a2a2a\"><b>Calculo de<br \/>\nlas minis y su recuperaci\u00f3n<\/b>. Calculo jornada es semanal y el computo<br \/>\ncuatrisemanal. En caso de faltar al trabajo solo se computan d\u00edas de baja por <b>ILT<\/b> y solo se deben compensar cuando se<br \/>\nacumulan&nbsp;d\u00edas&nbsp;enteros (es necesario estar entre 55 y 58 d\u00edas de baja<br \/>\npara que te puedan pedir una compensaci\u00f3n de d\u00edas de minis). Art. 33 y Art 105<br \/>\nConvenio Colectivo (Acuerdos del 94)<\/span><span style=\"color: #2a2a2a;font-family: Symbol\"><span><span>&nbsp;<\/span><\/span><\/span><\/li>\n<\/ul>\n<ul>\n<li><span style=\"color: #2a2a2a;font-family: Symbol\"><span><span> <\/span><\/span><\/span><span style=\"color: #2a2a2a\">No<br \/>\nentregan <b>listado orden de perjudicados turnos 2012<\/b> para seguir un control por<br \/>\nla Representaci\u00f3n Social. Art 105 Convenio Colectivo (Acuerdos AREA Verde 2005).<\/span><\/li>\n<\/ul>\n<ul>\n<li><span style=\"color: #2a2a2a;font-family: Symbol\"><span><span>&nbsp;<\/span><\/span><\/span><span style=\"color: #2a2a2a\">No<br \/>\nentregan <b>listado de trabajadores perjudicados minis<\/b> para poder seguir el<br \/>\ncontrol por parte de la Representaci\u00f3n Social. Y adem\u00e1s de forma unilateral,<br \/>\nsin informar a la Representaci\u00f3n Social<\/span><span style=\"color: #2a2a2a\"> denegaron los asuntos personales en la semana del 12 de octubre.<\/span><\/li>\n<\/ul>\n<ul>\n<li><span style=\"color: #2a2a2a;font-family: Symbol\"><span><span><span style=\"font-size: small\">Es<\/span><\/span><\/span><\/span><span style=\"color: #2a2a2a\">tablecer un <b>sistema de elecci\u00f3n de Macros<\/b>. Art 105 Convenio<br \/>\nColectivo (Acuerdo AREA Verde) La situaci\u00f3n actual depende de la buena voluntad<br \/>\nde la Direcci\u00f3n del Departamento, si bien nuestro objetivo siempre ser\u00e1 la<br \/>\n<b>elecci\u00f3n de dep\u00f3sito<\/b><\/span><span style=\"color: #2a2a2a\"><\/span><\/li>\n<\/ul>\n<ul>\n<li><span style=\"color: #2a2a2a;font-family: Symbol\"><span><span><\/span><\/span><\/span><span style=\"color: #2a2a2a\">Y como \u00faltima novedad, niegan derechos hist\u00f3ricos como los<br \/>\n<b>cambios de turno<\/b>.<\/span><span style=\"color: #2a2a2a\"><\/span><\/li>\n<\/ul>\n<div style=\"text-align: justify\">\n<\/div>\n<div style=\"clear: both;text-align: justify\">\n<a href=\"http:\/\/1.bp.blogspot.com\/-1BJIdf3u5uM\/TsvZJS6VB4I\/AAAAAAAAANY\/lUlmhGb2fz8\/s1600\/respeto.jpg\" style=\"clear: right;float: right;margin-bottom: 1em;margin-left: 1em\"><img decoding=\"async\" border=\"0\" src=\"http:\/\/1.bp.blogspot.com\/-1BJIdf3u5uM\/TsvZJS6VB4I\/AAAAAAAAANY\/lUlmhGb2fz8\/s1600\/respeto.jpg\" \/><\/a><\/div>\n<div style=\"margin-bottom: 10pt;text-align: justify\">\n<span style=\"color: #2a2a2a\"><\/span><span style=\"color: #2a2a2a\"><\/span>Ante esta situaci\u00f3n: \u00bfQui\u00e9n va a sentarse a<br \/>\nnegociar nada con la Direcci\u00f3n de RR.HH. y el Departamento de AREA? El que lo<br \/>\nhaga se sienta con el acta de rendici\u00f3n en la mano. Para que acordar nada con<br \/>\nquien no cumple y se salta los acuerdos.<\/div>\n<div style=\"text-align: justify\">\n<span style=\"color: #2a2a2a\"><\/span><\/div>\n<div style=\"margin-bottom: 10pt;text-align: justify\">\n<\/div>\n<div style=\"margin-bottom: 10pt;text-align: justify\">\n<span style=\"color: #2a2a2a\">Llevamos a\u00f1os reclamando la <b>eliminaci\u00f3n del d\u00eda de doblaje<\/b>, entre otros asuntos, haciendo la<br \/>\nempresa o\u00eddos sordos, o lo que es peor, haciendo propuestas del todo<br \/>\ndescabelladas para los trabajadores\/as. <\/span><\/div>\n<div style=\"text-align: justify\">\n<\/div>\n<div style=\"clear: both;text-align: justify\">\n<a href=\"http:\/\/4.bp.blogspot.com\/-PSJqVutGhd8\/TsvaCTKxu_I\/AAAAAAAAANg\/jqkS3iy-3vQ\/s1600\/convenio+colectivo.jpg\" style=\"clear: left;float: left;margin-bottom: 1em;margin-right: 1em\"><img decoding=\"async\" border=\"0\" src=\"http:\/\/4.bp.blogspot.com\/-PSJqVutGhd8\/TsvaCTKxu_I\/AAAAAAAAANg\/jqkS3iy-3vQ\/s1600\/convenio+colectivo.jpg\" \/><\/a><\/div>\n<div style=\"margin-bottom: 10pt;text-align: justify\">\n<b><span style=\"color: #2a2a2a\">CCOO_BSM<\/span><\/b><span style=\"color: #2a2a2a\"> siempre ha sido una Secci\u00f3n Sindical que ha<br \/>\nintentado solucionar los problemas con la negociaci\u00f3n y buscando puntos en<br \/>\ncom\u00fan, en algunas ocasiones no bien entendido por los trabajadores\/as. Estamos<br \/>\ndispuestos a negociar y a hablar sobre todo lo que afecta al Departamento de<br \/>\nAREA y sus trabajadores\/as. Pero el punto de partida son los acuerdos vigentes:<br \/>\nS\u00e1bados Puentes son festivos, las reducciones se calculan con los criterios de<br \/>\nantes del 2009, la interpretaci\u00f3n del Art 34 del Convenio Colectivo por RR.HH.<br \/>\nno es la acordada, la compensaci\u00f3n de las minivacaciones se hace respetando los<br \/>\nacuerdos, etc\u2026 <\/span><\/div>\n<div style=\"margin-bottom: 10pt;text-align: justify\">\n<span style=\"color: #2a2a2a\">Exigimos el leg\u00edtimo derecho de que <b>se respeten los<br \/>\npactos establecidos entre Representaci\u00f3n Social y Direcci\u00f3n de RR.HH<\/b>. No<br \/>\naceptamos el punto de partida actual de la Direcci\u00f3n de RR.HH ni del<br \/>\nDepartamento de AREA porque est\u00e1 impuesto y no est\u00e1 recogido en ning\u00fan acuerdo,<br \/>\npacto, ni en el Convenio Colectivo que ambas partes pactamos. Aunque parece que<br \/>\nuna de las partes no tiene intenci\u00f3n de respetarlo. <\/span><\/div>\n<div style=\"margin-bottom: 10pt;text-align: justify\">\n<span style=\"color: #2a2a2a\">Estamos a disposici\u00f3n de La Direcci\u00f3n de RR.HH. y<br \/>\ndel Departamento de AREA para tratar las cuestiones que nos afectan pero con un<br \/>\ntrato de <b>respeto mutuo<\/b>. De igual a igual. Y hacemos un llamamiento al resto de<br \/>\nRepresentaci\u00f3n Social para que se sume a esta propuesta.<\/span><\/div>\n<div style=\"text-align: justify\">\n<\/div>\n<div style=\"clear: both;text-align: justify\">\n<a href=\"http:\/\/4.bp.blogspot.com\/-RoPibgDr8NQ\/TsvahihygfI\/AAAAAAAAANo\/jFwf1oxS_0E\/s1600\/responsabilidad.jpg\" style=\"clear: right;float: right;margin-bottom: 1em;margin-left: 1em\"><img decoding=\"async\" border=\"0\" src=\"http:\/\/4.bp.blogspot.com\/-RoPibgDr8NQ\/TsvahihygfI\/AAAAAAAAANo\/jFwf1oxS_0E\/s1600\/responsabilidad.jpg\" \/><\/a><\/div>\n<div style=\"margin-bottom: 10pt;text-align: justify\">\n<span style=\"color: #2a2a2a\">Muchos os preguntareis \u00bfporque ahora <b>CCOO_BSM<\/b> toma esta postura? Pues muy<br \/>\nsencillo: no queda un solo argumento que defienda una actitud constructiva<br \/>\nrespecto a la Direcci\u00f3n de RR.HH. y del Departamento AREA.<\/span><\/div>\n<div style=\"margin-bottom: 10pt;text-align: justify\">\n<span style=\"color: #2a2a2a\">Lo m\u00e1s c\u00f3modo seria decir no a todo y sentarse a<br \/>\nesperar pero nunca ha sido la pol\u00edtica de <b>CCOO_BSM,<br \/>\n<\/b>la formamos<b> <\/b>personas con<br \/>\nresponsabilidad y compromiso y somos los primeros interesados en que nuestra<br \/>\nempresa funcione bien, pero no a este precio\u2026<\/span><\/div>\n<div style=\"background: none repeat scroll 0% 0% white;text-align: justify\">\n<span style=\"color: #2a2a2a\">La raz\u00f3n est\u00e1 de nuestra<br \/>\nparte, trabajadores\/as del AREA esto afecta a todos\/as. <b>Son nuestros derechos,<br \/>\nnuestra calidad de vida, nuestro d\u00eda a d\u00eda. Nuestra dignidad como<br \/>\ntrabajadores\/as.<\/b><\/span><\/div>\n<div style=\"background: none repeat scroll 0% 0% white;text-align: justify\">\n<\/div>\n<div style=\"background: none repeat scroll 0% 0% white;text-align: center\">\n<b><span style=\"color: #2a2a2a;font-size: 36.0pt\">DIGAMOS: \u00a1BASTA!<\/span><\/b><span style=\"color: #2a2a2a\"><\/span><\/div>\n<div style=\"text-align: justify\">\n<\/div>\n","protected":false},"excerpt":{"rendered":"<p>Normal 0 21 false false false ES X-NONE X-NONE La Secci\u00f3n Sindical de CCOO_BSM quiere manifestar su posici\u00f3n ante la negociaci\u00f3n de los Calendarios 2012 y otras cuestiones que afectan &#8230; <a title=\"CALENDARIO AREA 2012 Y OTRAS CUESTIONES\" class=\"read-more\" href=\"https:\/\/ccoo.app\/barcelona-serveis-municipals\/calendario-area-2012-y-otras-cuestiones\/\" aria-label=\"M\u00e9s informaci\u00f3 sobre CALENDARIO AREA 2012 Y OTRAS CUESTIONES\">Read more<\/a><\/p>\n","protected":false},"author":4519,"featured_media":0,"comment_status":"closed","ping_status":"closed","sticky":false,"template":"","format":"standard","meta":{"footnotes":""},"categories":[1],"tags":[],"class_list":["post-3146","post","type-post","status-publish","format-standard","hentry","category-sin-categoria","generate-columns","tablet-grid-50","mobile-grid-100","grid-parent","grid-33"],"_links":{"self":[{"href":"https:\/\/ccoo.app\/barcelona-serveis-municipals\/wp-json\/wp\/v2\/posts\/3146","targetHints":{"allow":["GET"]}}],"collection":[{"href":"https:\/\/ccoo.app\/barcelona-serveis-municipals\/wp-json\/wp\/v2\/posts"}],"about":[{"href":"https:\/\/ccoo.app\/barcelona-serveis-municipals\/wp-json\/wp\/v2\/types\/post"}],"author":[{"embeddable":true,"href":"https:\/\/ccoo.app\/barcelona-serveis-municipals\/wp-json\/wp\/v2\/users\/4519"}],"replies":[{"embeddable":true,"href":"https:\/\/ccoo.app\/barcelona-serveis-municipals\/wp-json\/wp\/v2\/comments?post=3146"}],"version-history":[{"count":0,"href":"https:\/\/ccoo.app\/barcelona-serveis-municipals\/wp-json\/wp\/v2\/posts\/3146\/revisions"}],"wp:attachment":[{"href":"https:\/\/ccoo.app\/barcelona-serveis-municipals\/wp-json\/wp\/v2\/media?parent=3146"}],"wp:term":[{"taxonomy":"category","embeddable":true,"href":"https:\/\/ccoo.app\/barcelona-serveis-municipals\/wp-json\/wp\/v2\/categories?post=3146"},{"taxonomy":"post_tag","embeddable":true,"href":"https:\/\/ccoo.app\/barcelona-serveis-municipals\/wp-json\/wp\/v2\/tags?post=3146"}],"curies":[{"name":"wp","href":"https:\/\/api.w.org\/{rel}","templated":true}]}}