{"id":3144,"date":"2011-11-23T11:14:00","date_gmt":"2011-11-23T10:14:00","guid":{"rendered":"https:\/\/ccoo.app\/barcelona-serveis-municipals\/cancelacion-antecedentes-laborales-en-bsm\/"},"modified":"2011-11-23T11:14:00","modified_gmt":"2011-11-23T10:14:00","slug":"cancelacion-antecedentes-laborales-en-bsm","status":"publish","type":"post","link":"https:\/\/ccoo.app\/barcelona-serveis-municipals\/cancelacion-antecedentes-laborales-en-bsm\/","title":{"rendered":"CANCELACI\u00d3N ANTECEDENTES LABORALES EN BSM"},"content":{"rendered":"<div style=\"clear: both;text-align: center\">\n<a href=\"http:\/\/4.bp.blogspot.com\/-O5GnQQmqs5k\/Tsy_uBMTmII\/AAAAAAAAAOM\/8cy6kEDR3Lc\/s1600\/antecedentes.jpg\" style=\"clear: left;float: left;margin-bottom: 1em;margin-right: 1em\"><img loading=\"lazy\" decoding=\"async\" border=\"0\" height=\"85\" src=\"http:\/\/4.bp.blogspot.com\/-O5GnQQmqs5k\/Tsy_uBMTmII\/AAAAAAAAAOM\/8cy6kEDR3Lc\/s200\/antecedentes.jpg\" width=\"200\" \/><\/a><\/div>\n<div style=\"font-family: inherit;text-align: justify\">\n<span style=\"font-size: small\">A principios de este a\u00f1o 2011, el comit\u00e9 de empresa de BSM, decidi\u00f3, iniciar tr\u00e1mites judiciales contra la Direcci\u00f3n de la empresa, por no cumplir con lo que establece el art\u00edculo 59 del convenio colectivo de BSM, sobre cancelaci\u00f3n de antecedentes: <\/span><\/p>\n<\/div>\n<div style=\"clear: both;text-align: justify\">\n<span style=\"font-size: small\"><a href=\"http:\/\/2.bp.blogspot.com\/-i74L7vefC1Y\/TeicA1kwehI\/AAAAAAAAAFU\/QD8-xLwLUIM\/s1600\/%252CDanaInfo%253Dvmportal%252BFile_18_11457_403_18_Imatge-Conveni-bsm.png\" style=\"clear: right;float: right;margin-bottom: 1em;margin-left: 1em\"><img loading=\"lazy\" decoding=\"async\" border=\"0\" height=\"200\" src=\"http:\/\/2.bp.blogspot.com\/-i74L7vefC1Y\/TeicA1kwehI\/AAAAAAAAAFU\/QD8-xLwLUIM\/s200\/%252CDanaInfo%253Dvmportal%252BFile_18_11457_403_18_Imatge-Conveni-bsm.png\" width=\"151\" \/><\/a><\/span><\/div>\n<div style=\"font-family: inherit;margin: 5pt -14.2pt 5pt 14.2pt;text-align: justify\">\n<span style=\"font-size: small\">&#8220;La<br \/>\nempresa cancelar\u00e1 las notas desfavorables por sanciones obrantes en los<br \/>\nexpedientes personales de los trabajadores\/as, de no haberse producido nueva<br \/>\nfalta de cualquier clase o graduaci\u00f3n. Para que proceda dicha cancelaci\u00f3n el<br \/>\ntrabajador\/a deber\u00e1 haber observado una conducta intachable durante los siguientes<br \/>\nper\u00edodos de tiempo:<\/span><\/div>\n<div style=\"font-family: inherit;margin: 5pt -14.2pt 5pt 14.2pt;text-align: justify\">\n<span style=\"font-size: small\">a)&nbsp;3<br \/>\nmeses para la cancelaci\u00f3n de faltas leves. <\/span><\/div>\n<div style=\"font-family: inherit;margin: 5pt -14.2pt 5pt 14.2pt;text-align: justify\">\n<span style=\"font-size: small\">b)&nbsp;6<br \/>\nmeses para la cancelaci\u00f3n de faltas graves. <\/span><\/div>\n<div style=\"text-align: justify\">\n<\/div>\n<div style=\"font-family: inherit;margin: 5pt -14.2pt 5pt 14.2pt;text-align: justify\">\n<span style=\"font-size: small\">c)&nbsp;1<br \/>\na\u00f1o para la cancelaci\u00f3n de faltas muy graves.&#8221;<\/span><\/div>\n<div style=\"text-align: justify\">\n<\/div>\n<div style=\"text-align: justify\">\n<span style=\"font-size: small\">De todos los trabajadores\/as que han sido expedientados\/as, era de sobra conocido esta actuaci\u00f3n de la Direcci\u00f3n, d\u00f3nde les hac\u00edan constar como historial disciplinario supuestas faltas realizadas incluso 4 a\u00f1os atr\u00e1s.<\/span><\/div>\n<div style=\"clear: both;text-align: justify\">\n<span style=\"font-size: small\"><a href=\"http:\/\/3.bp.blogspot.com\/-G8PcCP2WBMI\/Tsy_7_-dZcI\/AAAAAAAAAOU\/b8aY8_0ZcX8\/s1600\/mazo+juicio.jpg\" style=\"clear: left;float: left;margin-bottom: 1em;margin-right: 1em\"><img loading=\"lazy\" decoding=\"async\" border=\"0\" height=\"132\" src=\"http:\/\/3.bp.blogspot.com\/-G8PcCP2WBMI\/Tsy_7_-dZcI\/AAAAAAAAAOU\/b8aY8_0ZcX8\/s200\/mazo+juicio.jpg\" width=\"200\" \/><\/a><\/span><\/div>\n<div style=\"text-align: justify\">\n<span style=\"font-size: small\">Pues bien, el pasado Lunes 7 de Noviembre tuvo lugar el juicio, despu\u00e9s de los sucesivos intentos de acuerdo que hubo por parte de la representaci\u00f3n social a trav\u00e9s del TLC, o de la mediaci\u00f3n de la Generalitat. Ayer 22 de Noviembre, <b>recibimos la sentencia<\/b> en nuestro gabinete jur\u00eddico,<b> la cu\u00e1l nos da la raz\u00f3n <\/b>a la representaci\u00f3n social<b> y declarando que la empresa vulnera el art. 59 del Convenio Colectivo,<\/b> al introducir en el pliego de cargos, el denominado &#8220;Historial Disciplinario&#8221;, de faltas ya canceladas por haberse excedido los plazos al efecto establecidos, conden\u00e1ndola a estar y pasar por esta declaraci\u00f3n, as\u00ed como a suprimir el &#8220;Historial Disciplinario&#8221; en los pliegos de cargo, en relaci\u00f3n a las sanciones que hayan debido quedar canceladas.<\/span><\/div>\n<div style=\"text-align: justify\">\n<\/div>\n<div style=\"text-align: justify\">\n<span style=\"font-size: small\">La Direcci\u00f3n de la empresa, puede interponer recurso de suplicaci\u00f3n, contra esta sentencia, si bien esperamos que entren en <b>cordura<\/b>,<b> y acaten dicha sentencia<\/b>, que no es m\u00e1s que el reflejo de lo que est\u00e1 pactado en convenio.<\/span><\/p>\n<\/div>\n","protected":false},"excerpt":{"rendered":"<p>A principios de este a\u00f1o 2011, el comit\u00e9 de empresa de BSM, decidi\u00f3, iniciar tr\u00e1mites judiciales contra la Direcci\u00f3n de la empresa, por no cumplir con lo que establece el &#8230; <a title=\"CANCELACI\u00d3N ANTECEDENTES LABORALES EN BSM\" class=\"read-more\" href=\"https:\/\/ccoo.app\/barcelona-serveis-municipals\/cancelacion-antecedentes-laborales-en-bsm\/\" aria-label=\"M\u00e9s informaci\u00f3 sobre CANCELACI\u00d3N ANTECEDENTES LABORALES EN BSM\">Read more<\/a><\/p>\n","protected":false},"author":4519,"featured_media":0,"comment_status":"closed","ping_status":"closed","sticky":false,"template":"","format":"standard","meta":{"footnotes":""},"categories":[1],"tags":[],"class_list":["post-3144","post","type-post","status-publish","format-standard","hentry","category-sin-categoria","generate-columns","tablet-grid-50","mobile-grid-100","grid-parent","grid-33"],"_links":{"self":[{"href":"https:\/\/ccoo.app\/barcelona-serveis-municipals\/wp-json\/wp\/v2\/posts\/3144","targetHints":{"allow":["GET"]}}],"collection":[{"href":"https:\/\/ccoo.app\/barcelona-serveis-municipals\/wp-json\/wp\/v2\/posts"}],"about":[{"href":"https:\/\/ccoo.app\/barcelona-serveis-municipals\/wp-json\/wp\/v2\/types\/post"}],"author":[{"embeddable":true,"href":"https:\/\/ccoo.app\/barcelona-serveis-municipals\/wp-json\/wp\/v2\/users\/4519"}],"replies":[{"embeddable":true,"href":"https:\/\/ccoo.app\/barcelona-serveis-municipals\/wp-json\/wp\/v2\/comments?post=3144"}],"version-history":[{"count":0,"href":"https:\/\/ccoo.app\/barcelona-serveis-municipals\/wp-json\/wp\/v2\/posts\/3144\/revisions"}],"wp:attachment":[{"href":"https:\/\/ccoo.app\/barcelona-serveis-municipals\/wp-json\/wp\/v2\/media?parent=3144"}],"wp:term":[{"taxonomy":"category","embeddable":true,"href":"https:\/\/ccoo.app\/barcelona-serveis-municipals\/wp-json\/wp\/v2\/categories?post=3144"},{"taxonomy":"post_tag","embeddable":true,"href":"https:\/\/ccoo.app\/barcelona-serveis-municipals\/wp-json\/wp\/v2\/tags?post=3144"}],"curies":[{"name":"wp","href":"https:\/\/api.w.org\/{rel}","templated":true}]}}